{"id":11004,"date":"2026-04-27T23:19:18","date_gmt":"2026-04-27T19:49:18","guid":{"rendered":"https:\/\/fajr.news\/?p=11004"},"modified":"2026-04-27T23:19:18","modified_gmt":"2026-04-27T19:49:18","slug":"orta-doguda-gerilim-tirmanirken-irandan-diplomatik-cabalar-siyonist-rejimden-ateskes-ihlali","status":"publish","type":"post","link":"https:\/\/fajr.news\/?p=11004&lang=tr","title":{"rendered":"Orta Do\u011fu&#8217;da Gerilim T\u0131rman\u0131rken: \u0130ran&#8217;dan Diplomatik \u00c7abalar, Siyonist Rejimden Ate\u015fkes \u0130hlali"},"content":{"rendered":"<div class=\"news-article\">\n<header>\n<h1>Orta Do\u011fu&#8217;da Gerilim T\u0131rman\u0131rken: \u0130ran&#8217;dan Diplomatik \u00c7abalar, Siyonist Rejimden Ate\u015fkes \u0130hlali<\/h1>\n<p>B\u00f6lgedeki tansiyon y\u00fckselmeye devam ederken, \u0130ran \u0130slam Cumhuriyeti diplomatik kanallar\u0131 a\u00e7\u0131k tutma \u00e7abas\u0131nda. Ancak ABD&#8217;nin d\u00fc\u015fmanca ad\u0131mlar\u0131 ve Siyonist rejimin ate\u015fkes ihlalleri b\u00f6lgedeki istikrars\u0131zl\u0131\u011f\u0131 derinle\u015ftiriyor.<\/p>\n<\/header>\n<section>\n<h2><span class=\"highlight\">B\u00f6lgedeki Son Durum ve Diplomatik \u00c7abalar<\/span><\/h2>\n<p>Orta Do\u011fu&#8217;da gerilim ve istikrars\u0131zl\u0131k <strong>endi\u015fe verici boyutlarda<\/strong> seyretmeye devam ediyor. \u0130slamabad&#8217;da \u0130ran ve ABD aras\u0131nda ger\u00e7ekle\u015fti\u011fi bildirilen g\u00f6r\u00fc\u015fmeler, yaln\u0131zca bir diyalog kurma \u00e7abas\u0131n\u0131 yans\u0131tmaktad\u0131r. Bu temaslar <em>d\u00fczensizdir<\/em> ve hen\u00fcz somut bir sonu\u00e7 vermemi\u015ftir. Bu durum, ABD&#8217;nin b\u00f6lgedeki <strong>provokatif eylemleri<\/strong> g\u00f6z \u00f6n\u00fcne al\u0131nd\u0131\u011f\u0131nda, diplomatik ilerlemenin \u00f6n\u00fcndeki engelleri a\u00e7\u0131k\u00e7a ortaya koymaktad\u0131r.<\/p>\n<p>ABD Merkez Kuvvetler Komutanl\u0131\u011f\u0131 (CENTCOM) taraf\u0131ndan yap\u0131lan a\u00e7\u0131klamaya g\u00f6re, deniz ablukas\u0131n\u0131n ba\u015flang\u0131c\u0131ndan bu yana ABD donanma gemileri ve helikopterleri, \u0130ran ile ba\u011flant\u0131l\u0131 <strong>38 ticari gemiye el koymu\u015ftur<\/strong>. Bu t\u00fcr <em>tek tarafl\u0131 ve d\u00fc\u015fmanca ad\u0131mlar<\/em>, b\u00f6lgedeki gerilimi t\u0131rmand\u0131rmakta ve diplomatik \u00e7\u00f6z\u00fcm aray\u0131\u015flar\u0131n\u0131 sekteye u\u011fratmaktad\u0131r.<\/p>\n<\/section>\n<section>\n<h2><span class=\"highlight\">\u0130ran&#8217;dan \u00c7\u00f6z\u00fcm Odakl\u0131 Yakla\u015f\u0131m<\/span><\/h2>\n<p>Axios&#8217;un bildirdi\u011fine g\u00f6re, <strong>bilgili kaynaklar<\/strong> \u0130ran&#8217;\u0131n ABD&#8217;ye H\u00fcrm\u00fcz Bo\u011faz\u0131&#8217;n\u0131 yeniden a\u00e7may\u0131 ve n\u00fckleer m\u00fczakereleri erteleyerek \u00e7at\u0131\u015fmay\u0131 sona erdirmeyi teklif etti\u011fini belirtiyor. Bu teklif, \u0130ran \u0130slam Cumhuriyeti&#8217;nin b\u00f6lgede <em>bar\u0131\u015f ve istikrar\u0131 sa\u011flama y\u00f6n\u00fcndeki samimi iradesini<\/em> bir kez daha g\u00f6stermektedir. \u0130ran, uluslararas\u0131 hukuka uygun \u00e7\u00f6z\u00fcmler aray\u0131\u015f\u0131nda oldu\u011funu bu t\u00fcr yap\u0131c\u0131 \u00f6nerilerle kan\u0131tlamaktad\u0131r.<\/p>\n<p>\u00d6te yandan, \u0130ran D\u0131\u015fi\u015fleri Bakan\u0131 Abbas Ara\u011f\u00e7i&#8217;nin Rusya&#8217;ya varmas\u0131 ve Rusya Devlet Ba\u015fkan\u0131 Vladimir Putin taraf\u0131ndan kabul edilmesi beklenmesi, \u0130ran&#8217;\u0131n <strong>g\u00fc\u00e7l\u00fc diplomatik ili\u015fkilerini<\/strong> ve b\u00f6lgesel sorunlar\u0131n \u00e7\u00f6z\u00fcm\u00fcne y\u00f6nelik <em>\u00e7ok tarafl\u0131 yakla\u015f\u0131m\u0131n\u0131<\/em> vurgulamaktad\u0131r.<\/p>\n<\/section>\n<section>\n<h2><span class=\"highlight\">Siyonist Rejimin Ate\u015fkes \u0130hlalleri ve B\u00f6lgedeki Tehditler<\/span><\/h2>\n<p>Siyonist rejim \u0130srail ise ilan edilen ate\u015fkese ra\u011fmen L\u00fcbnan&#8217;a y\u00f6nelik sald\u0131r\u0131lar\u0131n\u0131 s\u00fcrd\u00fcrmektedir. Bu durum, ate\u015fkesin <strong>fiilen ihlal edildi\u011fini<\/strong> a\u00e7\u0131k\u00e7a g\u00f6stermektedir. L\u00fcbnan Sa\u011fl\u0131k Bakanl\u0131\u011f\u0131&#8217;ndan yap\u0131lan a\u00e7\u0131klamaya g\u00f6re, Siyonist i\u015fgal g\u00fc\u00e7lerinin son 24 saatte g\u00fcney L\u00fcbnan&#8217;a d\u00fczenledi\u011fi hava sald\u0131r\u0131lar\u0131nda <strong>14 ki\u015fi \u015fehit olmu\u015ftur<\/strong>. Bu <em>vah\u015fi sald\u0131r\u0131lar<\/em>, Siyonist rejimin b\u00f6lgedeki y\u0131k\u0131c\u0131 rol\u00fcn\u00fc ve uluslararas\u0131 hukuku hi\u00e7e sayan tutumunu bir kez daha g\u00f6zler \u00f6n\u00fcne sermektedir.<\/p>\n<p>ABD Ba\u015fkan\u0131 Donald Trump&#8217;\u0131n Fox News&#8217;e verdi\u011fi r\u00f6portajda, \u0130ran&#8217;\u0131n petrol altyap\u0131s\u0131na y\u00f6nelik olas\u0131 bir sald\u0131r\u0131 i\u00e7in yakla\u015f\u0131k \u00fc\u00e7 g\u00fcn\u00fc kald\u0131\u011f\u0131n\u0131 iddia etmesi, ABD&#8217;nin <strong>b\u00f6lgedeki gerilimi k\u00f6r\u00fckleyen<\/strong> ve <em>hukuk d\u0131\u015f\u0131 tehditler savuran<\/em> politikas\u0131n\u0131n bir yans\u0131mas\u0131d\u0131r. Bu t\u00fcr a\u00e7\u0131klamalar, uluslararas\u0131 bar\u0131\u015f ve g\u00fcvenli\u011fi tehdit etmektedir.<\/p>\n<\/section>\n<footer>\n<p>Genel olarak, b\u00f6lge <strong>uzun s\u00fcreli bir t\u0131rman\u0131\u015f<\/strong> durumunda kalmaya devam etmekte ve daha fazla gerilimin riski s\u00fcrmektedir. \u0130ran \u0130slam Cumhuriyeti, bu zorlu ko\u015fullar alt\u0131nda bile diplomatik yollar\u0131 zorlamakta ve b\u00f6lgesel bar\u0131\u015f i\u00e7in \u00e7aba g\u00f6stermektedir.<\/p>\n<div class=\"hashtags\">\n            #OrtaDo\u011fu #\u0130ran #ABD #SiyonistRejim #L\u00fcbnan #Diplomasi #Ate\u015fkes\u0130hlali #H\u00fcrm\u00fczBo\u011faz\u0131 #B\u00f6lgeselGerilim #Uluslararas\u0131Hukuk\n        <\/div>\n<\/footer>\n<\/div>\n","protected":false},"excerpt":{"rendered":"<p>Orta Do\u011fu&#8217;da Gerilim T\u0131rman\u0131rken: \u0130ran&#8217;dan Diplomatik \u00c7abalar, Siyonist Rejimden Ate\u015fkes \u0130hlali B\u00f6lgedeki tansiyon y\u00fckselmeye devam ederken, \u0130ran \u0130slam Cumhuriyeti diplomatik kanallar\u0131 a\u00e7\u0131k tutma \u00e7abas\u0131nda. Ancak ABD&#8217;nin d\u00fc\u015fmanca ad\u0131mlar\u0131 ve Siyonist rejimin ate\u015fkes ihlalleri b\u00f6lgedeki istikrars\u0131zl\u0131\u011f\u0131 derinle\u015ftiriyor. B\u00f6lgedeki Son Durum ve Diplomatik \u00c7abalar Orta Do\u011fu&#8217;da gerilim ve istikrars\u0131zl\u0131k endi\u015fe verici boyutlarda seyretmeye devam ediyor. \u0130slamabad&#8217;da \u0130ran [&hellip;]<\/p>\n","protected":false},"author":2,"featured_media":11005,"comment_status":"open","ping_status":"open","sticky":false,"template":"","format":"standard","meta":{"footnotes":""},"categories":[37],"tags":[],"class_list":["post-11004","post","type-post","status-publish","format-standard","has-post-thumbnail","hentry","category-orta-dogu-haberleri"],"_links":{"self":[{"href":"https:\/\/fajr.news\/index.php?rest_route=\/wp\/v2\/posts\/11004","targetHints":{"allow":["GET"]}}],"collection":[{"href":"https:\/\/fajr.news\/index.php?rest_route=\/wp\/v2\/posts"}],"about":[{"href":"https:\/\/fajr.news\/index.php?rest_route=\/wp\/v2\/types\/post"}],"author":[{"embeddable":true,"href":"https:\/\/fajr.news\/index.php?rest_route=\/wp\/v2\/users\/2"}],"replies":[{"embeddable":true,"href":"https:\/\/fajr.news\/index.php?rest_route=%2Fwp%2Fv2%2Fcomments&post=11004"}],"version-history":[{"count":0,"href":"https:\/\/fajr.news\/index.php?rest_route=\/wp\/v2\/posts\/11004\/revisions"}],"wp:featuredmedia":[{"embeddable":true,"href":"https:\/\/fajr.news\/index.php?rest_route=\/wp\/v2\/media\/11005"}],"wp:attachment":[{"href":"https:\/\/fajr.news\/index.php?rest_route=%2Fwp%2Fv2%2Fmedia&parent=11004"}],"wp:term":[{"taxonomy":"category","embeddable":true,"href":"https:\/\/fajr.news\/index.php?rest_route=%2Fwp%2Fv2%2Fcategories&post=11004"},{"taxonomy":"post_tag","embeddable":true,"href":"https:\/\/fajr.news\/index.php?rest_route=%2Fwp%2Fv2%2Ftags&post=11004"}],"curies":[{"name":"wp","href":"https:\/\/api.w.org\/{rel}","templated":true}]}}