{"id":10980,"date":"2026-04-27T22:40:14","date_gmt":"2026-04-27T19:10:14","guid":{"rendered":"https:\/\/fajr.news\/?p=10980"},"modified":"2026-04-27T22:40:14","modified_gmt":"2026-04-27T19:10:14","slug":"ufuklarin-otesinde-artemis-ii-ve-ortadogunun-uzaydaki-yukselen-rolu","status":"publish","type":"post","link":"https:\/\/fajr.news\/?p=10980&lang=tr","title":{"rendered":"Ufuklar\u0131n \u00d6tesinde: Artemis II ve Ortado\u011fu&#8217;nun Uzaydaki Y\u00fckselen Rol\u00fc"},"content":{"rendered":"<h1>Ufuklar\u0131n \u00d6tesinde: Artemis II ve Ortado\u011fu&#8217;nun Uzaydaki Y\u00fckselen Rol\u00fc<\/h1>\n<h2>\u0130\u015fbirli\u011fi, Rekabet ve Ticaretin Uzaydaki Yeni \u00c7a\u011f\u0131<\/h2>\n<p>Tarihte \u00f6yle anlar vard\u0131r ki, ilerleme art\u0131k kademeli olmaktan \u00e7\u0131kar ve m\u00fcmk\u00fcn olan\u0131n haritas\u0131n\u0131 yeniden \u00e7izer. <strong>Artemis II<\/strong> tam da bu gelene\u011fin merkezinde yer al\u0131yor. Ba\u015far\u0131l\u0131 ini\u015fi, insanl\u0131\u011f\u0131n derin uzaya d\u00f6n\u00fc\u015f\u00fcn\u00fc i\u015faret etmekle kalm\u0131yor; ke\u015fiflerin nas\u0131l organize edildi\u011fi, kimlerin kat\u0131ld\u0131\u011f\u0131 ve de\u011ferin nerede yarat\u0131ld\u0131\u011f\u0131 konusunda derin bir de\u011fi\u015fime i\u015faret ediyor.<\/p>\n<p>Bu art\u0131k uzak bir topra\u011fa tek bir bayra\u011f\u0131n dikildi\u011fi d\u00f6nem de\u011fil. Bu, uzay\u0131n i\u015fleyen bir <em>ekonomik sistem<\/em> olarak ortaya \u00e7\u0131k\u0131\u015f\u0131.<\/p>\n<h2>Geni\u015fleyen Yetenek Havuzu ve \u00c7e\u015fitlili\u011fin G\u00fcc\u00fc<\/h2>\n<p>M\u00fcrettebat aras\u0131nda, Victor Glover ve Christina Koch sessiz ama anlaml\u0131 bir evrimi temsil ediyor. Onlar\u0131n varl\u0131\u011f\u0131, sembolik bir dahil olu\u015fu de\u011fil, yap\u0131sal bir de\u011fi\u015fimi yans\u0131t\u0131yor: ke\u015fiflere g\u00fc\u00e7 veren yetenek havuzunun geni\u015flemesini. Bir zamanlar dar kanallardan sa\u011flanan yetenek, art\u0131k daha geni\u015f, daha temsili bir tabandan elde ediliyor. Ve her giri\u015fimcinin anlad\u0131\u011f\u0131 gibi, daha geni\u015f girdi sonu\u00e7lar\u0131 g\u00fc\u00e7lendirir. Bu ba\u011flamda \u00e7e\u015fitlilik, anlat\u0131sal bir s\u00fcsleme de\u011fildir; <strong>operasyonel bir avantajd\u0131r<\/strong>.<\/p>\n<h2>Dengesizli\u011fin Ele\u015ftirisinden Adil Kat\u0131l\u0131ma<\/h2>\n<p>Ne kadar yol kat etti\u011fimizi anlamak i\u00e7in, Gil Scott-Heron&#8217;u ve onun 1970 tarihli \u201cWhitey on the Moon\u201d adl\u0131 yak\u0131c\u0131 eserini hat\u0131rlamak faydal\u0131 olacakt\u0131r. Bu hi\u00e7bir zaman ke\u015ffe bir ret de\u011fil, bir dengesizlik ele\u015ftirisiydi. Roketler y\u00fckselirken, bir\u00e7oklar\u0131 geride b\u0131rak\u0131l\u0131yordu. Bu gerilim hala devam ediyor, ancak giri\u015fimin yap\u0131s\u0131 temelden de\u011fi\u015fti. G\u00fcn\u00fcm\u00fczde uzay, sembolik bir alan olmaktan \u00e7\u0131k\u0131p ekonomik bir arenaya d\u00f6n\u00fc\u015ft\u00fck\u00e7e, kat\u0131l\u0131m da geni\u015fliyor ve daha adil bir da\u011f\u0131l\u0131m\u0131n kap\u0131lar\u0131 aralan\u0131yor.<\/p>\n<h2>Artemis Anla\u015fmalar\u0131: \u0130\u015fbirli\u011finin Yeni Yolu<\/h2>\n<p>Apollo g\u00f6revleri devlet odakl\u0131yd\u0131, jeopolitik aciliyetle tan\u0131mlanm\u0131\u015f ve kapal\u0131 sistemler i\u00e7inde y\u00fcr\u00fct\u00fclm\u00fc\u015ft\u00fc. NASA liderli\u011findeki Artemis ise farkl\u0131 i\u015fliyor. Bu bir koalisyon: h\u00fck\u00fcmetler, \u00f6zel firmalar, giri\u015fim destekli start-up&#8217;lar ve Artemis Anla\u015fmalar\u0131 gibi \u00e7er\u00e7eveler i\u00e7inde \u00e7al\u0131\u015fan uluslararas\u0131 ortaklar. <strong>60&#8217;tan fazla \u00fclke<\/strong> bu anla\u015fmalar\u0131 imzalayarak uzay\u0131 bir rekabet sahnesinden i\u015fbirli\u011fi ve ticaret platformuna d\u00f6n\u00fc\u015ft\u00fcrd\u00fc. Bu, k\u00fcresel uzay ke\u015ffinde daha kapsay\u0131c\u0131 ve \u00e7ok tarafl\u0131 bir yakla\u015f\u0131m\u0131n benimsendi\u011finin a\u00e7\u0131k bir g\u00f6stergesidir.<\/p>\n<h2>Ortado\u011fu Art\u0131k Sadece G\u00f6zlemlemiyor, \u0130cra Ediyor<\/h2>\n<p>2022&#8217;de bu sayfalarda uzay\u0131n ticarile\u015fmesini ve Ortado\u011fu&#8217;nun bu konudaki rol\u00fcn\u00fc ilk kez inceledi\u011fimde, uzay\u0131n art\u0131k sadece s\u00fcper g\u00fc\u00e7lerin tekelinde olmad\u0131\u011f\u0131 arg\u00fcman\u0131n\u0131 dile getirmi\u015ftim. B\u00f6lgenin h\u0131rslar\u0131n\u0131n g\u00f6r\u00fcn\u00fcr hale geldi\u011fi ancak hen\u00fcz tam olarak ger\u00e7ekle\u015fmedi\u011fi bir anda bu \u00f6nceki yaz\u0131 yay\u0131nlanm\u0131\u015ft\u0131. O zamandan beri de\u011fi\u015fen, seyahat y\u00f6n\u00fc de\u011fil, h\u0131z\u0131 oldu. <strong>Ortado\u011fu art\u0131k sadece kat\u0131l\u0131m i\u00e7in konumlanm\u0131yor. \u0130cra ediyor.<\/strong><\/p>\n<h3>H\u0131rstan S\u00fcrd\u00fcr\u00fclebilir Yetene\u011fe: B\u00f6lgesel Ba\u015far\u0131lar<\/h3>\n<ul>\n<li><strong>BAE Uzay Ajans\u0131<\/strong>, Emirlikler Mars Misyonu&#8217;nun ba\u015far\u0131s\u0131 ve geni\u015fleyen astronot kadrosu \u00fczerine in\u015fa ederek h\u0131rstan s\u00fcrd\u00fcr\u00fclebilir yetene\u011fe ge\u00e7ti.<\/li>\n<li><strong>Muhammed bin Rashid Uzay Merkezi<\/strong>, insanl\u0131 uzay u\u00e7u\u015fundaki rol\u00fcn\u00fc derinle\u015ftirmeye devam ederken, Sultan Al Neyadi&#8217;nin Uluslararas\u0131 Uzay \u0130stasyonu&#8217;ndaki uzun g\u00f6revi sadece b\u00f6lgenin varl\u0131\u011f\u0131n\u0131 de\u011fil, ayn\u0131 zamanda operasyonel g\u00fcvenilirli\u011fini de g\u00f6sterdi.<\/li>\n<li><strong>Suudi Arabistan<\/strong>, Suudi Uzay Ajans\u0131 arac\u0131l\u0131\u011f\u0131yla, stratejik yat\u0131r\u0131m\u0131 yenilenen insanl\u0131 uzay u\u00e7u\u015fuyla birle\u015ftirerek kendi y\u00f6r\u00fcngesini h\u0131zland\u0131rd\u0131.<\/li>\n<\/ul>\n<p>K\u00f6rfez genelinde, egemen h\u0131rs art\u0131k kurumsal yetenek, d\u00fczenleyici \u00e7er\u00e7eveler ve b\u00fcy\u00fcyen bir \u00f6zel sekt\u00f6r ekosistemiyle birle\u015fiyor. Bu \u00f6nemlidir \u00e7\u00fcnk\u00fc giri\u015fim te\u015fvikleri de\u011fi\u015ftirir. Uzay, sembolik bir alan olmaktan \u00e7\u0131k\u0131p ekonomik bir alan haline geldi\u011finde, kat\u0131l\u0131m geni\u015fler. Tedarik zincirleri ortaya \u00e7\u0131kar. Fikri m\u00fclkiyet de\u011fer kazan\u0131r. Start-up&#8217;lar tutunacak yer bulur. S\u0131n\u0131r, sadece m\u00fchendislik m\u00fckemmelli\u011fini de\u011fil, <em>giri\u015fimci hayal g\u00fcc\u00fcn\u00fc<\/em> de \u00f6d\u00fcllendirmeye ba\u015flar.<\/p>\n<h2>Gelece\u011fin Uzay Ekonomisi ve Ortado\u011fu \u0130\u00e7in F\u0131rsatlar<\/h2>\n<p>Nelerin gelece\u011fini \u015fimdiden g\u00f6r\u00fcyoruz. SpaceX ve Blue Origin gibi \u00f6zel firmalar f\u0131rlatma ekonomisini yeniden tan\u0131ml\u0131yor. Y\u00f6r\u00fcnge veri merkezleri ve mod\u00fcler \u201cy\u00f6r\u00fcnge resifi\u201d platformlar\u0131 dahil olmak \u00fczere ticari uzay istasyonlar\u0131 gibi kavramlar \u00e7izim tahtas\u0131ndan prototipe ge\u00e7iyor. Mikro yer\u00e7ekimi sayesinde uzay tabanl\u0131 \u00fcretim, tamamen yeni end\u00fcstriyel kategoriler a\u00e7\u0131yor.<\/p>\n<p>Hidrokarbonlar\u0131n \u00f6tesinde \u00e7e\u015fitlenme arayan Ortado\u011fu ekonomileri i\u00e7in bu, \u00e7evresel de\u011fil, <strong>merkezidir<\/strong>. Uzay, uzun vadeli ulusal d\u00f6n\u00fc\u015f\u00fcm g\u00fcndemleriyle uyumlu, y\u00fcksek de\u011ferli, bilgi yo\u011fun bir sekt\u00f6r sunuyor.<\/p>\n<h2>Uzay Teknolojilerinin D\u00fcnya&#8217;ya Yans\u0131malar\u0131<\/h2>\n<p>Ve faydalar y\u00f6r\u00fcngede kalm\u0131yor. Uzay i\u00e7in geli\u015ftirilen teknolojiler D\u00fcnya&#8217;ya geri d\u00f6n\u00fcyor. Su geri d\u00f6n\u00fc\u015f\u00fcm sistemleri kurak iklimlerde s\u00fcrd\u00fcr\u00fclebilirlik \u00e7\u00f6z\u00fcmlerini bilgilendiriyor. Geli\u015fmi\u015f malzemeler in\u015faat\u0131 yeniden \u015fekillendiriyor. Uydu verileri tar\u0131m\u0131, lojisti\u011fi ve iklim direncini art\u0131r\u0131yor. \u00c7evresel k\u0131s\u0131tlamalarla tan\u0131mlanan bir b\u00f6lgede, bu yan etkiler an\u0131nda ve sonu\u00e7ludur.<\/p>\n<h2>Kimler Faydalanacak? Yeni Bir \u00c7er\u00e7eve<\/h2>\n<p>Yine de Apollo d\u00f6nemine musallat olan soru yeni bir bi\u00e7imde hala devam ediyor. Kimler faydalan\u0131yor? Kimler kat\u0131l\u0131yor? Hikayede kimler g\u00f6r\u00fcn\u00fcr oluyor? Artemis II bu gerilimi \u00e7\u00f6zm\u00fcyor, ancak yeniden \u00e7er\u00e7eveliyor. Giri\u015fim her zamankinden daha geni\u015f, daha da\u011f\u0131t\u0131lm\u0131\u015f ve daha ge\u00e7irgen. Bir zamanlar \u00e7evresel kabul edilen b\u00f6lgeler art\u0131k aktif katk\u0131da bulunuyor. Ortado\u011fu bu d\u00f6n\u00fc\u015f\u00fcm\u00fc sadece g\u00f6zlemlemiyor. <strong>Onu \u015fekillendirmeye yard\u0131mc\u0131 oluyor.<\/strong><\/p>\n<h2>Rekabet ve \u0130\u015fbirli\u011finin Dengesi<\/h2>\n<p>Ve her geli\u015fmekte olan pazar gibi, uzay da i\u015fbirli\u011fi kadar rekabetle de tan\u0131mlanacak. Uluslar ve firmalar standartlar\u0131 belirlemek, stratejik konumlar\u0131 g\u00fcvence alt\u0131na almak ve ilk hamle avantajlar\u0131n\u0131 yakalamak i\u00e7in yar\u0131\u015f\u0131yor. Yapay zeka ile paralellikler a\u00e7\u0131k. Her iki alanda da yetenek h\u0131zla birikiyor ve erken kararlar onlarca y\u0131l yank\u0131lan\u0131yor.<\/p>\n<h2>Payla\u015f\u0131lan De\u011fer ve Kapsay\u0131c\u0131 Gelecek<\/h2>\n<p>\u00d6yleyse kal\u0131c\u0131 soru, insanl\u0131\u011f\u0131n uzaydaki eri\u015fimini daha da geni\u015fletip geni\u015fletmeyece\u011fi de\u011fil. Bu zaten devam ediyor. Soru, in\u015fa etti\u011fimiz bu giri\u015fimin geni\u015f \u00e7apta payla\u015f\u0131lan de\u011fer sa\u011flay\u0131p sa\u011flamayaca\u011f\u0131d\u0131r. Geleneksel g\u00fc\u00e7 merkezlerinin \u00f6tesindeki ekonomileri y\u00fckseltecek end\u00fcstriler yaratacak m\u0131? Yeni b\u00f6lgelere ve yeni n\u00fcfuslara ula\u015facak f\u0131rsatlar yaratacak m\u0131? \u0130lerlemenin sadece yukar\u0131ya do\u011fru de\u011fil, d\u0131\u015far\u0131ya do\u011fru da olmas\u0131n\u0131 sa\u011flayacak m\u0131?<\/p>\n<p>Ay, her zaman oldu\u011fu gibi uzak bir meydan okuma olmaya devam ediyor. Ancak ona do\u011fru yolculuk hakk\u0131nda \u015fimdi yazd\u0131\u011f\u0131m\u0131z hikaye farkl\u0131. Art\u0131k izole bir zaferin de\u011fil, birbirine ba\u011fl\u0131 sistemlerin, payla\u015f\u0131lan h\u0131rs\u0131n ve geni\u015fleyen kat\u0131l\u0131m\u0131n bir hikayesi. Houston&#8217;dan Dubai&#8217;ye, Riyad&#8217;dan y\u00f6r\u00fcngeye, ufuk art\u0131k sadece g\u00f6zlemledi\u011fimiz bir \u015fey de\u011fil. <strong>\u0130n\u015fa etti\u011fimiz bir \u015fey.<\/strong><\/p>\n<p>#ArtemisII #UzayKe\u015ffi #Ortado\u011fuUzayda #UzayEkonomisi #Uluslararas\u0131\u0130\u015fbirli\u011fi #TeknolojiGeli\u015fimi #S\u00fcrd\u00fcr\u00fclebilirUzay #Gelece\u011finUzay\u0131 #UzaySanayii #BilimveTeknoloji<\/p>\n","protected":false},"excerpt":{"rendered":"<p>Ufuklar\u0131n \u00d6tesinde: Artemis II ve Ortado\u011fu&#8217;nun Uzaydaki Y\u00fckselen Rol\u00fc \u0130\u015fbirli\u011fi, Rekabet ve Ticaretin Uzaydaki Yeni \u00c7a\u011f\u0131 Tarihte \u00f6yle anlar vard\u0131r ki, ilerleme art\u0131k kademeli olmaktan \u00e7\u0131kar ve m\u00fcmk\u00fcn olan\u0131n haritas\u0131n\u0131 yeniden \u00e7izer. Artemis II tam da bu gelene\u011fin merkezinde yer al\u0131yor. Ba\u015far\u0131l\u0131 ini\u015fi, insanl\u0131\u011f\u0131n derin uzaya d\u00f6n\u00fc\u015f\u00fcn\u00fc i\u015faret etmekle kalm\u0131yor; ke\u015fiflerin nas\u0131l organize edildi\u011fi, kimlerin [&hellip;]<\/p>\n","protected":false},"author":2,"featured_media":10981,"comment_status":"open","ping_status":"open","sticky":false,"template":"","format":"standard","meta":{"footnotes":""},"categories":[37],"tags":[],"class_list":["post-10980","post","type-post","status-publish","format-standard","has-post-thumbnail","hentry","category-orta-dogu-haberleri"],"_links":{"self":[{"href":"https:\/\/fajr.news\/index.php?rest_route=\/wp\/v2\/posts\/10980","targetHints":{"allow":["GET"]}}],"collection":[{"href":"https:\/\/fajr.news\/index.php?rest_route=\/wp\/v2\/posts"}],"about":[{"href":"https:\/\/fajr.news\/index.php?rest_route=\/wp\/v2\/types\/post"}],"author":[{"embeddable":true,"href":"https:\/\/fajr.news\/index.php?rest_route=\/wp\/v2\/users\/2"}],"replies":[{"embeddable":true,"href":"https:\/\/fajr.news\/index.php?rest_route=%2Fwp%2Fv2%2Fcomments&post=10980"}],"version-history":[{"count":0,"href":"https:\/\/fajr.news\/index.php?rest_route=\/wp\/v2\/posts\/10980\/revisions"}],"wp:featuredmedia":[{"embeddable":true,"href":"https:\/\/fajr.news\/index.php?rest_route=\/wp\/v2\/media\/10981"}],"wp:attachment":[{"href":"https:\/\/fajr.news\/index.php?rest_route=%2Fwp%2Fv2%2Fmedia&parent=10980"}],"wp:term":[{"taxonomy":"category","embeddable":true,"href":"https:\/\/fajr.news\/index.php?rest_route=%2Fwp%2Fv2%2Fcategories&post=10980"},{"taxonomy":"post_tag","embeddable":true,"href":"https:\/\/fajr.news\/index.php?rest_route=%2Fwp%2Fv2%2Ftags&post=10980"}],"curies":[{"name":"wp","href":"https:\/\/api.w.org\/{rel}","templated":true}]}}