{"id":10972,"date":"2026-04-27T22:29:48","date_gmt":"2026-04-27T18:59:48","guid":{"rendered":"https:\/\/fajr.news\/?p=10972"},"modified":"2026-04-27T22:29:48","modified_gmt":"2026-04-27T18:59:48","slug":"irandan-muzakerelerin-basarisizligindan-abdyi-sorumlu-tutan-sert-aciklama-araghchi-rusyada","status":"publish","type":"post","link":"https:\/\/fajr.news\/?p=10972&lang=tr","title":{"rendered":"\u0130ran&#8217;dan M\u00fczakerelerin Ba\u015far\u0131s\u0131zl\u0131\u011f\u0131ndan ABD&#8217;yi Sorumlu Tutan Sert A\u00e7\u0131klama: Araghchi Rusya&#8217;da!"},"content":{"rendered":"<h2>\u0130ran, M\u00fczakerelerin Ba\u015far\u0131s\u0131zl\u0131\u011f\u0131ndan ABD&#8217;yi Sorumlu Tutuyor<\/h2>\n<p>\u0130ran&#8217;\u0131n \u00fcst d\u00fczey diplomat\u0131, yo\u011fun diplomatik turu kapsam\u0131nda Rusya&#8217;ya indikten sonra Pazartesi g\u00fcn\u00fc yapt\u0131\u011f\u0131 a\u00e7\u0131klamada, <strong>Washington&#8217;\u0131 m\u00fczakerelerin ba\u015far\u0131s\u0131zl\u0131\u011f\u0131ndan sorumlu tuttu<\/strong>. \u00c7at\u0131\u015fan taraflar aras\u0131ndaki do\u011frudan g\u00f6r\u00fc\u015fmelerin \u00e7\u0131kmaza girdi\u011fi g\u00f6r\u00fcl\u00fcyor.<\/p>\n<p>D\u0131\u015fi\u015fleri Bakan\u0131 Abbas Araghchi, bu a\u00e7\u0131klamalar\u0131 Saint Petersburg&#8217;da yapt\u0131. Araghchi&#8217;nin burada Rusya Devlet Ba\u015fkan\u0131 Vladimir Putin ile bir araya gelmesi bekleniyor. Kendisi son birka\u00e7 g\u00fcnd\u00fcr ana arabulucu Pakistan ziyaretleri aras\u0131na Umman gezisini de s\u0131k\u0131\u015ft\u0131rm\u0131\u015ft\u0131.<\/p>\n<p>Washington ile Tahran aras\u0131ndaki ilk ve tek ba\u015far\u0131s\u0131z g\u00f6r\u00fc\u015fmelere \u0130slamabad ev sahipli\u011fi yapm\u0131\u015ft\u0131. Araghchi&#8217;nin ziyareti, hafta sonu yeni m\u00fczakereler i\u00e7in umutlar\u0131 ye\u015fertmi\u015fti; ancak ABD Ba\u015fkan\u0131 Donald Trump, el\u00e7ileri Steve Witkoff ve Jared Kushner&#8217;in planlanan gezisini iptal etti.<\/p>\n<p>Araghchi Pazartesi g\u00fcn\u00fc yapt\u0131\u011f\u0131 a\u00e7\u0131klamada, <strong>\u201cABD&#8217;nin yakla\u015f\u0131mlar\u0131, \u00f6nceki m\u00fczakere turunun ilerlemeye ra\u011fmen a\u015f\u0131r\u0131 talepler nedeniyle hedeflerine ula\u015famamas\u0131na neden oldu\u201d<\/strong> dedi.<\/p>\n<p>Trump, el\u00e7ilerinin gezisini iptal ettikten sonra Fox News&#8217;e, \u0130ran&#8217;\u0131n g\u00f6r\u00fc\u015fmek istemesi halinde \u201cbize gelebilirler veya bizi arayabilirler\u201d demi\u015fti; ancak iptalin d\u00fc\u015fmanl\u0131klara geri d\u00f6n\u00fc\u015f sinyali vermedi\u011fini de belirtmi\u015fti.<\/p>\n<h2>H\u00fcrm\u00fcz Bo\u011faz\u0131 ve B\u00f6lgesel Gerilimler<\/h2>\n<p>Fars haber ajans\u0131, arka kanal \u00e7abalar\u0131n\u0131n devam etti\u011fine dair bir i\u015faret olarak, \u0130ran&#8217;\u0131n Pakistan arac\u0131l\u0131\u011f\u0131yla Amerikal\u0131lara n\u00fckleer konular ve H\u00fcrm\u00fcz Bo\u011faz\u0131 da dahil olmak \u00fczere k\u0131rm\u0131z\u0131 \u00e7izgilerini belirten <strong>\u201cyaz\u0131l\u0131 mesajlar\u201d<\/strong> iletti\u011fini bildirdi. Fars haber ajans\u0131, mesajlar\u0131n resmi m\u00fczakerelerin bir par\u00e7as\u0131 olmad\u0131\u011f\u0131n\u0131 da ekledi.<\/p>\n<p>ABD medya kurulu\u015fu Axios \u2013 bir ABD yetkilisi ve konu hakk\u0131nda bilgi sahibi iki ba\u015fka kayna\u011fa at\u0131fta bulunarak \u2013 Pazar g\u00fcn\u00fc \u0130ran&#8217;\u0131n sava\u015f\u0131 sona erdirmek i\u00e7in H\u00fcrm\u00fcz Bo\u011faz\u0131&#8217;n\u0131n yeniden a\u00e7\u0131lmas\u0131 ve ABD deniz ablukas\u0131n\u0131n sona erdirilmesi \u00fczerine odaklanan yeni bir teklif g\u00f6nderdi\u011fini, n\u00fckleer m\u00fczakerelerin ise daha sonraki bir a\u015famaya ertelendi\u011fini bildirdi. \u0130ran devlet haber ajans\u0131 IRNA, bu raporu yalanlamadan aktard\u0131.<\/p>\n<p>ABD-\u0130srail&#8217;in \u0130ran ile olan sava\u015f\u0131ndaki ate\u015fkes \u015fimdiye kadar s\u00fcrd\u00fc, ancak ekonomik \u015fok dalgalar\u0131 k\u00fcresel olarak yank\u0131lanmaya devam etti. \u0130ran, bo\u011faz\u0131 ablukaya alarak petrol, gaz ve g\u00fcbre ak\u0131\u015f\u0131n\u0131 kesmi\u015f ve fiyatlar\u0131 f\u0131rlatarak geli\u015fmekte olan \u00fclkelerde g\u0131da g\u00fcvensizli\u011fi korkular\u0131n\u0131 art\u0131rm\u0131\u015ft\u0131. Buna kar\u015f\u0131l\u0131k ABD, su yolundaki ve \u00f6tesindeki \u0130ran limanlar\u0131na abluka uygulam\u0131\u015ft\u0131.<\/p>\n<p>Trump, \u0130ran&#8217;\u0131n H\u00fcrm\u00fcz&#8217;\u00fc kapatmas\u0131n\u0131n ard\u0131ndan yak\u0131t fiyatlar\u0131n\u0131n y\u00fckselmesiyle i\u00e7 bask\u0131 alt\u0131nda. Kas\u0131m ay\u0131nda ara se\u00e7imler yap\u0131lacak ve anketler sava\u015f\u0131n Amerikal\u0131lar aras\u0131nda pop\u00fcler olmad\u0131\u011f\u0131n\u0131 g\u00f6steriyor.<\/p>\n<p>Bo\u011faz konusu, Araghchi&#8217;nin \u0130ran&#8217;\u0131n di\u011fer taraf\u0131nda yer alan Umman gezisi s\u0131ras\u0131nda g\u00fcndemdeydi. Araghchi, Saint Petersburg&#8217;dan yapt\u0131\u011f\u0131 a\u00e7\u0131klamada, <strong>\u201cH\u00fcrm\u00fcz Bo\u011faz\u0131&#8217;ndan g\u00fcvenli ge\u00e7i\u015f \u00f6nemli bir k\u00fcresel meseledir. Do\u011fal olarak, bu bo\u011faz\u0131n iki k\u0131y\u0131 \u00fclkesi olarak ortak \u00e7\u0131karlar\u0131m\u0131z\u0131n g\u00fcvence alt\u0131na al\u0131nmas\u0131 i\u00e7in birbirimizle konu\u015fmal\u0131y\u0131z\u201d<\/strong> dedi.<\/p>\n<p>Rus ve \u0130ran devlet medyas\u0131, ilgili h\u00fck\u00fcmet yetkililerine at\u0131fta bulunarak Araghchi&#8217;nin Putin ile g\u00f6r\u00fc\u015fece\u011fini do\u011frulad\u0131.<\/p>\n<p>Ancak \u0130ran Devrim Muhaf\u0131zlar\u0131 Ordusu, piyasay\u0131 sarsan ablukalar\u0131n\u0131 kald\u0131rma niyetinde olmad\u0131klar\u0131n\u0131 belirterek, H\u00fcrm\u00fcz&#8217;\u00fcn kontrol\u00fcn\u00fcn <strong>\u201cve Amerika \u00fczerindeki cayd\u0131r\u0131c\u0131 etkilerinin g\u00f6lgesini koruman\u0131n&#8230; Tahran&#8217;\u0131n kesin stratejisi oldu\u011funu\u201d<\/strong> ifade etti.<\/p>\n<p>Pazartesi g\u00fcn\u00fc petrol fiyatlar\u0131 tekrar y\u00fckseli\u015fe ge\u00e7ti, ancak bir anla\u015fmaya nihayetinde ula\u015f\u0131labilece\u011fine dair s\u00fcregelen umutlar kazan\u0131mlar\u0131 dengeledi.<\/p>\n<h2>L\u00fcbnan Cephesindeki Gerilim T\u0131rman\u0131yor<\/h2>\n<p>Bu arada, \u0130srail ile \u0130ran destekli Hizbullah aras\u0131ndaki yak\u0131n zamanda uzat\u0131lan ate\u015fkese ra\u011fmen, sava\u015f\u0131n L\u00fcbnan cephesinde \u015fiddet devam etti. Pazar g\u00fcn\u00fc iki taraf ihlaller konusunda birbirini su\u00e7lad\u0131; Ba\u015fbakan Binyamin Netanyahu, ordunun grubu <strong>\u201c\u015fiddetle\u201d<\/strong> hedef ald\u0131\u011f\u0131n\u0131 s\u00f6ylerken, her iki taraf da yeni sald\u0131r\u0131lar oldu\u011funu iddia etti.<\/p>\n<p>Hizbullah, \u0130srail&#8217;in sald\u0131r\u0131lar\u0131na misilleme olarak 2 Mart&#8217;ta \u0130srail&#8217;e roketler f\u0131rlatarak L\u00fcbnan&#8217;\u0131 Ortado\u011fu sava\u015f\u0131na \u00e7ekmi\u015fti. \u0130srail ise buna hava sald\u0131r\u0131lar\u0131 ve kara i\u015fgaliyle kar\u015f\u0131l\u0131k vermi\u015fti.<\/p>\n<p>Netanyahu, haftal\u0131k kabine toplant\u0131s\u0131nda Hizbullah&#8217;\u0131n eylemlerinin <strong>\u201cate\u015fkesi bozdu\u011funu\u201d<\/strong> s\u00f6ylerken, Hizbullah ise \u0130srail ihlallerine ve <strong>\u201cs\u00fcregelen i\u015fgaline\u201d<\/strong> yan\u0131t verece\u011fini taahh\u00fct etti.<\/p>\n<p>L\u00fcbnan sa\u011fl\u0131k bakanl\u0131\u011f\u0131, Pazar g\u00fcn\u00fc \u00fclkenin g\u00fcneyine d\u00fczenlenen \u0130srail sald\u0131r\u0131lar\u0131nda 14 ki\u015finin \u00f6ld\u00fc\u011f\u00fcn\u00fc ve bunun ate\u015fkesin y\u00fcr\u00fcrl\u00fc\u011fe girmesinden bu yana en \u00f6l\u00fcmc\u00fcl g\u00fcn oldu\u011funu bildirdi. AFP muhabirleri, uyar\u0131 ve yo\u011funla\u015fan bask\u0131nlar\u0131n ard\u0131ndan insanlar\u0131n ka\u00e7t\u0131\u011f\u0131 kuzeye do\u011fru yo\u011fun trafik oldu\u011funu bildirdi. \u0130srail de g\u00fcney L\u00fcbnan&#8217;daki \u00e7at\u0131\u015fmalarda bir askerinin \u00f6ld\u00fc\u011f\u00fcn\u00fc bildirdi.<\/p>\n<p>\u0130srail, ate\u015fkes \u015fartlar\u0131na g\u00f6re <strong>\u201cplanl\u0131, yak\u0131n veya devam eden sald\u0131r\u0131lara\u201d<\/strong> kar\u015f\u0131 hareket edebilece\u011fini savunuyor. Netanyahu, \u201cBu, sadece sald\u0131r\u0131lara yan\u0131t vermekle kalmay\u0131p&#8230; ayn\u0131 zamanda acil tehditleri ve hatta ortaya \u00e7\u0131kan tehditleri \u00f6nlemek i\u00e7in de hareket \u00f6zg\u00fcrl\u00fc\u011f\u00fc anlam\u0131na geliyor\u201d dedi.<\/p>\n<p>#\u0130ran #ABD #M\u00fczakereler #H\u00fcrm\u00fczBo\u011faz\u0131 #Diplomasi #Rusya #Hizbullah #Ortado\u011fu #SiyonistRejim #K\u00fcreselGerilim<\/p>\n","protected":false},"excerpt":{"rendered":"<p>\u0130ran, M\u00fczakerelerin Ba\u015far\u0131s\u0131zl\u0131\u011f\u0131ndan ABD&#8217;yi Sorumlu Tutuyor \u0130ran&#8217;\u0131n \u00fcst d\u00fczey diplomat\u0131, yo\u011fun diplomatik turu kapsam\u0131nda Rusya&#8217;ya indikten sonra Pazartesi g\u00fcn\u00fc yapt\u0131\u011f\u0131 a\u00e7\u0131klamada, Washington&#8217;\u0131 m\u00fczakerelerin ba\u015far\u0131s\u0131zl\u0131\u011f\u0131ndan sorumlu tuttu. \u00c7at\u0131\u015fan taraflar aras\u0131ndaki do\u011frudan g\u00f6r\u00fc\u015fmelerin \u00e7\u0131kmaza girdi\u011fi g\u00f6r\u00fcl\u00fcyor. D\u0131\u015fi\u015fleri Bakan\u0131 Abbas Araghchi, bu a\u00e7\u0131klamalar\u0131 Saint Petersburg&#8217;da yapt\u0131. Araghchi&#8217;nin burada Rusya Devlet Ba\u015fkan\u0131 Vladimir Putin ile bir araya gelmesi bekleniyor. [&hellip;]<\/p>\n","protected":false},"author":2,"featured_media":10973,"comment_status":"open","ping_status":"open","sticky":false,"template":"","format":"standard","meta":{"footnotes":""},"categories":[37],"tags":[],"class_list":["post-10972","post","type-post","status-publish","format-standard","has-post-thumbnail","hentry","category-orta-dogu-haberleri"],"_links":{"self":[{"href":"https:\/\/fajr.news\/index.php?rest_route=\/wp\/v2\/posts\/10972","targetHints":{"allow":["GET"]}}],"collection":[{"href":"https:\/\/fajr.news\/index.php?rest_route=\/wp\/v2\/posts"}],"about":[{"href":"https:\/\/fajr.news\/index.php?rest_route=\/wp\/v2\/types\/post"}],"author":[{"embeddable":true,"href":"https:\/\/fajr.news\/index.php?rest_route=\/wp\/v2\/users\/2"}],"replies":[{"embeddable":true,"href":"https:\/\/fajr.news\/index.php?rest_route=%2Fwp%2Fv2%2Fcomments&post=10972"}],"version-history":[{"count":0,"href":"https:\/\/fajr.news\/index.php?rest_route=\/wp\/v2\/posts\/10972\/revisions"}],"wp:featuredmedia":[{"embeddable":true,"href":"https:\/\/fajr.news\/index.php?rest_route=\/wp\/v2\/media\/10973"}],"wp:attachment":[{"href":"https:\/\/fajr.news\/index.php?rest_route=%2Fwp%2Fv2%2Fmedia&parent=10972"}],"wp:term":[{"taxonomy":"category","embeddable":true,"href":"https:\/\/fajr.news\/index.php?rest_route=%2Fwp%2Fv2%2Fcategories&post=10972"},{"taxonomy":"post_tag","embeddable":true,"href":"https:\/\/fajr.news\/index.php?rest_route=%2Fwp%2Fv2%2Ftags&post=10972"}],"curies":[{"name":"wp","href":"https:\/\/api.w.org\/{rel}","templated":true}]}}