{"id":10966,"date":"2026-04-27T22:21:01","date_gmt":"2026-04-27T18:51:01","guid":{"rendered":"https:\/\/fajr.news\/?p=10966"},"modified":"2026-04-27T22:21:01","modified_gmt":"2026-04-27T18:51:01","slug":"orta-dogu-krizi-turizmi-karayiplere-yonlendirirken-cayman-adalari-firsati-degerlendiriyor-2026da-rekor-seyahat-artisi","status":"publish","type":"post","link":"https:\/\/fajr.news\/?p=10966&lang=tr","title":{"rendered":"Orta Do\u011fu Krizi Turizmi Karayipler&#8217;e Y\u00f6nlendirirken Cayman Adalar\u0131 F\u0131rsat\u0131 De\u011ferlendiriyor: 2026&#8217;da Rekor Seyahat Art\u0131\u015f\u0131"},"content":{"rendered":"<p>27 Nisan 2026&#8217;da yay\u0131nland\u0131<br \/>\nOrta Do\u011fu&#8217;da artan karga\u015fa, k\u00fcresel turizmde beklenmedik bir sonu\u00e7la \u015fok dalgalar\u0131 yarat\u0131yor: alternatif arayan gezginlerin ak\u0131n\u0131 ve Cayman Adalar\u0131 bu durumdan \u00f6nemli \u00f6l\u00e7\u00fcde faydalan\u0131yor. 2026 y\u0131l\u0131nda, Orta Do\u011fu&#8217;daki siyasi huzursuzluk nedeniyle bir\u00e7ok gezginin planlar\u0131n\u0131 de\u011fi\u015ftirmesiyle k\u00fcresel turizm modelleri yeniden \u015fekilleniyor. Bir\u00e7ok geleneksel turistik destinasyon aksakl\u0131klarla kar\u015f\u0131la\u015f\u0131rken, Karayip destinasyonlar\u0131, \u00f6zellikle Cayman Adalar\u0131, bu de\u011fi\u015fimin faydalar\u0131n\u0131 topluyor. Bu yeniden d\u00fczenleme, Karayip turizm pazar\u0131n\u0131n k\u00fcresel zorluklara ra\u011fmen b\u00fcy\u00fcmeye devam etmesiyle b\u00f6lge i\u00e7in stratejik bir f\u0131rsat sunuyor.<br \/>\n28 \u015eubat 2026&#8217;da ba\u015flayan Amerika Birle\u015fik Devletleri ile \u0130ran aras\u0131ndaki \u00e7at\u0131\u015fman\u0131n t\u0131rmanmas\u0131, Orta Do\u011fu&#8217;daki turizmi dramatik bir \u015fekilde sekteye u\u011fratt\u0131. BM Turizm \u00f6rg\u00fct\u00fcne g\u00f6re, b\u00f6lge 2025 y\u0131l\u0131nda yakla\u015f\u0131k 100 milyon uluslararas\u0131 ziyaret\u00e7i a\u011f\u0131rlayarak k\u00fcresel turizmin yakla\u015f\u0131k %7&#8217;sini olu\u015fturuyordu. Ancak devam eden kriz, bu pazar\u0131 par\u00e7alayarak yayg\u0131n u\u00e7u\u015f iptallerine, hava sahas\u0131 kapanmalar\u0131na ve u\u00e7u\u015flar\u0131n yeniden y\u00f6nlendirilmesine neden oldu. Bu aksakl\u0131k, 2026 y\u0131l\u0131nda b\u00f6lgeden 28 milyona kadar gezginin eksilmesine ve tahmini 40 milyar ABD dolar\u0131na kadar \u00f6nemli turizm geliri kay\u0131plar\u0131na yol a\u00e7ma potansiyeli ta\u015f\u0131yor.<br \/>\nBu aksakl\u0131klar sonucunda bir\u00e7ok gezgin alternatif destinasyonlar ar\u0131yor ve istikrarl\u0131 ortam\u0131 ile Kuzey Amerika&#8217;ya yak\u0131nl\u0131\u011f\u0131 sayesinde Karayipler tercih edilen bir se\u00e7enek olarak \u00f6ne \u00e7\u0131k\u0131yor. Cayman Adalar\u0131, krizin ard\u0131ndan b\u00f6lgedeki seyahat modellerinin h\u0131zla de\u011fi\u015fmesiyle bu de\u011fi\u015fimin ilk i\u015faretlerini g\u00f6rd\u00fc.<br \/>\nKarayipler&#8217;e Artan \u0130lgi: Arama Verilerinden \u0130lk Sinyaller<br \/>\n\u0130lk g\u00f6stergeler, Karayipler&#8217;in turizmdeki bu beklenmedik de\u011fi\u015fimden faydaland\u0131\u011f\u0131n\u0131 g\u00f6steriyor. TravelSupermarket verilerine g\u00f6re, Orta Do\u011fu&#8217;daki \u00e7at\u0131\u015fmalar\u0131n ba\u015flamas\u0131n\u0131 takip eden ilk iki haftada Karayip tatilleri i\u00e7in yap\u0131lan \u00e7evrimi\u00e7i aramalar %81 oran\u0131nda artt\u0131. Bu ilgi art\u0131\u015f\u0131, Turks ve Caicos, Dominik Cumhuriyeti ve Jamaika gibi Karayip destinasyonlar\u0131na yap\u0131lan u\u00e7ak rezervasyonlar\u0131ndaki keskin art\u0131\u015fla daha da kan\u0131tlan\u0131yor. Cayman Adalar\u0131 da daha m\u00fctevaz\u0131 bir \u015fekilde olsa da turizmde bir art\u0131\u015f ya\u015f\u0131yor.<br \/>\nKarayip seyahatlerine olan artan talep, b\u00fcy\u00fck havayollar\u0131 arac\u0131l\u0131\u011f\u0131yla yap\u0131lan rezervasyonlara yans\u0131yor. \u00d6rne\u011fin, Virgin Atlantic, Karayip rotalar\u0131na olan talep sayesinde yaln\u0131zca Nisan 2026&#8217;da transatlantik gelirlerinde %34&#8217;l\u00fck bir art\u0131\u015f bildirdi. Geleneksel Avrupa ve Kuzey Amerika destinasyonlar\u0131ndan gelen rekabet zay\u0131flad\u0131k\u00e7a, Karayip se\u00e7enekleri ilgi g\u00f6r\u00fcyor ve b\u00f6lgenin k\u00fcresel turizmdeki b\u00fcy\u00fcmesini daha da h\u0131zland\u0131r\u0131yor.<br \/>\nKruvaziyer end\u00fcstrisi de benzer bir de\u011fi\u015fim ya\u015f\u0131yor. Orta Do\u011fu krizinin neden oldu\u011fu aksakl\u0131\u011fa yan\u0131t olarak, MSC Cruises amiral gemisi MSC World Europa&#8217;n\u0131n 2026\u20132027 sezonu i\u00e7in Karayipler&#8217;e yeniden konu\u015fland\u0131r\u0131laca\u011f\u0131n\u0131 duyurdu. Ba\u015flang\u0131\u00e7ta Arap K\u00f6rfezi&#8217;nde faaliyet g\u00f6stermesi planlanan gemi, art\u0131k Frans\u0131z Antilleri ve Barbados&#8217;u i\u00e7eren g\u00fczergahlar sunacak ve binlerce y\u00fcksek de\u011ferli yolcuyu K\u00f6rfez&#8217;den Karayipler&#8217;e etkili bir \u015fekilde transfer edecek.<br \/>\nBu hamle, \u015firketlerin gemileri Karayipler gibi daha istikrarl\u0131 b\u00f6lgelere y\u00f6nlendirdi\u011fi kruvaziyer end\u00fcstrisinin daha geni\u015f bir yeniden kalibrasyonunu vurguluyor. Bu yeniden y\u00f6nlendirme, sadece turizm say\u0131lar\u0131 a\u00e7\u0131s\u0131ndan adalara fayda sa\u011flamakla kalm\u0131yor, ayn\u0131 zamanda daha g\u00fcvenli ve daha g\u00fcvenilir se\u00e7enekler arayan gezginler i\u00e7in genel deneyimi de geli\u015ftiriyor.<br \/>\nDe\u011fi\u015fen Tercihler: Karayipler&#8217;e Direkt Uzun U\u00e7u\u015flara Talep<br \/>\nOrta Do\u011fu&#8217;daki kriz, uzun mesafeli gezginler aras\u0131ndaki seyahat tercihlerini de de\u011fi\u015ftirdi. Birle\u015fik Krall\u0131k ve Avrupa gibi kilit pazarlardan direkt u\u00e7u\u015flar sunan Karayipler gibi destinasyonlar, art\u0131k her zamankinden daha \u00e7ekici. \u00d6rne\u011fin, TUI Group, ba\u015flang\u0131\u00e7ta Orta Do\u011fu&#8217;yu ziyaret etmeyi planlayan m\u00fc\u015fterilerin art\u0131k alternatif destinasyonlar olarak Akdeniz ve Karayipler&#8217;i tercih etti\u011fini bildirdi. Bu e\u011filim, \u00f6zellikle Jamaika ve Dominik Cumhuriyeti&#8217;ne olan direkt uzun mesafeli Karayip rotalar\u0131 i\u00e7in g\u00fc\u00e7l\u00fc olup, en g\u00fc\u00e7l\u00fc talebi bu destinasyonlar g\u00f6rm\u00fc\u015ft\u00fcr.<br \/>\nOrta Do\u011fu&#8217;daki jeopolitik durumun gezginler i\u00e7in cazibesini azaltmas\u0131yla, Karayipler s\u0131cak hava, g\u00fczel plajlar ve k\u00fclt\u00fcrel a\u00e7\u0131dan zengin deneyimler sunan g\u00fcvenilir bir alternatif olarak ortaya \u00e7\u0131kt\u0131; \u00fcstelik Orta Do\u011fu veya G\u00fcney Pasifik&#8217;teki destinasyonlara k\u0131yasla daha k\u0131sa bir u\u00e7u\u015f mesafesinde.<br \/>\nK\u00fcresel seyahat modellerindeki aksakl\u0131k, Cayman Adalar\u0131 i\u00e7in \u00f6zellikle Avrupal\u0131 gezginler aras\u0131nda eri\u015fimini geni\u015fletmek ad\u0131na e\u015fsiz bir f\u0131rsat sundu. Tarihsel olarak, Avrupal\u0131 turistler Cayman&#8217;\u0131n ziyaret\u00e7ilerinin k\u00fc\u00e7\u00fck ama istikrarl\u0131 bir k\u0131sm\u0131n\u0131 olu\u015fturmu\u015f, genellikle toplam ziyaret\u00e7i say\u0131s\u0131n\u0131n yakla\u015f\u0131k %4-5&#8217;ini te\u015fkil etmi\u015ftir. Ancak bu k\u00fc\u00e7\u00fck pay y\u0131llar i\u00e7inde istikrarl\u0131 kalm\u0131\u015f ve 2026 y\u0131l\u0131na ait ilk veriler de benzer bir tabloyu i\u015faret etmektedir.<br \/>\nCayman Adalar\u0131 Turizm Departman\u0131, 2025 y\u0131l\u0131nda W Communications&#8217;\u0131 Birle\u015fik Krall\u0131k ve Avrupa halkla ili\u015fkiler ajans\u0131 olarak atamak da dahil olmak \u00fczere kaynak pazarlar\u0131n\u0131 \u00e7e\u015fitlendirmek i\u00e7in ad\u0131mlar att\u0131. Bu giri\u015fim, Cayman Adalar\u0131&#8217;n\u0131 Birle\u015fik Krall\u0131k ve Avrupal\u0131 gezginler i\u00e7in s\u0131cak hava destinasyonu olarak fark\u0131ndal\u0131\u011f\u0131n\u0131 art\u0131rmay\u0131 ve Orta Do\u011fu destinasyonlar\u0131na uygun bir alternatif olarak konumland\u0131rmay\u0131 hedefliyor.<br \/>\n\u00d6zellikle hava sahas\u0131 kapan\u0131\u015flar\u0131 ve Orta Do\u011fu&#8217;daki devam eden \u00e7at\u0131\u015fma nedeniyle Avrupal\u0131 turistler i\u00e7in seyahat talebi de\u011fi\u015firken, Cayman Adalar\u0131 bu b\u00fcy\u00fcyen pazardan faydalanmak i\u00e7in m\u00fckemmel bir konumda bulunuyor. B\u00f6lgenin Avrupa&#8217;daki varl\u0131\u011f\u0131n\u0131 art\u0131rma \u00e7abas\u0131, de\u011fi\u015fen seyahat trendleriyle m\u00fckemmel bir \u015fekilde uyum sa\u011fl\u0131yor ve Cayman&#8217;\u0131 cazip bir uzun mesafeli destinasyon olarak konumland\u0131r\u0131yor.<br \/>\nOrta Do\u011fu&#8217;daki kriz Karayip destinasyonlar\u0131na, \u00f6zellikle de Cayman Adalar\u0131&#8217;na olan talebi art\u0131r\u0131rken, y\u00fckselen seyahat maliyetleri b\u00fcy\u00fcmeye engel te\u015fkil edebilir. U\u00e7ak bileti fiyatlar\u0131, k\u0131smen Orta Do\u011fu&#8217;daki devam eden \u00e7at\u0131\u015fmaya ba\u011fl\u0131 olarak artan petrol fiyatlar\u0131 nedeniyle y\u00fckseldi. Sekt\u00f6r uzmanlar\u0131na g\u00f6re, havayollar\u0131 zaten kademeli olarak \u00fccret art\u0131\u015flar\u0131 uygulamaya ba\u015flad\u0131 ve yak\u0131t ek \u00fccretleri de y\u00fckseliyor. \u00d6rne\u011fin, British Airways, Londra&#8217;dan Cayman&#8217;a yap\u0131lan u\u00e7u\u015flarda yak\u0131t ek \u00fccretlerini ve vergileri art\u0131rd\u0131; bu da b\u00f6lgeye seyahat maliyetinin artt\u0131\u011f\u0131n\u0131n a\u00e7\u0131k bir g\u00f6stergesi.<br \/>\n\u00d6zellikle premium kabinlerdeki bu maliyet art\u0131\u015f\u0131, baz\u0131 gezginleri, \u00f6zellikle de zaten artan fiyatlara kar\u015f\u0131 hassas olanlar\u0131, potansiyel olarak fiyat d\u0131\u015f\u0131 b\u0131rakabilir. Karayipler daha \u00e7ekici bir destinasyon haline geldik\u00e7e, y\u00fcksek seyahat maliyetleri baz\u0131 ziyaret\u00e7ilerin Cayman Adalar\u0131&#8217;na seyahat rezervasyonu yapmas\u0131n\u0131 engelleyebilir. Ancak, b\u00f6lgenin cazibesi g\u00fc\u00e7l\u00fc kalmaya devam ediyor ve devam eden stratejik pazarlama, bu maliyet art\u0131\u015flar\u0131n\u0131n etkisini hafifletmeye yard\u0131mc\u0131 olabilir.<br \/>\n#CaymanAdalar\u0131 #KarayiplerTurizmi #OrtaDo\u011fuKrizi #K\u00fcreselTurizm #SeyahatTrendleri #TurizmF\u0131rsatlar\u0131 #KruvaziyerTurizmi #DirektU\u00e7u\u015flar #AvrupaSeyahat #2026Turizm<\/p>\n","protected":false},"excerpt":{"rendered":"<p>27 Nisan 2026&#8217;da yay\u0131nland\u0131 Orta Do\u011fu&#8217;da artan karga\u015fa, k\u00fcresel turizmde beklenmedik bir sonu\u00e7la \u015fok dalgalar\u0131 yarat\u0131yor: alternatif arayan gezginlerin ak\u0131n\u0131 ve Cayman Adalar\u0131 bu durumdan \u00f6nemli \u00f6l\u00e7\u00fcde faydalan\u0131yor. 2026 y\u0131l\u0131nda, Orta Do\u011fu&#8217;daki siyasi huzursuzluk nedeniyle bir\u00e7ok gezginin planlar\u0131n\u0131 de\u011fi\u015ftirmesiyle k\u00fcresel turizm modelleri yeniden \u015fekilleniyor. Bir\u00e7ok geleneksel turistik destinasyon aksakl\u0131klarla kar\u015f\u0131la\u015f\u0131rken, Karayip destinasyonlar\u0131, \u00f6zellikle Cayman Adalar\u0131, [&hellip;]<\/p>\n","protected":false},"author":2,"featured_media":0,"comment_status":"open","ping_status":"open","sticky":false,"template":"","format":"standard","meta":{"footnotes":""},"categories":[37],"tags":[],"class_list":["post-10966","post","type-post","status-publish","format-standard","hentry","category-orta-dogu-haberleri"],"_links":{"self":[{"href":"https:\/\/fajr.news\/index.php?rest_route=\/wp\/v2\/posts\/10966","targetHints":{"allow":["GET"]}}],"collection":[{"href":"https:\/\/fajr.news\/index.php?rest_route=\/wp\/v2\/posts"}],"about":[{"href":"https:\/\/fajr.news\/index.php?rest_route=\/wp\/v2\/types\/post"}],"author":[{"embeddable":true,"href":"https:\/\/fajr.news\/index.php?rest_route=\/wp\/v2\/users\/2"}],"replies":[{"embeddable":true,"href":"https:\/\/fajr.news\/index.php?rest_route=%2Fwp%2Fv2%2Fcomments&post=10966"}],"version-history":[{"count":0,"href":"https:\/\/fajr.news\/index.php?rest_route=\/wp\/v2\/posts\/10966\/revisions"}],"wp:attachment":[{"href":"https:\/\/fajr.news\/index.php?rest_route=%2Fwp%2Fv2%2Fmedia&parent=10966"}],"wp:term":[{"taxonomy":"category","embeddable":true,"href":"https:\/\/fajr.news\/index.php?rest_route=%2Fwp%2Fv2%2Fcategories&post=10966"},{"taxonomy":"post_tag","embeddable":true,"href":"https:\/\/fajr.news\/index.php?rest_route=%2Fwp%2Fv2%2Ftags&post=10966"}],"curies":[{"name":"wp","href":"https:\/\/api.w.org\/{rel}","templated":true}]}}