{"id":10944,"date":"2026-04-27T21:39:37","date_gmt":"2026-04-27T18:09:37","guid":{"rendered":"https:\/\/fajr.news\/?p=10944"},"modified":"2026-04-27T21:39:37","modified_gmt":"2026-04-27T18:09:37","slug":"orta-dogu-krizi-kuresel-turizm-akisini-cayman-adalarina-yonlendiriyor","status":"publish","type":"post","link":"https:\/\/fajr.news\/?p=10944&lang=tr","title":{"rendered":"Orta Do\u011fu Krizi, K\u00fcresel Turizm Ak\u0131\u015f\u0131n\u0131 Cayman Adalar\u0131&#8217;na Y\u00f6nlendiriyor"},"content":{"rendered":"<h1>Orta Do\u011fu Krizi, K\u00fcresel Turizm Ak\u0131\u015f\u0131n\u0131 Cayman Adalar\u0131&#8217;na Y\u00f6nlendiriyor<\/h1>\n<p>Orta Do\u011fu&#8217;daki t\u0131rmanan kriz, k\u00fcresel seyahat modellerini yeniden \u015fekillendirerek Cayman Adalar\u0131 da dahil olmak \u00fczere Karayip destinasyonlar\u0131na \u00f6nemli bir ivme kazand\u0131rabilir.<\/p>\n<h2>K\u00fcresel Turizmde Yeni Bir D\u00f6nem<\/h2>\n<p>Birle\u015fmi\u015f Milletler Turizm \u00d6rg\u00fct\u00fc&#8217;ne (UN Tourism) g\u00f6re, Orta Do\u011fu 2025 y\u0131l\u0131nda yakla\u015f\u0131k 100 milyon uluslararas\u0131 ziyaret\u00e7i a\u011f\u0131rlayarak k\u00fcresel turizmin yakla\u015f\u0131k %7&#8217;sini olu\u015fturuyordu. Ancak 28 \u015eubat&#8217;ta ABD ile \u0130ran aras\u0131ndaki \u00e7at\u0131\u015fman\u0131n patlak vermesi ve ard\u0131ndan b\u00f6lgedeki di\u011fer \u00fclkelere yay\u0131lmas\u0131yla bu pazar aniden par\u00e7aland\u0131.<\/p>\n<p>Hava sahas\u0131 kapan\u0131\u015flar\u0131, rotas\u0131 de\u011fi\u015ftirilen u\u00e7u\u015flar ve operasyonel aksakl\u0131klar \u015fimdiden binlerce iptale yol a\u00e7arak havayollar\u0131n\u0131 k\u00fcresel rota a\u011flar\u0131n\u0131 yeniden tasarlamaya zorlad\u0131. UN Tourism, aksakl\u0131\u011f\u0131n s\u00fcresine ba\u011fl\u0131 olarak Orta Do\u011fu&#8217;nun 2026 y\u0131l\u0131nda 12 ila 28 milyon uluslararas\u0131 ziyaret\u00e7i kaybedebilece\u011fini ve bunun 40 milyar dolara kadar turizm geliri kayb\u0131na yol a\u00e7abilece\u011fini tahmin ediyor.<\/p>\n<h2>Karayipler Y\u00fckseli\u015fte<\/h2>\n<p>Co\u011frafi uzakl\u0131\u011fa ra\u011fmen, Karayipler bu de\u011fi\u015fimin faydalan\u0131c\u0131lar\u0131ndan biri olarak \u00f6ne \u00e7\u0131k\u0131yor. Arama verileri erken bir sinyal veriyor: \u00c7at\u0131\u015fmalar\u0131n ba\u015flamas\u0131ndan sonraki ilk iki hafta i\u00e7inde, Birle\u015fik Krall\u0131k seyahat platformu TravelSupermarket&#8217;e g\u00f6re Karayip tatili aramalar\u0131 %81 oran\u0131nda artt\u0131. Turks ve Caicos Adalar\u0131 arama pay\u0131nda %119, Dominik Cumhuriyeti %100 ve Jamaika %49&#8217;luk bir s\u0131\u00e7rama ya\u015fad\u0131.<\/p>\n<p>Havayollar\u0131 \u015fimdiden tepki veriyor. Virgin Atlantic, Karayip rezervasyonlar\u0131nda keskin bir art\u0131\u015f bildirdi ve transatlantik gelirleri yaln\u0131zca Nisan ay\u0131nda %34 y\u00fckseldi. Ta\u015f\u0131y\u0131c\u0131 sadece artan talepten de\u011fil, ayn\u0131 zamanda zay\u0131flayan rekabetten de faydaland\u0131.<\/p>\n<p>Kruvaziyer end\u00fcstrisi de benzer bir yeniden yap\u0131lanma s\u00fcrecinden ge\u00e7iyor. MSC Cruises, amiral gemisi MSC World Europa i\u00e7in Arap K\u00f6rfezi k\u0131\u015f program\u0131n\u0131 iptal ederek gemiyi 2026-2027 sezonu i\u00e7in Karayipler&#8217;e y\u00f6nlendirdi. Yakla\u015f\u0131k 7.000 yolcu kapasiteli bu gemi, art\u0131k Frans\u0131z Antilleri ve Barbados&#8217;u i\u00e7eren rotalarda sefer yapacak ve binlerce y\u00fcksek de\u011ferli yolcuyu K\u00f6rfez&#8217;den Karayip sular\u0131na ta\u015f\u0131yacak.<\/p>\n<p>Tur operat\u00f6rleri, bu durumun iptallerden ziyade rotalar\u0131n yeniden belirlenmesi oldu\u011funu belirtiyor. TUI Group, Orta Do\u011fu seyahatlerinde teredd\u00fct ya\u015fand\u0131\u011f\u0131n\u0131 ve m\u00fc\u015fterilerin bunun yerine Akdeniz ve Karayipler&#8217;i tercih etti\u011fini bildirdi. \u00d6zellikle Jamaika ve Dominik Cumhuriyeti gibi destinasyonlara do\u011frudan uzun mesafeli Karayip rotalar\u0131 en g\u00fc\u00e7l\u00fc talebi g\u00f6r\u00fcyor.<\/p>\n<h2>Cayman Adalar\u0131 \u0130\u00e7in Stratejik Bir F\u0131rsat<\/h2>\n<p>Bu aksakl\u0131k, Cayman Adalar\u0131 i\u00e7in Avrupa pazar\u0131ndan daha b\u00fcy\u00fck bir pay alma f\u0131rsat\u0131 sunuyor. Avrupal\u0131 ziyaret\u00e7iler, son y\u0131llarda Cayman&#8217;\u0131n konaklamal\u0131 ziyaret\u00e7i say\u0131s\u0131n\u0131n k\u00fc\u00e7\u00fck ama istikrarl\u0131 bir b\u00f6l\u00fcm\u00fcn\u00fc olu\u015fturarak toplam ziyaret\u00e7ilerin %4 ila %5&#8217;ini temsil ediyordu.<\/p>\n<p>2025 y\u0131l\u0131nda Cayman, Avrupa&#8217;dan 21.186 ziyaret\u00e7i kaydederek toplam geli\u015flerin %4,7&#8217;sini olu\u015fturdu. Bu oran, pandemi \u00f6ncesi zirve y\u0131l\u0131 olan 2019&#8217;da kaydedilen %4,79&#8217;dan b\u00fcy\u00fck \u00f6l\u00e7\u00fcde de\u011fi\u015fmeyerek, istikrarl\u0131 ancak nispeten k\u00fc\u00e7\u00fck bir pazara i\u015faret ediyordu.<\/p>\n<p>2026 ba\u015f\u0131 verileri, bu e\u011filimin devam etti\u011fini g\u00f6steriyor; bu y\u0131l \u015fimdiye kadar 4.657 Avrupal\u0131 ziyaret\u00e7i veya geli\u015flerin %4,84&#8217;\u00fc kaydedildi. Ancak mevcut aksakl\u0131k bu dengeyi de\u011fi\u015ftirebilir. Avrupa Havac\u0131l\u0131k Emniyet Ajans\u0131 (EASA), havayollar\u0131na en az Nisan sonuna kadar Orta Do\u011fu ve K\u00f6rfez hava sahas\u0131n\u0131n b\u00fcy\u00fck bir b\u00f6l\u00fcm\u00fcnden ka\u00e7\u0131nmalar\u0131n\u0131 tavsiye etti. Bu durum hem Avrupal\u0131 ta\u015f\u0131y\u0131c\u0131lar\u0131 hem de Dubai ve Doha gibi b\u00fcy\u00fck merkezler \u00fczerinden ba\u011flant\u0131 kuran u\u00e7u\u015flar\u0131 etkiliyor.<\/p>\n<p>Sonu\u00e7 olarak, do\u011frudan, istikrarl\u0131 ve politik olarak uzak alternatifler sunan destinasyonlar fayda sa\u011flayacakt\u0131r. Karayipler ve \u00f6zellikle Cayman Adalar\u0131, aksakl\u0131klardan ka\u00e7\u0131nmak isteyen Avrupal\u0131 gezginler i\u00e7in daha rekabet\u00e7i hale gelebilir.<\/p>\n<p>Bu zamanlama, Cayman&#8217;\u0131n Avrupa&#8217;daki ayak izini geni\u015fletme \u00e7abalar\u0131yla da \u00f6rt\u00fc\u015f\u00fcyor. 2025 y\u0131l\u0131nda Cayman Adalar\u0131 Turizm Departman\u0131, fark\u0131ndal\u0131\u011f\u0131 art\u0131rmak ve kaynak pazarlar\u0131 \u00e7e\u015fitlendirmek amac\u0131yla be\u015f y\u0131ll\u0131k bir s\u00f6zle\u015fme kapsam\u0131nda W Communications&#8217;\u0131 Birle\u015fik Krall\u0131k ve Avrupa halkla ili\u015fkiler ajans\u0131 olarak atad\u0131. Bu strateji, Cayman&#8217;\u0131 Birle\u015fik Krall\u0131k ve Avrupal\u0131 gezginler i\u00e7in s\u0131cak hava destinasyonu olarak konumland\u0131r\u0131rken, ana Kuzey Amerika taban\u0131n\u0131n \u00f6tesinde dayan\u0131kl\u0131l\u0131k olu\u015fturmay\u0131 hedefliyor.<\/p>\n<p>Dart Enterprises&#8217;\u0131n aktif yat\u0131r\u0131mlar k\u0131demli ba\u015fkan yard\u0131mc\u0131s\u0131 Enrique Tasende, &#8220;Otellerimizde, ba\u015flang\u0131\u00e7ta Orta Do\u011fu veya Bora Bora ya da Fiji gibi ba\u015fka yerlerde planlanan konaklamalardan birka\u00e7 rezervasyon g\u00f6rd\u00fck. Ancak \u015fimdilik \u00f6nemli bir \u015fey yok,&#8221; dedi. Dart Enterprises&#8217;\u0131n portf\u00f6y\u00fcnde The Ritz-Carlton, Grand Cayman ve Kimpton Seafire Resort + Spa bulunuyor.<\/p>\n<h2>Artan Seyahat Maliyetleri<\/h2>\n<p>Ancak tablo tamamen basit de\u011fil. B\u00f6lgeye olan talebi art\u0131ran ayn\u0131 g\u00fc\u00e7ler, maliyetleri de yukar\u0131 \u00e7ekiyor.<\/p>\n<p>Uluslararas\u0131 Para Fonu (IMF) Bat\u0131 Yar\u0131mk\u00fcre Departman\u0131 Direkt\u00f6r\u00fc Nigel Chalk, turizme b\u00fcy\u00fck \u00f6l\u00e7\u00fcde ba\u011f\u0131ml\u0131 Karayip ekonomilerinin, devam eden Orta Do\u011fu \u00e7at\u0131\u015fmas\u0131yla ba\u011flant\u0131l\u0131 artan petrol fiyatlar\u0131ndan orant\u0131s\u0131z bir bask\u0131yla kar\u015f\u0131 kar\u015f\u0131ya kalabilece\u011fi konusunda uyard\u0131.<\/p>\n<p>IMF yetkilisi, turizm performans\u0131n\u0131n yak\u0131t maliyetleri ve k\u00fcresel seyahat talebiyle ne kadar yak\u0131ndan ili\u015fkili oldu\u011fu g\u00f6z \u00f6n\u00fcne al\u0131nd\u0131\u011f\u0131nda, b\u00f6lgenin g\u00f6r\u00fcn\u00fcm\u00fcn\u00fcn artan bir endi\u015fe kayna\u011f\u0131 oldu\u011funu belirtti.<\/p>\n<p>Cayman Travel Services&#8217;tan Mindy Hennings, havayollar\u0131n\u0131n kademeli olarak \u00fccret art\u0131\u015flar\u0131, daha y\u00fcksek bagaj \u00fccretleri ve ek \u00fccretler uygulamaya ba\u015flad\u0131\u011f\u0131n\u0131 s\u00f6yledi. Art\u0131\u015flar\u0131n \u015fimdilik m\u00fctevaz\u0131 kald\u0131\u011f\u0131n\u0131, ancak aksakl\u0131\u011f\u0131n ne kadar s\u00fcrece\u011fine ba\u011fl\u0131 olarak t\u0131rmanabilece\u011fini belirtti.<\/p>\n<p>Travel Pros Cayman&#8217;dan Fiona Brander, British Airways&#8217;in do\u011frudan Cayman-Londra rotas\u0131n\u0131 a\u00e7\u0131k bir \u00f6rnek olarak g\u00f6stererek, yak\u0131t ek \u00fccretleri ve vergilerin ekonomi s\u0131n\u0131f\u0131nda yeti\u015fkin ba\u015f\u0131na %9,3 artt\u0131\u011f\u0131n\u0131, bunun baz \u00fccrete ek olarak geldi\u011fini kaydetti. Premium kabinlerde ise art\u0131\u015flar daha da belirgin.<\/p>\n<p>Bu artan maliyetler, stratejik f\u0131rsat\u0131n kalbinde bir gerilim yarat\u0131yor. Bir yandan, g\u00fcvenlik endi\u015feleri ve ba\u015fka yerlerdeki ba\u011flant\u0131 kesintileri nedeniyle talep Karayipler&#8217;e do\u011fru kay\u0131yor. Di\u011fer yandan, daha y\u00fcksek u\u00e7ak biletleri baz\u0131 gezginleri tamamen pazar\u0131n d\u0131\u015f\u0131na itme riski ta\u015f\u0131yor.<\/p>\n<p>#OrtaDo\u011fuKrizi #K\u00fcreselTurizm #Karayipler #CaymanAdalar\u0131 #SeyahatTrendleri #TurizmEkonomisi #AvrupaPazar\u0131 #U\u00e7u\u015f\u0130ptalleri #KruvaziyerTurizmi #SeyahatMaliyetleri<\/p>\n","protected":false},"excerpt":{"rendered":"<p>Orta Do\u011fu Krizi, K\u00fcresel Turizm Ak\u0131\u015f\u0131n\u0131 Cayman Adalar\u0131&#8217;na Y\u00f6nlendiriyor Orta Do\u011fu&#8217;daki t\u0131rmanan kriz, k\u00fcresel seyahat modellerini yeniden \u015fekillendirerek Cayman Adalar\u0131 da dahil olmak \u00fczere Karayip destinasyonlar\u0131na \u00f6nemli bir ivme kazand\u0131rabilir. K\u00fcresel Turizmde Yeni Bir D\u00f6nem Birle\u015fmi\u015f Milletler Turizm \u00d6rg\u00fct\u00fc&#8217;ne (UN Tourism) g\u00f6re, Orta Do\u011fu 2025 y\u0131l\u0131nda yakla\u015f\u0131k 100 milyon uluslararas\u0131 ziyaret\u00e7i a\u011f\u0131rlayarak k\u00fcresel turizmin yakla\u015f\u0131k [&hellip;]<\/p>\n","protected":false},"author":2,"featured_media":10945,"comment_status":"open","ping_status":"open","sticky":false,"template":"","format":"standard","meta":{"footnotes":""},"categories":[37],"tags":[],"class_list":["post-10944","post","type-post","status-publish","format-standard","has-post-thumbnail","hentry","category-orta-dogu-haberleri"],"_links":{"self":[{"href":"https:\/\/fajr.news\/index.php?rest_route=\/wp\/v2\/posts\/10944","targetHints":{"allow":["GET"]}}],"collection":[{"href":"https:\/\/fajr.news\/index.php?rest_route=\/wp\/v2\/posts"}],"about":[{"href":"https:\/\/fajr.news\/index.php?rest_route=\/wp\/v2\/types\/post"}],"author":[{"embeddable":true,"href":"https:\/\/fajr.news\/index.php?rest_route=\/wp\/v2\/users\/2"}],"replies":[{"embeddable":true,"href":"https:\/\/fajr.news\/index.php?rest_route=%2Fwp%2Fv2%2Fcomments&post=10944"}],"version-history":[{"count":0,"href":"https:\/\/fajr.news\/index.php?rest_route=\/wp\/v2\/posts\/10944\/revisions"}],"wp:featuredmedia":[{"embeddable":true,"href":"https:\/\/fajr.news\/index.php?rest_route=\/wp\/v2\/media\/10945"}],"wp:attachment":[{"href":"https:\/\/fajr.news\/index.php?rest_route=%2Fwp%2Fv2%2Fmedia&parent=10944"}],"wp:term":[{"taxonomy":"category","embeddable":true,"href":"https:\/\/fajr.news\/index.php?rest_route=%2Fwp%2Fv2%2Fcategories&post=10944"},{"taxonomy":"post_tag","embeddable":true,"href":"https:\/\/fajr.news\/index.php?rest_route=%2Fwp%2Fv2%2Ftags&post=10944"}],"curies":[{"name":"wp","href":"https:\/\/api.w.org\/{rel}","templated":true}]}}