{"id":10936,"date":"2026-04-27T21:34:12","date_gmt":"2026-04-27T18:04:12","guid":{"rendered":"https:\/\/fajr.news\/?p=10936"},"modified":"2026-04-27T21:34:12","modified_gmt":"2026-04-27T18:04:12","slug":"trump-kushner-ve-witkoffun-iran-gorusmeleri-icin-pakistan-ziyaretini-iptal-ettigini-acikladi","status":"publish","type":"post","link":"https:\/\/fajr.news\/?p=10936&lang=tr","title":{"rendered":"Trump, Kushner ve Witkoff&#8217;un \u0130ran g\u00f6r\u00fc\u015fmeleri i\u00e7in Pakistan ziyaretini iptal etti\u011fini a\u00e7\u0131klad\u0131"},"content":{"rendered":"<p>Ba\u015fkan Trump, ABD el\u00e7ileri Steve Witkoff ve Jared Kushner&#8217;\u0131n \u0130ran bar\u0131\u015f g\u00f6r\u00fc\u015fmeleri i\u00e7in Pakistan&#8217;\u0131n ba\u015fkenti \u0130slamabad&#8217;a yapmay\u0131 planlad\u0131klar\u0131 geziyi iptal etti\u011fini duyurdu. Trump, bu karar\u0131, &#8220;T\u00fcm kartlar bizde, onlarda hi\u00e7bir \u015fey yok!&#8221; s\u00f6zleriyle gerek\u00e7elendirdi. Seyahate \u00e7ok fazla zaman harcand\u0131\u011f\u0131n\u0131 ve \u0130ran liderli\u011fi i\u00e7inde b\u00fcy\u00fck bir i\u00e7 \u00e7eki\u015fme ve kafa kar\u0131\u015f\u0131kl\u0131\u011f\u0131 oldu\u011funu belirtti.<\/p>\n<p>Daha \u00f6nce Beyaz Saray bas\u0131n sekreteri Karoline Leavitt, ikilinin kal\u0131c\u0131 bir bar\u0131\u015f anla\u015fmas\u0131 aray\u0131\u015f\u0131nda &#8220;do\u011frudan g\u00f6r\u00fc\u015fmeler&#8221; i\u00e7in \u0130slamabad&#8217;a gidece\u011fini s\u00f6ylemi\u015fti. Ancak \u0130ran D\u0131\u015fi\u015fleri Bakan\u0131 Abbas Araghchi, Pakistanl\u0131 yetkililerle yakla\u015f\u0131k 20 saat s\u00fcren g\u00f6r\u00fc\u015fmelerin ard\u0131ndan Cumartesi g\u00fcn\u00fc \u0130slamabad&#8217;dan Umman&#8217;a gitmi\u015fti. Araghchi, ABD temsilcileriyle do\u011frudan g\u00f6r\u00fc\u015fme plan\u0131 olmad\u0131\u011f\u0131n\u0131 belirtmi\u015fti.<\/p>\n<p>Trump, Truth Social&#8217;da yapt\u0131\u011f\u0131 a\u00e7\u0131klamada, &#8220;Temsilcilerimin \u0130ranl\u0131larla g\u00f6r\u00fc\u015fmek \u00fczere Pakistan&#8217;\u0131n \u0130slamabad kentine gitme gezisini az \u00f6nce iptal ettim. Seyahate \u00e7ok fazla zaman harcand\u0131, \u00e7ok fazla i\u015f var!&#8221; diye yazd\u0131. Ayr\u0131ca, &#8220;Liderlikleri i\u00e7inde muazzam bir i\u00e7 \u00e7eki\u015fme ve kafa kar\u0131\u015f\u0131kl\u0131\u011f\u0131 var. Kimin sorumlu oldu\u011funu kendileri bile bilmiyor. Ayr\u0131ca, t\u00fcm kartlar bizde, onlarda hi\u00e7bir \u015fey yok! Konu\u015fmak isterlerse, tek yapmalar\u0131 gereken aramak!!!&#8221; ifadelerini kulland\u0131.<br \/>\n#Trump #\u0130ran #Pakistan #Bar\u0131\u015fG\u00f6r\u00fc\u015fmeleri #Kushner #Witkoff #Diplomasi #ABD #Ortado\u011fu #Uluslararas\u0131\u0130li\u015fkiler<\/p>\n","protected":false},"excerpt":{"rendered":"<p>Ba\u015fkan Trump, ABD el\u00e7ileri Steve Witkoff ve Jared Kushner&#8217;\u0131n \u0130ran bar\u0131\u015f g\u00f6r\u00fc\u015fmeleri i\u00e7in Pakistan&#8217;\u0131n ba\u015fkenti \u0130slamabad&#8217;a yapmay\u0131 planlad\u0131klar\u0131 geziyi iptal etti\u011fini duyurdu. Trump, bu karar\u0131, &#8220;T\u00fcm kartlar bizde, onlarda hi\u00e7bir \u015fey yok!&#8221; s\u00f6zleriyle gerek\u00e7elendirdi. Seyahate \u00e7ok fazla zaman harcand\u0131\u011f\u0131n\u0131 ve \u0130ran liderli\u011fi i\u00e7inde b\u00fcy\u00fck bir i\u00e7 \u00e7eki\u015fme ve kafa kar\u0131\u015f\u0131kl\u0131\u011f\u0131 oldu\u011funu belirtti. Daha \u00f6nce Beyaz [&hellip;]<\/p>\n","protected":false},"author":2,"featured_media":10937,"comment_status":"open","ping_status":"open","sticky":false,"template":"","format":"standard","meta":{"footnotes":""},"categories":[31],"tags":[],"class_list":["post-10936","post","type-post","status-publish","format-standard","has-post-thumbnail","hentry","category-iran-haberleri"],"_links":{"self":[{"href":"https:\/\/fajr.news\/index.php?rest_route=\/wp\/v2\/posts\/10936","targetHints":{"allow":["GET"]}}],"collection":[{"href":"https:\/\/fajr.news\/index.php?rest_route=\/wp\/v2\/posts"}],"about":[{"href":"https:\/\/fajr.news\/index.php?rest_route=\/wp\/v2\/types\/post"}],"author":[{"embeddable":true,"href":"https:\/\/fajr.news\/index.php?rest_route=\/wp\/v2\/users\/2"}],"replies":[{"embeddable":true,"href":"https:\/\/fajr.news\/index.php?rest_route=%2Fwp%2Fv2%2Fcomments&post=10936"}],"version-history":[{"count":0,"href":"https:\/\/fajr.news\/index.php?rest_route=\/wp\/v2\/posts\/10936\/revisions"}],"wp:featuredmedia":[{"embeddable":true,"href":"https:\/\/fajr.news\/index.php?rest_route=\/wp\/v2\/media\/10937"}],"wp:attachment":[{"href":"https:\/\/fajr.news\/index.php?rest_route=%2Fwp%2Fv2%2Fmedia&parent=10936"}],"wp:term":[{"taxonomy":"category","embeddable":true,"href":"https:\/\/fajr.news\/index.php?rest_route=%2Fwp%2Fv2%2Fcategories&post=10936"},{"taxonomy":"post_tag","embeddable":true,"href":"https:\/\/fajr.news\/index.php?rest_route=%2Fwp%2Fv2%2Ftags&post=10936"}],"curies":[{"name":"wp","href":"https:\/\/api.w.org\/{rel}","templated":true}]}}