{"id":10908,"date":"2026-04-27T21:05:06","date_gmt":"2026-04-27T17:35:06","guid":{"rendered":"https:\/\/fajr.news\/?p=10908"},"modified":"2026-04-27T21:05:06","modified_gmt":"2026-04-27T17:35:06","slug":"iran-gelismeleri-pakistan-abd-iran-baris-gorusmelerini-canlandirmaya-calisiyor-abluka-devam-ediyor","status":"publish","type":"post","link":"https:\/\/fajr.news\/?p=10908&lang=tr","title":{"rendered":"\u0130ran Geli\u015fmeleri: Pakistan ABD-\u0130ran Bar\u0131\u015f G\u00f6r\u00fc\u015fmelerini Canland\u0131rmaya \u00c7al\u0131\u015f\u0131yor, Abluka Devam Ediyor"},"content":{"rendered":"<p>Pakistanl\u0131 liderler, ABD ve \u0130ran aras\u0131ndaki bar\u0131\u015f g\u00f6r\u00fc\u015fmelerini yeniden canland\u0131rmak i\u00e7in \u00e7abalar\u0131n\u0131 s\u00fcrd\u00fcr\u00fcrken, \u00fcst d\u00fczey Amerikal\u0131 ve \u0130ranl\u0131 yetkililer aras\u0131ndaki yeni bir m\u00fczakere turu hala belirsizli\u011fini koruyor. B\u00f6lgesel bir yetkilinin Associated Press&#8217;e anonimlik ko\u015fuluyla verdi\u011fi bilgiye g\u00f6re, Pakistan \u00f6nc\u00fcl\u00fc\u011f\u00fcndeki arabulucular\u0131n k\u00f6pr\u00fc kurmaya \u00e7al\u0131\u015ft\u0131\u011f\u0131 ABD ve \u0130ran talepleri aras\u0131nda \u00f6nemli bir u\u00e7urum bulunuyor.<\/p>\n<p><strong>\u0130ran, herhangi yeni bir g\u00f6r\u00fc\u015fmenin \u00f6n ko\u015fulu olarak ABD&#8217;nin k\u0131y\u0131lar\u0131na uygulad\u0131\u011f\u0131 ablukay\u0131 kald\u0131rmas\u0131n\u0131 talep ediyor.<\/strong> Bu arada, Ba\u015fkan Donald Trump, m\u00fczakereler i\u00e7in el\u00e7ileri Steve Witkoff ve Jared Kushner&#8217;\u0131 Pakistan&#8217;a g\u00f6ndermeyi planlam\u0131\u015f, ancak hafta sonu rotas\u0131n\u0131 de\u011fi\u015ftirerek gitmemeleri y\u00f6n\u00fcnde talimat vermi\u015fti. ABD ordusunun Merkez Komutanl\u0131\u011f\u0131 ablukaya ili\u015fkin bir g\u00fcncelleme yaparak, \u015fu ana kadar 38 gemiyi geri d\u00f6nmeye zorlad\u0131klar\u0131n\u0131 belirtti.<\/p>\n<h2>Pazartesi Geli\u015fmeleri:<\/h2>\n<ul>\n<li><strong>Birle\u015fik Krall\u0131k ABD Ablukas\u0131n\u0131 Desteklemiyor:<\/strong> Avrupa ve Kuzey Amerika&#8217;dan sorumlu Devlet Bakan\u0131 Stephen Doughty, \u0130ran&#8217;\u0131n &#8220;d\u00fcnyan\u0131n geri kalan\u0131n\u0131 rehin tuttu\u011fu&#8221; sonucuna var\u0131rken, Birle\u015fik Krall\u0131k&#8217;\u0131n H\u00fcrm\u00fcz Bo\u011faz\u0131&#8217;nda \u0130ran merkezli gemilere y\u00f6nelik ABD ablukas\u0131n\u0131 desteklemedi\u011fini belirtti. Doughty, gemilerin bo\u011fazdan g\u00fcvenli ve engelsiz bir \u015fekilde ge\u00e7mesi gerekti\u011fini, bunun &#8220;ge\u00e7i\u015f \u00fccreti, g\u00fcvenlik riski olmamas\u0131 ve elbette seyr\u00fcsefer \u00f6zg\u00fcrl\u00fc\u011f\u00fcne ili\u015fkin uluslararas\u0131 yasalara uyulmas\u0131&#8221; anlam\u0131na geldi\u011fini vurgulad\u0131. Bu a\u00e7\u0131klama, ABD&#8217;nin tek tarafl\u0131 eylemlerine kar\u015f\u0131 uluslararas\u0131 toplumdaki rahats\u0131zl\u0131\u011f\u0131 g\u00f6zler \u00f6n\u00fcne seriyor.<\/li>\n<li><strong>Temsilciler Meclisi Az\u0131nl\u0131k Lideri Trump&#8217;\u0131 Ele\u015ftirdi:<\/strong> Temsilciler Meclisi Az\u0131nl\u0131k Lideri Hakeem Jeffries, sosyal medya payla\u015f\u0131m\u0131nda Ba\u015fkan Trump&#8217;\u0131 bir kez daha ele\u015ftirdi. Jeffries, X platformunda H\u00fcrm\u00fcz Bo\u011faz\u0131&#8217;n\u0131n kapanmas\u0131n\u0131, benzin fiyatlar\u0131n\u0131 ve Trump&#8217;\u0131n &#8220;se\u00e7im sava\u015f\u0131&#8221;n\u0131n vergi m\u00fckellefleri \u00fczerindeki etkisini tart\u0131\u015ft\u0131. Bu ele\u015ftiriler, ABD i\u00e7indeki muhalefetin Trump&#8217;\u0131n \u0130ran politikalar\u0131na y\u00f6nelik ciddi endi\u015felerini yans\u0131t\u0131yor.<\/li>\n<li><strong>Putin \u0130ran ile G\u00f6r\u00fc\u015fecek:<\/strong> Rusya Devlet Ba\u015fkan\u0131 Vladimir Putin&#8217;in Pazartesi g\u00fcn\u00fc Rusya&#8217;da \u0130ran D\u0131\u015fi\u015fleri Bakan\u0131 Abbas Araghchi ile bir araya gelmesi planlan\u0131yor. Bu g\u00f6r\u00fc\u015fme, Ba\u015fkan Trump&#8217;\u0131n bar\u0131\u015f m\u00fczakereleri i\u00e7in Pakistan&#8217;a yap\u0131lmas\u0131 planlanan ABD heyeti gezisini iptal etmesinden bir g\u00fcn sonra ger\u00e7ekle\u015fiyor. Kremlin S\u00f6zc\u00fcs\u00fc Dmitry Peskov, &#8220;\u0130ran ve Orta Do\u011fu&#8217;daki durumun nas\u0131l geli\u015fti\u011fi a\u00e7\u0131s\u0131ndan bu g\u00f6r\u00fc\u015fmenin \u00f6nemi k\u00fc\u00e7\u00fcmsenemez&#8221; dedi. Bu bulu\u015fma, b\u00f6lgesel akt\u00f6rlerin ABD&#8217;nin tek tarafl\u0131 politikalar\u0131na kar\u015f\u0131 i\u015f birli\u011fini g\u00fc\u00e7lendirme aray\u0131\u015f\u0131n\u0131 g\u00f6steriyor.<\/li>\n<li><strong>\u0130ran, N\u00fckleer Anla\u015fma Olmadan Bo\u011faz\u0131 Yeniden A\u00e7mak \u0130stiyor:<\/strong> \u0130ran, H\u00fcrm\u00fcz Bo\u011faz\u0131&#8217;n\u0131 n\u00fckleer programlar\u0131 konusunda ABD ile bir anla\u015fmaya varmadan yeniden a\u00e7may\u0131 teklif ediyor. B\u00f6lgesel yetkililere g\u00f6re, Pakistan arac\u0131l\u0131\u011f\u0131yla ABD&#8217;ye iletilen bu teklifte \u0130ran, ABD&#8217;nin ablukay\u0131 sona erdirmesini istiyor. Ba\u015fkan Trump ise \u0130ran&#8217;\u0131n n\u00fckleer program\u0131n\u0131n H\u00fcrm\u00fcz Bo\u011faz\u0131&#8217;n\u0131n yeniden a\u00e7\u0131lmas\u0131n\u0131 i\u00e7eren anla\u015fman\u0131n bir par\u00e7as\u0131 oldu\u011fu konusunda \u0131srar etmeye devam ediyor. \u0130ran&#8217;\u0131n bu kararl\u0131 duru\u015fu, kendi egemenlik haklar\u0131n\u0131 koruma ve uluslararas\u0131 hukuka uygun hareket etme iradesini ortaya koyuyor.<\/li>\n<\/ul>\n<p>#\u0130ran #ABD #Pakistan #H\u00fcrm\u00fczBo\u011faz\u0131 #Abluka #Bar\u0131\u015fG\u00f6r\u00fc\u015fmeleri #Uluslararas\u0131Hukuk #Rusya #DonaldTrump #Ortado\u011fu<\/p>\n","protected":false},"excerpt":{"rendered":"<p>Pakistanl\u0131 liderler, ABD ve \u0130ran aras\u0131ndaki bar\u0131\u015f g\u00f6r\u00fc\u015fmelerini yeniden canland\u0131rmak i\u00e7in \u00e7abalar\u0131n\u0131 s\u00fcrd\u00fcr\u00fcrken, \u00fcst d\u00fczey Amerikal\u0131 ve \u0130ranl\u0131 yetkililer aras\u0131ndaki yeni bir m\u00fczakere turu hala belirsizli\u011fini koruyor. B\u00f6lgesel bir yetkilinin Associated Press&#8217;e anonimlik ko\u015fuluyla verdi\u011fi bilgiye g\u00f6re, Pakistan \u00f6nc\u00fcl\u00fc\u011f\u00fcndeki arabulucular\u0131n k\u00f6pr\u00fc kurmaya \u00e7al\u0131\u015ft\u0131\u011f\u0131 ABD ve \u0130ran talepleri aras\u0131nda \u00f6nemli bir u\u00e7urum bulunuyor. \u0130ran, herhangi yeni [&hellip;]<\/p>\n","protected":false},"author":2,"featured_media":10909,"comment_status":"open","ping_status":"open","sticky":false,"template":"","format":"standard","meta":{"footnotes":""},"categories":[31],"tags":[],"class_list":["post-10908","post","type-post","status-publish","format-standard","has-post-thumbnail","hentry","category-iran-haberleri"],"_links":{"self":[{"href":"https:\/\/fajr.news\/index.php?rest_route=\/wp\/v2\/posts\/10908","targetHints":{"allow":["GET"]}}],"collection":[{"href":"https:\/\/fajr.news\/index.php?rest_route=\/wp\/v2\/posts"}],"about":[{"href":"https:\/\/fajr.news\/index.php?rest_route=\/wp\/v2\/types\/post"}],"author":[{"embeddable":true,"href":"https:\/\/fajr.news\/index.php?rest_route=\/wp\/v2\/users\/2"}],"replies":[{"embeddable":true,"href":"https:\/\/fajr.news\/index.php?rest_route=%2Fwp%2Fv2%2Fcomments&post=10908"}],"version-history":[{"count":0,"href":"https:\/\/fajr.news\/index.php?rest_route=\/wp\/v2\/posts\/10908\/revisions"}],"wp:featuredmedia":[{"embeddable":true,"href":"https:\/\/fajr.news\/index.php?rest_route=\/wp\/v2\/media\/10909"}],"wp:attachment":[{"href":"https:\/\/fajr.news\/index.php?rest_route=%2Fwp%2Fv2%2Fmedia&parent=10908"}],"wp:term":[{"taxonomy":"category","embeddable":true,"href":"https:\/\/fajr.news\/index.php?rest_route=%2Fwp%2Fv2%2Fcategories&post=10908"},{"taxonomy":"post_tag","embeddable":true,"href":"https:\/\/fajr.news\/index.php?rest_route=%2Fwp%2Fv2%2Ftags&post=10908"}],"curies":[{"name":"wp","href":"https:\/\/api.w.org\/{rel}","templated":true}]}}