{"id":10902,"date":"2026-04-27T20:50:12","date_gmt":"2026-04-27T17:20:12","guid":{"rendered":"https:\/\/fajr.news\/?p=10902"},"modified":"2026-04-27T20:50:12","modified_gmt":"2026-04-27T17:20:12","slug":"aegean-havayollari-bolgesel-kesintilerin-ardindan-ucuslara-kademeli-olarak-yeniden-baslarken-orta-dogu-rotalari-yeniden-odakta","status":"publish","type":"post","link":"https:\/\/fajr.news\/?p=10902&lang=tr","title":{"rendered":"AEGEAN Havayollar\u0131 B\u00f6lgesel Kesintilerin Ard\u0131ndan U\u00e7u\u015flara Kademeli Olarak Yeniden Ba\u015flarken Orta Do\u011fu Rotalar\u0131 Yeniden Odakta"},"content":{"rendered":"<div>\n<p>27 Nisan 2026 tarihinde yay\u0131nland\u0131<\/p>\n<p>AEGEAN Havayollar\u0131, b\u00f6lgedeki son d\u00f6nemdeki hassas durum nedeniyle ge\u00e7ici olarak ask\u0131ya ald\u0131\u011f\u0131 Orta Do\u011fu rotalar\u0131n\u0131n bir\u00e7o\u011funa kademeli olarak yeniden ba\u015flama planlar\u0131n\u0131 duyurdu. Yunanistan&#8217;\u0131n en b\u00fcy\u00fck ta\u015f\u0131y\u0131c\u0131lar\u0131ndan biri olan havayolu \u015firketi, b\u00f6lgedeki artan g\u00fcvenlik endi\u015feleri nedeniyle belirli Orta Do\u011fu destinasyonlar\u0131na u\u00e7u\u015flar\u0131 durdurma karar\u0131 alm\u0131\u015ft\u0131. Ancak, durumun istikrara kavu\u015fmas\u0131yla birlikte AEGEAN, kilit rotalarda operasyonlar\u0131na yeniden ba\u015flamaya haz\u0131rlan\u0131yor. Bu ad\u0131m, Yunanistan ile Orta Do\u011fu aras\u0131ndaki hava yolculu\u011fu i\u00e7in <strong>olumlu bir de\u011fi\u015fimin sinyalini veriyor<\/strong>.<\/p>\n<p>Bu u\u00e7u\u015flar\u0131n yeniden ba\u015flamas\u0131, AEGEAN da dahil olmak \u00fczere bir\u00e7ok havayolunun belirli destinasyonlara hizmetlerini durdurdu\u011fu, b\u00f6lgedeki belirsizli\u011fin artt\u0131\u011f\u0131 bir d\u00f6nemin ard\u0131ndan geliyor. Hizmetlere yeniden ba\u015flama karar\u0131, ko\u015fullar\u0131n iyile\u015fti\u011fini ve AEGEAN&#8217;\u0131n Tel Aviv, Riyad ve Amman gibi \u00f6nemli Orta Do\u011fu \u015fehirleriyle ba\u011flant\u0131lar\u0131n\u0131 yeniden kurmas\u0131na olanak tan\u0131d\u0131\u011f\u0131n\u0131 g\u00f6steriyor.<\/p>\n<h2><a id=\"kademeli-yeniden-baslama\" href=\"#kademeli-yeniden-baslama\">Orta Do\u011fu Rotalar\u0131n\u0131n Kademeli Olarak Yeniden Ba\u015flamas\u0131<\/a><\/h2>\n<p>\u0130lk u\u00e7u\u015f yeniden ba\u015flatma i\u015flemi 28 Nisan 2026 tarihinde ger\u00e7ekle\u015fecek olup, AEGEAN Atina&#8217;dan Tel Aviv&#8217;e olan rotas\u0131n\u0131 yeniden ba\u015flatacak. Bu, Yunanistan ile \u0130srail aras\u0131nda \u00f6nemli bir ba\u011flant\u0131. Bunu takiben, 30 Nisan 2026 tarihinde Kandiye&#8217;den Tel Aviv&#8217;e u\u00e7u\u015flar yeniden ba\u015flayacak ve AEGEAN&#8217;\u0131n Yunan adalar\u0131 ile \u0130srail aras\u0131ndaki ba\u011flant\u0131lar\u0131n\u0131 daha da g\u00fc\u00e7lendirecek.<\/p>\n<p>Havayolu ayr\u0131ca, May\u0131s 2026&#8217;da ek rotalar\u0131 yeniden ba\u015flatmay\u0131 planl\u0131yor. Bu rotalar aras\u0131nda 21 May\u0131s 2026 tarihinde Larnaka&#8217;dan Tel Aviv&#8217;e ve Rodos&#8217;tan Tel Aviv&#8217;e seferler bulunuyor. Ayr\u0131ca, Atina&#8217;dan Riyad&#8217;a ve Atina&#8217;dan Amman&#8217;a u\u00e7u\u015flar da 21 May\u0131s 2026 tarihinden itibaren havayolunun program\u0131na geri d\u00f6necek.<\/p>\n<p>Bu yeniden ba\u015flama tarihleri, havayolunun Orta Do\u011fu&#8217;daki varl\u0131\u011f\u0131n\u0131 yeniden in\u015fa etme \u00e7abalar\u0131n\u0131 yans\u0131t\u0131yor. Bu b\u00f6lge, Yunanistan&#8217;\u0131n havac\u0131l\u0131k end\u00fcstrisi i\u00e7in uzun s\u00fcredir <strong>\u00f6nemli bir pazar olmu\u015ftur<\/strong>. AEGEAN&#8217;\u0131n bu rotalar\u0131 yeniden ba\u015flatma karar\u0131, havayolunun Orta Do\u011fu&#8217;daki g\u00fcvenlik durumunun neden oldu\u011fu aksakl\u0131klar\u0131n ard\u0131ndan a\u011f\u0131n\u0131 geni\u015fletme ve iyile\u015ftirme stratejisinin bir par\u00e7as\u0131 olarak geliyor.<\/p>\n<h2><a id=\"yolculara-g\u00fcvence\" href=\"#yolculara-g\u00fcvence\">Yolculara G\u00fcvence: \u0130stikrara D\u00f6n\u00fc\u015f<\/a><\/h2>\n<p>AEGEAN Havayollar\u0131, Orta Do\u011fu&#8217;daki g\u00fcvenlik ortam\u0131n\u0131 yak\u0131ndan takip ediyor ve havayolunun bu rotalar\u0131 yeniden ba\u015flatma karar\u0131, yolcu g\u00fcvenli\u011fi konusunda bir g\u00fcvenceyle birlikte geliyor. Havayolu yapt\u0131\u011f\u0131 a\u00e7\u0131klamada, b\u00f6lgesel ko\u015fullar\u0131 yak\u0131ndan izlemeye devam etti\u011fini ve gerekti\u011finde g\u00fcncellemeler sa\u011flayaca\u011f\u0131n\u0131 do\u011frulad\u0131. Hizmetlerin yeniden ba\u015flat\u0131lmas\u0131na y\u00f6nelik bu dikkatli yakla\u015f\u0131m, AEGEAN&#8217;\u0131n de\u011fi\u015fen ko\u015fullara sorumlu bir \u015fekilde yan\u0131t verirken, yolcular\u0131n\u0131n ve personelinin g\u00fcvenli\u011fini \u00f6nceliklendirmesini sa\u011fl\u0131yor.<\/p>\n<p>Havayolunun yolcularla ileti\u015fimi \u015feffaf kalacak ve durum geli\u015ftik\u00e7e ek rotalarla ilgili daha fazla g\u00fcncellemenin yay\u0131nlanmas\u0131 bekleniyor. U\u00e7u\u015flar\u0131 kademeli olarak yeniden ba\u015flatarak AEGEAN, Orta Do\u011fu&#8217;ya olan seyahat talebini kar\u015f\u0131layabilirken, potansiyel zorluklara kar\u015f\u0131 operasyonel esnekli\u011fi s\u00fcrd\u00fcr\u00fcyor.<\/p>\n<h2><a id=\"orta-do\u011fu-ve-yunanistan-seyahatlerine-etki\" href=\"#orta-do\u011fu-ve-yunanistan-seyahatlerine-etki\">Orta Do\u011fu ve Yunanistan Seyahatlerine Etki<\/a><\/h2>\n<p>Bu Orta Do\u011fu rotalar\u0131n\u0131n yeniden ba\u015flamas\u0131n\u0131n, Yunanistan ile b\u00f6lge aras\u0131ndaki seyahat \u00fczerinde <strong>\u00f6nemli bir etkisi olmas\u0131 bekleniyor<\/strong>. \u0130srail, Suudi Arabistan ve \u00dcrd\u00fcn hem i\u015f hem de tatil ama\u00e7l\u0131 seyahat edenler i\u00e7in \u00f6nemli destinasyonlard\u0131r ve AEGEAN&#8217;\u0131n u\u00e7u\u015flar\u0131, Orta Do\u011fu ile hem turistler hem de gurbet\u00e7iler i\u00e7in pop\u00fcler bir destinasyon olan Yunanistan aras\u0131nda de\u011ferli ba\u011flant\u0131lar sa\u011fl\u0131yor.<\/p>\n<p>Yunanistan sakinleri, \u00f6zellikle Atina ve adalardan gelenler i\u00e7in bu rotalar, turizm, aile ziyaretleri veya i\u015f ama\u00e7l\u0131 olsun, \u00f6nemli Orta Do\u011fu merkezlerine kolay eri\u015fim sunuyor. Orta Do\u011fulu gezginler i\u00e7in ise Yunanistan, zengin k\u00fclt\u00fcrel miras\u0131, Akdeniz iklimi ve b\u00f6lgesel havalimanlar\u0131ndan eri\u015filebilirli\u011fi ile <strong>hala en g\u00f6zde destinasyonlardan biri<\/strong>.<\/p>\n<h2><a id=\"yunanistanin-turizm-ba\u011flant\u0131lar\u0131n\u0131-g\u00fc\u00e7lendirme\" href=\"#yunanistanin-turizm-ba\u011flant\u0131lar\u0131n\u0131-g\u00fc\u00e7lendirme\">Yunanistan&#8217;\u0131n Turizm Ba\u011flant\u0131lar\u0131n\u0131 G\u00fc\u00e7lendirme<\/a><\/h2>\n<p>AEGEAN&#8217;\u0131n yenilenen Orta Do\u011fu rotalar\u0131, Yunanistan&#8217;\u0131n turizm end\u00fcstrisini g\u00fc\u00e7lendirmede de kritik bir rol oynuyor. Yunanistan&#8217;\u0131n \u00f6nde gelen havayollar\u0131ndan biri olarak AEGEAN, Yunanistan ile uluslararas\u0131 pazarlar aras\u0131nda kritik hava ba\u011flant\u0131lar\u0131 sa\u011fl\u0131yor ve bu u\u00e7u\u015flar\u0131n yeniden ba\u015flamas\u0131n\u0131n, 2026&#8217;da zaten g\u00fc\u00e7l\u00fc b\u00fcy\u00fcme i\u015faretleri g\u00f6steren turizm sekt\u00f6r\u00fcn\u00fcn toparlanmas\u0131na katk\u0131da bulunmas\u0131 bekleniyor.<\/p>\n<p>Orta Do\u011fu&#8217;dan bir\u00e7ok gezgin, yaz aylar\u0131nda Yunanistan&#8217;\u0131 ziyaret ediyor ve Yunanistan&#8217;\u0131n b\u00fcy\u00fck \u015fehirlerine ve adalar\u0131na g\u00fcvenilir hava ba\u011flant\u0131lar\u0131n\u0131n olmas\u0131, ziyaret\u00e7i ak\u0131\u015f\u0131n\u0131 s\u00fcrd\u00fcrmek i\u00e7in <strong>hayati \u00f6nem ta\u015f\u0131yor<\/strong>. Ayr\u0131ca, Yunanistan&#8217;daki mevcut siyasi ve ekonomik istikrar, \u00f6zellikle daha fazla dalgalanma ya\u015fayan di\u011fer b\u00f6lgelere k\u0131yasla, Orta Do\u011fulu gezginler i\u00e7in cazip bir destinasyon olmas\u0131n\u0131 sa\u011fl\u0131yor.<\/p>\n<h2><a id=\"aegean-havac\u0131l\u0131k-manzaras\u0131ndaki-rol\u00fc\" href=\"#aegean-havac\u0131l\u0131k-manzaras\u0131ndaki-rol\u00fc\">AEGEAN&#8217;\u0131n Daha Geni\u015f Havac\u0131l\u0131k Manzaras\u0131ndaki Rol\u00fc<\/a><\/h2>\n<p>Orta Do\u011fu, AEGEAN Havayollar\u0131 i\u00e7in \u00f6nemli bir pazar ve bu rotalar\u0131n yeniden ba\u015flamas\u0131, havayolunun daha geni\u015f Avrupa ve uluslararas\u0131 havac\u0131l\u0131k pazar\u0131ndaki stratejik \u00f6nemini yans\u0131t\u0131yor. Rota a\u011f\u0131n\u0131 dikkatli bir \u015fekilde y\u00f6neterek AEGEAN, Yunanistan ile Orta Do\u011fu aras\u0131nda sorunsuz ba\u011flant\u0131lar sunabiliyor, b\u00f6lgeler aras\u0131ndaki turizmi ve ticari al\u0131\u015fveri\u015fi kolayla\u015ft\u0131r\u0131yor.<\/p>\n<p>Uluslararas\u0131 hava yolculu\u011fu toparlanmaya devam ederken, AEGEAN, Avrupa ile Orta Do\u011fu aras\u0131ndaki do\u011frudan u\u00e7u\u015flara olan artan talepten yararlanmaya haz\u0131r. Havayolunun g\u00fc\u00e7l\u00fc hizmet itibar\u0131 ve g\u00fcvenlik odakl\u0131l\u0131\u011f\u0131, bu rotalar\u0131n gezginler aras\u0131nda pop\u00fcler kalmas\u0131n\u0131 sa\u011flamaya yard\u0131mc\u0131 olacak.<\/p>\n<h2><a id=\"yolcu-g\u00fcvenli\u011fi-ve-kaliteli-hizmete-ba\u011fl\u0131l\u0131k\" href=\"#yolcu-g\u00fcvenli\u011fi-ve-kaliteli-hizmete-ba\u011fl\u0131l\u0131k\">Yolcu G\u00fcvenli\u011fi ve Kaliteli Hizmete Ba\u011fl\u0131l\u0131k<\/a><\/h2>\n<p>U\u00e7u\u015flar\u0131 yeniden ba\u015flatman\u0131n yan\u0131 s\u0131ra, AEGEAN Havayollar\u0131 en y\u00fcksek hizmet ve yolcu g\u00fcvenli\u011fi standartlar\u0131n\u0131 s\u00fcrd\u00fcrme taahh\u00fcd\u00fcn\u00fc yeniden teyit etti. Seyahat talebi artt\u0131k\u00e7a havayolu, bu kritik Orta Do\u011fu rotalar\u0131nda seyahat edenler i\u00e7in sorunsuz bir seyahat deneyimi sa\u011flamaya odaklan\u0131yor.<\/p>\n<p>Konforu ve g\u00fcvenilirli\u011fi ile bilinen AEGEAN filosu, bu rotalarda faaliyet g\u00f6stermeye devam edecek ve yolcular\u0131n y\u00fcksek kaliteli bir seyahat deneyiminin keyfini \u00e7\u0131karabilmesini sa\u011flayacak. \u0130ster i\u015f ister tatil ama\u00e7l\u0131 seyahat ediyor olsunlar, yolcular AEGEAN&#8217;\u0131n uzun s\u00fcredir bilinen ayn\u0131 hizmet seviyesini, yani ilgili m\u00fcrettebat \u00fcyeleri, modern olanaklar ve genel olarak sorunsuz bir yolculuk bekleyebilirler.<\/p>\n<h2><a id=\"sonu\u00e7-aegean\u0131n-orta-do\u011fu-hizmetleri-i\u00e7in-olumlu-g\u00f6r\u00fcn\u00fcm\" href=\"#sonu\u00e7-aegean\u0131n-orta-do\u011fu-hizmetleri-i\u00e7in-olumlu-g\u00f6r\u00fcn\u00fcm\">Sonu\u00e7: AEGEAN&#8217;\u0131n Orta Do\u011fu Hizmetleri \u0130\u00e7in Olumlu G\u00f6r\u00fcn\u00fcm<\/a><\/h2>\n<p>AEGEAN&#8217;\u0131n Orta Do\u011fu rotalar\u0131n\u0131n kademeli olarak yeniden ba\u015flamas\u0131, hem havayolu hem de daha geni\u015f seyahat end\u00fcstrisi i\u00e7in <strong>olumlu bir d\u00f6n\u00fcm noktas\u0131na i\u015faret ediyor<\/strong>. Jeopolitik durum istikrara kavu\u015ftuk\u00e7a ve seyahat talebi toparland\u0131k\u00e7a, AEGEAN&#8217;\u0131n hizmetleri yeniden ba\u015flatmaya y\u00f6nelik dikkatli yakla\u015f\u0131m\u0131, g\u00fcvenli\u011fi ve operasyonel esnekli\u011fi korurken yolcular\u0131n ihtiya\u00e7lar\u0131n\u0131 kar\u015f\u0131layabilmesini sa\u011flayacak.<\/p>\n<p>Havayolunun bu kritik rotalar\u0131 yeniden tesis etme taahh\u00fcd\u00fc, Yunanistan&#8217;\u0131 \u00f6nemli k\u00fcresel pazarlara, \u00f6zellikle de Orta Do\u011fu&#8217;ya ba\u011flamadaki rol\u00fcn\u00fcn alt\u0131n\u0131 \u00e7iziyor. Gezginler i\u00e7in bu rotalar\u0131n geri d\u00f6n\u00fc\u015f\u00fc, b\u00f6lgeye yap\u0131lan ve b\u00f6lgeden yap\u0131lan hava yolculu\u011funun yeniden ivme kazand\u0131\u011f\u0131n\u0131n <strong>ho\u015f bir i\u015faretidir<\/strong>.<\/p>\n<p>AEGEAN Havayollar\u0131 durumu izlemeye ve geli\u015fen ko\u015fullara uyum sa\u011flamaya devam ederken, yolcular yak\u0131n gelecekte Yunanistan ile Orta Do\u011fu aras\u0131nda daha s\u0131k ve g\u00fcvenilir seyahat se\u00e7eneklerini d\u00f6rt g\u00f6zle bekleyebilirler.<\/p>\n<p>#AEGEAN #OrtaDo\u011fuU\u00e7u\u015flar\u0131 #YunanistanHavac\u0131l\u0131k #SeyahatHaberleri #B\u00f6lgesel\u0130stikrar #Turizm #HavaYollar\u0131 #U\u00e7u\u015flarYenidenBa\u015flad\u0131 #EkonomikCanlanma #G\u00fcvenliSeyahat<\/p>\n<\/div>\n","protected":false},"excerpt":{"rendered":"<p>27 Nisan 2026 tarihinde yay\u0131nland\u0131 AEGEAN Havayollar\u0131, b\u00f6lgedeki son d\u00f6nemdeki hassas durum nedeniyle ge\u00e7ici olarak ask\u0131ya ald\u0131\u011f\u0131 Orta Do\u011fu rotalar\u0131n\u0131n bir\u00e7o\u011funa kademeli olarak yeniden ba\u015flama planlar\u0131n\u0131 duyurdu. Yunanistan&#8217;\u0131n en b\u00fcy\u00fck ta\u015f\u0131y\u0131c\u0131lar\u0131ndan biri olan havayolu \u015firketi, b\u00f6lgedeki artan g\u00fcvenlik endi\u015feleri nedeniyle belirli Orta Do\u011fu destinasyonlar\u0131na u\u00e7u\u015flar\u0131 durdurma karar\u0131 alm\u0131\u015ft\u0131. Ancak, durumun istikrara kavu\u015fmas\u0131yla birlikte AEGEAN, kilit [&hellip;]<\/p>\n","protected":false},"author":2,"featured_media":0,"comment_status":"open","ping_status":"open","sticky":false,"template":"","format":"standard","meta":{"footnotes":""},"categories":[37],"tags":[],"class_list":["post-10902","post","type-post","status-publish","format-standard","hentry","category-orta-dogu-haberleri"],"_links":{"self":[{"href":"https:\/\/fajr.news\/index.php?rest_route=\/wp\/v2\/posts\/10902","targetHints":{"allow":["GET"]}}],"collection":[{"href":"https:\/\/fajr.news\/index.php?rest_route=\/wp\/v2\/posts"}],"about":[{"href":"https:\/\/fajr.news\/index.php?rest_route=\/wp\/v2\/types\/post"}],"author":[{"embeddable":true,"href":"https:\/\/fajr.news\/index.php?rest_route=\/wp\/v2\/users\/2"}],"replies":[{"embeddable":true,"href":"https:\/\/fajr.news\/index.php?rest_route=%2Fwp%2Fv2%2Fcomments&post=10902"}],"version-history":[{"count":0,"href":"https:\/\/fajr.news\/index.php?rest_route=\/wp\/v2\/posts\/10902\/revisions"}],"wp:attachment":[{"href":"https:\/\/fajr.news\/index.php?rest_route=%2Fwp%2Fv2%2Fmedia&parent=10902"}],"wp:term":[{"taxonomy":"category","embeddable":true,"href":"https:\/\/fajr.news\/index.php?rest_route=%2Fwp%2Fv2%2Fcategories&post=10902"},{"taxonomy":"post_tag","embeddable":true,"href":"https:\/\/fajr.news\/index.php?rest_route=%2Fwp%2Fv2%2Ftags&post=10902"}],"curies":[{"name":"wp","href":"https:\/\/api.w.org\/{rel}","templated":true}]}}