{"id":10896,"date":"2026-04-27T20:41:21","date_gmt":"2026-04-27T17:11:21","guid":{"rendered":"https:\/\/fajr.news\/?p=10896"},"modified":"2026-04-27T20:41:21","modified_gmt":"2026-04-27T17:11:21","slug":"toyotanin-kuresel-satislari-mart-ayinda-orta-dogu-piyasasindaki-calkantilar-nedeniyle-geriledi","status":"publish","type":"post","link":"https:\/\/fajr.news\/?p=10896&lang=tr","title":{"rendered":"Toyota&#8217;n\u0131n K\u00fcresel Sat\u0131\u015flar\u0131 Mart Ay\u0131nda Orta Do\u011fu Piyasas\u0131ndaki \u00c7alkant\u0131lar Nedeniyle Geriledi"},"content":{"rendered":"<p>Japon otomotiv devi Toyota, Mart ay\u0131nda k\u00fcresel sat\u0131\u015flar\u0131nda belirgin bir d\u00fc\u015f\u00fc\u015f kaydetti. \u015eirket taraf\u0131ndan yap\u0131lan a\u00e7\u0131klamada, \u00f6zellikle Orta Do\u011fu pazar\u0131ndaki devam eden \u00e7alkant\u0131lar ve jeopolitik gerilimlerin bu gerilemede \u00f6nemli bir rol oynad\u0131\u011f\u0131 belirtildi. K\u00fcresel otomotiv sekt\u00f6r\u00fcnde ya\u015fanan genel yava\u015flaman\u0131n yan\u0131 s\u0131ra, b\u00f6lgedeki t\u00fcketici talebindeki d\u00fc\u015f\u00fc\u015f ve ekonomik belirsizlikler Toyota&#8217;n\u0131n sat\u0131\u015f rakamlar\u0131n\u0131 olumsuz etkiledi. Analistler, bu durumun sadece Toyota&#8217;y\u0131 de\u011fil, genel olarak otomotiv end\u00fcstrisini de etkileyebilece\u011fi konusunda uyar\u0131larda bulunuyor. Toyota yetkilileri, pazar ko\u015fullar\u0131n\u0131 yak\u0131ndan takip ettiklerini ve sat\u0131\u015f stratejilerini mevcut duruma g\u00f6re ayarlayacaklar\u0131n\u0131 ifade etti.<br \/>\n#Toyota #K\u00fcreselSat\u0131\u015flar #OtomotivSekt\u00f6r\u00fc #OrtaDo\u011fuPiyasas\u0131 #Sat\u0131\u015fGerilemesi #JaponOtomotiv #EkonomikBelirsizlik #MartAy\u0131Sat\u0131\u015flar\u0131 #PazarAnalizi #OtomobilEnd\u00fcstrisi<\/p>\n","protected":false},"excerpt":{"rendered":"<p>Japon otomotiv devi Toyota, Mart ay\u0131nda k\u00fcresel sat\u0131\u015flar\u0131nda belirgin bir d\u00fc\u015f\u00fc\u015f kaydetti. \u015eirket taraf\u0131ndan yap\u0131lan a\u00e7\u0131klamada, \u00f6zellikle Orta Do\u011fu pazar\u0131ndaki devam eden \u00e7alkant\u0131lar ve jeopolitik gerilimlerin bu gerilemede \u00f6nemli bir rol oynad\u0131\u011f\u0131 belirtildi. K\u00fcresel otomotiv sekt\u00f6r\u00fcnde ya\u015fanan genel yava\u015flaman\u0131n yan\u0131 s\u0131ra, b\u00f6lgedeki t\u00fcketici talebindeki d\u00fc\u015f\u00fc\u015f ve ekonomik belirsizlikler Toyota&#8217;n\u0131n sat\u0131\u015f rakamlar\u0131n\u0131 olumsuz etkiledi. Analistler, bu [&hellip;]<\/p>\n","protected":false},"author":2,"featured_media":10897,"comment_status":"open","ping_status":"open","sticky":false,"template":"","format":"standard","meta":{"footnotes":""},"categories":[37],"tags":[],"class_list":["post-10896","post","type-post","status-publish","format-standard","has-post-thumbnail","hentry","category-orta-dogu-haberleri"],"_links":{"self":[{"href":"https:\/\/fajr.news\/index.php?rest_route=\/wp\/v2\/posts\/10896","targetHints":{"allow":["GET"]}}],"collection":[{"href":"https:\/\/fajr.news\/index.php?rest_route=\/wp\/v2\/posts"}],"about":[{"href":"https:\/\/fajr.news\/index.php?rest_route=\/wp\/v2\/types\/post"}],"author":[{"embeddable":true,"href":"https:\/\/fajr.news\/index.php?rest_route=\/wp\/v2\/users\/2"}],"replies":[{"embeddable":true,"href":"https:\/\/fajr.news\/index.php?rest_route=%2Fwp%2Fv2%2Fcomments&post=10896"}],"version-history":[{"count":0,"href":"https:\/\/fajr.news\/index.php?rest_route=\/wp\/v2\/posts\/10896\/revisions"}],"wp:featuredmedia":[{"embeddable":true,"href":"https:\/\/fajr.news\/index.php?rest_route=\/wp\/v2\/media\/10897"}],"wp:attachment":[{"href":"https:\/\/fajr.news\/index.php?rest_route=%2Fwp%2Fv2%2Fmedia&parent=10896"}],"wp:term":[{"taxonomy":"category","embeddable":true,"href":"https:\/\/fajr.news\/index.php?rest_route=%2Fwp%2Fv2%2Fcategories&post=10896"},{"taxonomy":"post_tag","embeddable":true,"href":"https:\/\/fajr.news\/index.php?rest_route=%2Fwp%2Fv2%2Ftags&post=10896"}],"curies":[{"name":"wp","href":"https:\/\/api.w.org\/{rel}","templated":true}]}}