{"id":10888,"date":"2026-04-27T20:33:22","date_gmt":"2026-04-27T17:03:22","guid":{"rendered":"https:\/\/fajr.news\/?p=10888"},"modified":"2026-04-27T20:33:22","modified_gmt":"2026-04-27T17:03:22","slug":"abd-hazine-bakani-iran-petrol-alimlari-muafiyetini-yenileme-plani-olmadigini-acikladi","status":"publish","type":"post","link":"https:\/\/fajr.news\/?p=10888&lang=tr","title":{"rendered":"ABD Hazine Bakan\u0131, \u0130ran Petrol Al\u0131mlar\u0131 Muafiyetini Yenileme Plan\u0131 Olmad\u0131\u011f\u0131n\u0131 A\u00e7\u0131klad\u0131"},"content":{"rendered":"<p>ABD Hazine Bakan\u0131 Scott Bessent, Associated Press&#8217;e yapt\u0131\u011f\u0131 a\u00e7\u0131klamada, Washington&#8217;\u0131n be\u015f g\u00fcn \u00f6nce s\u00fcresi dolan ilk muafiyetin ard\u0131ndan, halihaz\u0131rda denizde bulunan \u0130ran petrol\u00fc ve petrol \u00fcr\u00fcnlerinin sat\u0131n al\u0131nmas\u0131na izin veren muafiyeti yenilemeyi planlamad\u0131\u011f\u0131n\u0131 do\u011frulad\u0131.<br \/>\nBessent, 24 Nisan&#8217;da AP&#8217;ye yapt\u0131\u011f\u0131 yorumlarda, &#8220;\u0130ranl\u0131lar de\u011fil,&#8221; dedi. &#8220;Bizim ablukam\u0131z var ve petrol \u00e7\u0131k\u0131\u015f\u0131 yok.&#8221;<br \/>\nHaber ajans\u0131na, &#8220;\u00d6n\u00fcm\u00fczdeki iki, \u00fc\u00e7 g\u00fcn i\u00e7inde \u00fcretimi durdurmak zorunda kalacaklar\u0131n\u0131 d\u00fc\u015f\u00fcn\u00fcyoruz, bu da kuyular\u0131 i\u00e7in \u00e7ok k\u00f6t\u00fc olacak,&#8221; diye ekledi.<br \/>\nABD&#8217;nin denizde bulunan Rus petrol \u00fcr\u00fcnlerine y\u00f6nelik benzer bir muafiyeti yenilemesinin ard\u0131ndan, \u0130ran \u00fcr\u00fcnlerine uygulanan muafiyetin de uzat\u0131labilece\u011fine dair baz\u0131 spek\u00fclasyonlar vard\u0131. Bu yenileme, Bessent&#8217;in y\u00f6netimin b\u00f6yle bir plan\u0131 olmad\u0131\u011f\u0131n\u0131 s\u00f6ylemesinden iki g\u00fcn sonra ger\u00e7ekle\u015fti.<br \/>\n24 Nisan&#8217;daki yorumlar\u0131nda Bessent, AP&#8217;ye Rusya sat\u0131\u015f ve al\u0131mlar\u0131na y\u00f6nelik muafiyetin de bir daha yenilenmeyece\u011fini s\u00f6yledi.<br \/>\nRus \u00fcr\u00fcnlerine y\u00f6nelik orijinal muafiyet, Mart ay\u0131nda, ABD-\u0130srail&#8217;in \u0130ran&#8217;a y\u00f6nelik hava sald\u0131r\u0131lar\u0131 ve Tahran&#8217;\u0131n K\u00f6rfez Arap devletlerine misilleme sald\u0131r\u0131lar\u0131yla kaosa s\u00fcr\u00fcklenen k\u00fcresel enerji piyasalar\u0131n\u0131 istikrara kavu\u015fturma \u00e7abalar\u0131n\u0131n bir par\u00e7as\u0131 olarak duyurulmu\u015ftu.<br \/>\n\u0130ran&#8217;\u0131n sava\u015f \u00f6ncesinde d\u00fcnya petrol ve do\u011fal gaz arz\u0131n\u0131n yakla\u015f\u0131k y\u00fczde 20&#8217;sini ta\u015f\u0131yan H\u00fcrm\u00fcz Bo\u011faz\u0131&#8217;n\u0131 kapatmas\u0131n\u0131n ard\u0131ndan petrol fiyatlar\u0131 daha da y\u00fckseldi.<br \/>\n#\u0130ranPetrol\u00fc #ABD\u0130ran\u0130li\u015fkileri #PetrolPiyasalar\u0131 #EnerjiKrizi #H\u00fcrm\u00fczBo\u011faz\u0131 #Yapt\u0131r\u0131mlar #K\u00fcreselEnerji #ScottBessent #PetrolFiyatlar\u0131 #ABDPolitikas\u0131<\/p>\n","protected":false},"excerpt":{"rendered":"<p>ABD Hazine Bakan\u0131 Scott Bessent, Associated Press&#8217;e yapt\u0131\u011f\u0131 a\u00e7\u0131klamada, Washington&#8217;\u0131n be\u015f g\u00fcn \u00f6nce s\u00fcresi dolan ilk muafiyetin ard\u0131ndan, halihaz\u0131rda denizde bulunan \u0130ran petrol\u00fc ve petrol \u00fcr\u00fcnlerinin sat\u0131n al\u0131nmas\u0131na izin veren muafiyeti yenilemeyi planlamad\u0131\u011f\u0131n\u0131 do\u011frulad\u0131. Bessent, 24 Nisan&#8217;da AP&#8217;ye yapt\u0131\u011f\u0131 yorumlarda, &#8220;\u0130ranl\u0131lar de\u011fil,&#8221; dedi. &#8220;Bizim ablukam\u0131z var ve petrol \u00e7\u0131k\u0131\u015f\u0131 yok.&#8221; Haber ajans\u0131na, &#8220;\u00d6n\u00fcm\u00fczdeki iki, \u00fc\u00e7 [&hellip;]<\/p>\n","protected":false},"author":2,"featured_media":10889,"comment_status":"open","ping_status":"open","sticky":false,"template":"","format":"standard","meta":{"footnotes":""},"categories":[31],"tags":[],"class_list":["post-10888","post","type-post","status-publish","format-standard","has-post-thumbnail","hentry","category-iran-haberleri"],"_links":{"self":[{"href":"https:\/\/fajr.news\/index.php?rest_route=\/wp\/v2\/posts\/10888","targetHints":{"allow":["GET"]}}],"collection":[{"href":"https:\/\/fajr.news\/index.php?rest_route=\/wp\/v2\/posts"}],"about":[{"href":"https:\/\/fajr.news\/index.php?rest_route=\/wp\/v2\/types\/post"}],"author":[{"embeddable":true,"href":"https:\/\/fajr.news\/index.php?rest_route=\/wp\/v2\/users\/2"}],"replies":[{"embeddable":true,"href":"https:\/\/fajr.news\/index.php?rest_route=%2Fwp%2Fv2%2Fcomments&post=10888"}],"version-history":[{"count":0,"href":"https:\/\/fajr.news\/index.php?rest_route=\/wp\/v2\/posts\/10888\/revisions"}],"wp:featuredmedia":[{"embeddable":true,"href":"https:\/\/fajr.news\/index.php?rest_route=\/wp\/v2\/media\/10889"}],"wp:attachment":[{"href":"https:\/\/fajr.news\/index.php?rest_route=%2Fwp%2Fv2%2Fmedia&parent=10888"}],"wp:term":[{"taxonomy":"category","embeddable":true,"href":"https:\/\/fajr.news\/index.php?rest_route=%2Fwp%2Fv2%2Fcategories&post=10888"},{"taxonomy":"post_tag","embeddable":true,"href":"https:\/\/fajr.news\/index.php?rest_route=%2Fwp%2Fv2%2Ftags&post=10888"}],"curies":[{"name":"wp","href":"https:\/\/api.w.org\/{rel}","templated":true}]}}