{"id":10880,"date":"2026-04-27T20:19:02","date_gmt":"2026-04-27T16:49:02","guid":{"rendered":"https:\/\/fajr.news\/?p=10880"},"modified":"2026-04-27T20:19:02","modified_gmt":"2026-04-27T16:49:02","slug":"nokia-orta-dogu-ve-afrika-operasyonlarini-desteklemek-icin-kahirede-bolgesel-bir-merkez-kurdu","status":"publish","type":"post","link":"https:\/\/fajr.news\/?p=10880&lang=tr","title":{"rendered":"Nokia, Orta Do\u011fu ve Afrika Operasyonlar\u0131n\u0131 Desteklemek \u0130\u00e7in Kahire&#8217;de B\u00f6lgesel Bir Merkez Kurdu"},"content":{"rendered":"<p>Nokia, M\u0131s\u0131r&#8217;da b\u00f6lgesel bir merkez kurarak, \u00f6l\u00e7eklenebilir, merkezi, verimli ve tutarl\u0131 destek hizmetleri sunma yetene\u011fini \u00f6nemli \u00f6l\u00e7\u00fcde art\u0131r\u0131yor.<\/p>\n<p>\u015eirket, Orta Do\u011fu ve Afrika&#8217;ya hizmet verecek yeni b\u00f6lgesel destek merkezi olarak M\u0131s\u0131r&#8217;\u0131 se\u00e7ti ve Kahire&#8217;de merkezi bir operasyon merkezi kurarak b\u00f6lgedeki hizmet kapasitesini g\u00fc\u00e7lendirdi.<\/p>\n<p>Bu hamle, 5G a\u011flar\u0131n\u0131n geni\u015flemesi, bulut benimsenmesinin artmas\u0131 ve veri t\u00fcketiminin y\u00fckselmesiyle h\u0131zlanan dijital d\u00f6n\u00fc\u015f\u00fcm s\u00fcrecinde ger\u00e7ekle\u015fti. Bu trendler, servis sa\u011flay\u0131c\u0131lar ve i\u015fletmeler i\u00e7in a\u011f ortamlar\u0131n\u0131 daha karma\u015f\u0131k hale getirerek, s\u00fcreklili\u011fi, verimlili\u011fi ve daha h\u0131zl\u0131 yan\u0131t s\u00fcrelerini sa\u011flayabilecek \u00f6l\u00e7eklenebilir, y\u00fcksek kaliteli destek sistemlerine olan ihtiyac\u0131 art\u0131rd\u0131.<\/p>\n<p>Nokia, b\u00f6lgesel destek fonksiyonlar\u0131n\u0131 M\u0131s\u0131r&#8217;da birle\u015ftirerek daha ak\u0131c\u0131 ve tutarl\u0131 hizmetler sunmay\u0131 hedefliyor. Kahire&#8217;deki bu merkez, ortak operasyonel destek sa\u011flayacak, zaman dilimi kapsam\u0131n\u0131 iyile\u015ftirecek ve m\u00fc\u015fteriler ile \u015firket i\u00e7i ekipler aras\u0131nda daha yak\u0131n i\u015fbirli\u011fini kolayla\u015ft\u0131racak. Bu sayede sorunlar\u0131n daha h\u0131zl\u0131 \u00e7\u00f6z\u00fclmesi, hizmet sunumunun iyile\u015ftirilmesi ve m\u00fc\u015fteri deneyiminin art\u0131r\u0131lmas\u0131 bekleniyor.<\/p>\n<p>Bu tesis, Nokia&#8217;n\u0131n K\u00fcresel Hizmetler ve Operasyonlar, A\u011f Altyap\u0131s\u0131 ve Mobil Altyap\u0131 dahil olmak \u00fczere t\u00fcm ana i\u015f birimlerini destekleyecek. Ayn\u0131 zamanda s\u00fcre\u00e7leri basitle\u015ftirmek, operasyonel karma\u015f\u0131kl\u0131\u011f\u0131 azaltmak ve \u015firketin b\u00f6lgesel operasyonlar\u0131nda \u00f6l\u00e7eklenebilirli\u011fi art\u0131rmak \u00fczere tasarland\u0131. \u00c7ok ama\u00e7l\u0131 bir merkez olarak, bu merkez uzmanla\u015fm\u0131\u015f bilgiyi bir araya getirecek, kaynak kullan\u0131m\u0131n\u0131 optimize edecek ve geli\u015fen m\u00fc\u015fteri taleplerini kar\u015f\u0131lamak i\u00e7in en iyi uygulamalar\u0131 standartla\u015ft\u0131racak.<\/p>\n<p>Nokia&#8217;n\u0131n bu karar\u0131, M\u0131s\u0131r&#8217;\u0131n stratejik co\u011frafi konumu, geni\u015fleyen dijital altyap\u0131s\u0131 ve yetenekli i\u015f g\u00fcc\u00fcyle desteklenen, bir teknoloji ve ba\u011flant\u0131 merkezi olarak artan \u00f6nemini vurguluyor.<\/p>\n<p>Nokia Orta Do\u011fu ve Afrika Ba\u015fkan\u0131 Mikko Lavanti, konuyla ilgili yapt\u0131\u011f\u0131 a\u00e7\u0131klamada: \u201cBu d\u00f6n\u00fcm noktas\u0131, M\u0131s\u0131r&#8217;a Orta Do\u011fu ve Afrika i\u00e7in stratejik bir merkez olarak duydu\u011fumuz g\u00fcveni peki\u015ftiriyor. Destek operasyonlar\u0131m\u0131z\u0131 Kahire&#8217;de merkezile\u015ftirerek, m\u00fc\u015fterilerimize y\u00fcksek kaliteli, verimli hizmetler sunma yetene\u011fimizi g\u00fc\u00e7lendirirken, \u00fclkedeki ola\u011fan\u00fcst\u00fc yetenek ve kapasitelerden de faydalan\u0131yoruz.\u201d dedi.<\/p>\n<p>#Nokia #Kahire #M\u0131s\u0131r #OrtaDo\u011fu #Afrika #Teknoloji #DijitalD\u00f6n\u00fc\u015f\u00fcm #5G #B\u00f6lgeselMerkez #Ba\u011flant\u0131<\/p>\n","protected":false},"excerpt":{"rendered":"<p>Nokia, M\u0131s\u0131r&#8217;da b\u00f6lgesel bir merkez kurarak, \u00f6l\u00e7eklenebilir, merkezi, verimli ve tutarl\u0131 destek hizmetleri sunma yetene\u011fini \u00f6nemli \u00f6l\u00e7\u00fcde art\u0131r\u0131yor. \u015eirket, Orta Do\u011fu ve Afrika&#8217;ya hizmet verecek yeni b\u00f6lgesel destek merkezi olarak M\u0131s\u0131r&#8217;\u0131 se\u00e7ti ve Kahire&#8217;de merkezi bir operasyon merkezi kurarak b\u00f6lgedeki hizmet kapasitesini g\u00fc\u00e7lendirdi. Bu hamle, 5G a\u011flar\u0131n\u0131n geni\u015flemesi, bulut benimsenmesinin artmas\u0131 ve veri t\u00fcketiminin y\u00fckselmesiyle [&hellip;]<\/p>\n","protected":false},"author":2,"featured_media":10881,"comment_status":"open","ping_status":"open","sticky":false,"template":"","format":"standard","meta":{"footnotes":""},"categories":[37],"tags":[],"class_list":["post-10880","post","type-post","status-publish","format-standard","has-post-thumbnail","hentry","category-orta-dogu-haberleri"],"_links":{"self":[{"href":"https:\/\/fajr.news\/index.php?rest_route=\/wp\/v2\/posts\/10880","targetHints":{"allow":["GET"]}}],"collection":[{"href":"https:\/\/fajr.news\/index.php?rest_route=\/wp\/v2\/posts"}],"about":[{"href":"https:\/\/fajr.news\/index.php?rest_route=\/wp\/v2\/types\/post"}],"author":[{"embeddable":true,"href":"https:\/\/fajr.news\/index.php?rest_route=\/wp\/v2\/users\/2"}],"replies":[{"embeddable":true,"href":"https:\/\/fajr.news\/index.php?rest_route=%2Fwp%2Fv2%2Fcomments&post=10880"}],"version-history":[{"count":0,"href":"https:\/\/fajr.news\/index.php?rest_route=\/wp\/v2\/posts\/10880\/revisions"}],"wp:featuredmedia":[{"embeddable":true,"href":"https:\/\/fajr.news\/index.php?rest_route=\/wp\/v2\/media\/10881"}],"wp:attachment":[{"href":"https:\/\/fajr.news\/index.php?rest_route=%2Fwp%2Fv2%2Fmedia&parent=10880"}],"wp:term":[{"taxonomy":"category","embeddable":true,"href":"https:\/\/fajr.news\/index.php?rest_route=%2Fwp%2Fv2%2Fcategories&post=10880"},{"taxonomy":"post_tag","embeddable":true,"href":"https:\/\/fajr.news\/index.php?rest_route=%2Fwp%2Fv2%2Ftags&post=10880"}],"curies":[{"name":"wp","href":"https:\/\/api.w.org\/{rel}","templated":true}]}}