{"id":10864,"date":"2026-04-27T19:59:16","date_gmt":"2026-04-27T16:29:16","guid":{"rendered":"https:\/\/fajr.news\/?p=10864"},"modified":"2026-04-27T19:59:16","modified_gmt":"2026-04-27T16:29:16","slug":"iran-cikmazi-trumpin-tehditlerini-golgede-birakiyor","status":"publish","type":"post","link":"https:\/\/fajr.news\/?p=10864&lang=tr","title":{"rendered":"\u0130ran \u00c7\u0131kmaz\u0131 Trump&#8217;\u0131n Tehditlerini G\u00f6lgede B\u0131rak\u0131yor"},"content":{"rendered":"<p>Washington&#8217;da ABD ba\u015fkan\u0131na y\u00f6nelik olas\u0131 bir suikast giri\u015fimiyle ilgili ya\u015fanan panik, \u0130ran&#8217;daki sava\u015f konusunda s\u00fcregelen durgunlukla keskin bir tezat olu\u015fturuyor. Trump y\u00f6netiminin en \u00fcst d\u00fczey yetkililerinin kat\u0131ld\u0131\u011f\u0131, \u00f6zellikle de kamuoyuna a\u00e7\u0131k bir otel yeme\u011fi gibi y\u00fcksek profilli bir etkinlikte g\u00fcvenlik \u00f6nlemlerindeki bu bariz ihmal \u015fa\u015f\u0131rt\u0131c\u0131yd\u0131. Bu t\u00fcr bir hatan\u0131n, \u00f6n\u00fcm\u00fczdeki ay yeniden d\u00fczenlenecek ak\u015fam yeme\u011finde tekrarlanmayaca\u011f\u0131 a\u00e7\u0131k.<\/p>\n<p>#\u0130ran #Trump #ABD #Washington #SuikastGiri\u015fimi #G\u00fcvenlik\u0130hmali #\u0130ranSava\u015f\u0131 #Diplomatik\u00c7\u0131kmaz #K\u00fcreselG\u00fcndem #Siyaset<\/p>\n","protected":false},"excerpt":{"rendered":"<p>Washington&#8217;da ABD ba\u015fkan\u0131na y\u00f6nelik olas\u0131 bir suikast giri\u015fimiyle ilgili ya\u015fanan panik, \u0130ran&#8217;daki sava\u015f konusunda s\u00fcregelen durgunlukla keskin bir tezat olu\u015fturuyor. Trump y\u00f6netiminin en \u00fcst d\u00fczey yetkililerinin kat\u0131ld\u0131\u011f\u0131, \u00f6zellikle de kamuoyuna a\u00e7\u0131k bir otel yeme\u011fi gibi y\u00fcksek profilli bir etkinlikte g\u00fcvenlik \u00f6nlemlerindeki bu bariz ihmal \u015fa\u015f\u0131rt\u0131c\u0131yd\u0131. Bu t\u00fcr bir hatan\u0131n, \u00f6n\u00fcm\u00fczdeki ay yeniden d\u00fczenlenecek ak\u015fam yeme\u011finde [&hellip;]<\/p>\n","protected":false},"author":2,"featured_media":10865,"comment_status":"open","ping_status":"open","sticky":false,"template":"","format":"standard","meta":{"footnotes":""},"categories":[37],"tags":[],"class_list":["post-10864","post","type-post","status-publish","format-standard","has-post-thumbnail","hentry","category-orta-dogu-haberleri"],"_links":{"self":[{"href":"https:\/\/fajr.news\/index.php?rest_route=\/wp\/v2\/posts\/10864","targetHints":{"allow":["GET"]}}],"collection":[{"href":"https:\/\/fajr.news\/index.php?rest_route=\/wp\/v2\/posts"}],"about":[{"href":"https:\/\/fajr.news\/index.php?rest_route=\/wp\/v2\/types\/post"}],"author":[{"embeddable":true,"href":"https:\/\/fajr.news\/index.php?rest_route=\/wp\/v2\/users\/2"}],"replies":[{"embeddable":true,"href":"https:\/\/fajr.news\/index.php?rest_route=%2Fwp%2Fv2%2Fcomments&post=10864"}],"version-history":[{"count":0,"href":"https:\/\/fajr.news\/index.php?rest_route=\/wp\/v2\/posts\/10864\/revisions"}],"wp:featuredmedia":[{"embeddable":true,"href":"https:\/\/fajr.news\/index.php?rest_route=\/wp\/v2\/media\/10865"}],"wp:attachment":[{"href":"https:\/\/fajr.news\/index.php?rest_route=%2Fwp%2Fv2%2Fmedia&parent=10864"}],"wp:term":[{"taxonomy":"category","embeddable":true,"href":"https:\/\/fajr.news\/index.php?rest_route=%2Fwp%2Fv2%2Fcategories&post=10864"},{"taxonomy":"post_tag","embeddable":true,"href":"https:\/\/fajr.news\/index.php?rest_route=%2Fwp%2Fv2%2Ftags&post=10864"}],"curies":[{"name":"wp","href":"https:\/\/api.w.org\/{rel}","templated":true}]}}