{"id":10840,"date":"2026-04-27T19:20:37","date_gmt":"2026-04-27T15:50:37","guid":{"rendered":"https:\/\/fajr.news\/?p=10840"},"modified":"2026-04-27T19:20:37","modified_gmt":"2026-04-27T15:50:37","slug":"bm-guvenlik-konseyinde-suriye-gundemi-istikrar-ve-yeniden-yapilanma-surecinde-uluslararasi-destek-vurgusu","status":"publish","type":"post","link":"https:\/\/fajr.news\/?p=10840&lang=tr","title":{"rendered":"BM G\u00fcvenlik Konseyi&#8217;nde Suriye G\u00fcndemi: \u0130stikrar ve Yeniden Yap\u0131lanma S\u00fcrecinde Uluslararas\u0131 Destek Vurgusu"},"content":{"rendered":"<h1>BM G\u00fcvenlik Konseyi&#8217;nde Suriye G\u00fcndemi: \u0130stikrar ve Yeniden Yap\u0131lanma S\u00fcrecinde Uluslararas\u0131 Destek Vurgusu<\/h1>\n<p>22 Nisan 2026 tarihinde Birle\u015fmi\u015f Milletler G\u00fcvenlik Konseyi&#8217;nde yap\u0131lan \u00f6nemli bir toplant\u0131da, Suriye&#8217;deki son geli\u015fmeler ve \u00fclkenin gelece\u011fi masaya yat\u0131r\u0131ld\u0131. Birle\u015fmi\u015f Milletler&#8217;in Suriye&#8217;ye y\u00f6nelik kapsaml\u0131 angajman\u0131, BM Suriye \u00d6zel Temsilcisi Ofisi&#8217;nin \u015eam&#8217;a zaman\u0131nda ta\u015f\u0131nmas\u0131n\u0131n \u00f6nemini bir kez daha ortaya koydu. Bu ad\u0131m, BM ve uluslararas\u0131 toplumun Suriye&#8217;ye y\u00f6nelik deste\u011fini daha da geli\u015ftirmek ad\u0131na kritik bir e\u015fik olarak de\u011ferlendiriliyor.<\/p>\n<h2>\u0130ngiltere&#8217;den Suriye ile \u0130li\u015fkilere Yeni Bak\u0131\u015f<\/h2>\n<p>Toplant\u0131da \u00f6ne \u00e7\u0131kan ba\u015fl\u0131klardan biri, \u0130ngiltere&#8217;nin Suriye ile ili\u015fkilerindeki yeni yakla\u015f\u0131m\u0131 oldu. \u0130ngiltere, 31 Mart&#8217;ta Suriye Devlet Ba\u015fkan\u0131 <strong>el-\u015earaa<\/strong>&#8216;y\u0131 Londra&#8217;da a\u011f\u0131rlamaktan memnuniyet duydu\u011funu belirtti. Bu ziyaret, iki \u00fclke aras\u0131ndaki ili\u015fkileri derinle\u015ftirme yolunda <em>\u00f6nemli bir an<\/em> olarak kaydedildi. Bu t\u00fcr temaslar\u0131n, Suriye&#8217;nin istikrar\u0131 i\u00e7in hayati \u00f6nem ta\u015f\u0131yan konularda, \u00f6zellikle de ter\u00f6r \u00f6rg\u00fct\u00fc DEA\u015e&#8217;\u0131n kal\u0131c\u0131 olarak yenilgiye u\u011frat\u0131lmas\u0131 ve Suriye&#8217;nin ekonomik toparlanmas\u0131n\u0131n desteklenmesi gibi alanlarda ilerleme kaydedilmesini sa\u011flayaca\u011f\u0131 vurguland\u0131.<\/p>\n<p>Bu ba\u011flamda, Suriye&#8217;deki kimyasal silah stoklar\u0131n\u0131n imhas\u0131 \u00fczerinde \u00e7al\u0131\u015facak olan yeni kurulan <em>\u00d6zg\u00fcrl\u00fck Nefesi G\u00f6rev G\u00fcc\u00fc<\/em> de memnuniyetle kar\u015f\u0131land\u0131. \u0130ngiltere, bu g\u00f6rev g\u00fcc\u00fcn\u00fcn bir \u00fcyesi olmaktan gurur duydu\u011funu ve Devlet Ba\u015fkan\u0131 el-\u015earaa&#8217;n\u0131n ziyareti s\u0131ras\u0131nda Suriye liderli\u011findeki imha faaliyetlerine do\u011frudan destek olarak 9,5 milyon dolardan fazla ek fon a\u00e7\u0131klad\u0131\u011f\u0131n\u0131 belirtti. Bu, uluslararas\u0131 toplumun Suriye&#8217;nin egemenli\u011fini ve kendi kaderini tayin hakk\u0131n\u0131 tan\u0131d\u0131\u011f\u0131na dair olumlu bir i\u015faret olarak yorumlanabilir.<\/p>\n<h2>Ulusal B\u00fct\u00fcnl\u00fck ve Siyasi Ge\u00e7i\u015f S\u00fcreci<\/h2>\n<p>Suriye&#8217;nin kuzeydo\u011fusunun Suriye devletine entegrasyonu y\u00f6n\u00fcndeki \u00e7abalar da takdirle kar\u015f\u0131land\u0131. Bu kapsamda, Sipan Hamo&#8217;nun Savunma Bakan Yard\u0131mc\u0131l\u0131\u011f\u0131&#8217;na atanmas\u0131 ve son d\u00f6nemdeki mahkum takaslar\u0131 \u00f6nemli geli\u015fmeler olarak g\u00f6r\u00fcld\u00fc. Askeri ve sivil yap\u0131lar\u0131n tam entegrasyonuna y\u00f6nelik ivmenin devam etmesi, Suriye&#8217;nin kurumlar\u0131n\u0131 g\u00fc\u00e7lendirmek ve toplumsal uyumu desteklemek i\u00e7in elzemdir. T\u00fcm bekleyen se\u00e7imlerin tamamlanmas\u0131 ve Suriye Halk Meclisi&#8217;nin resmi olarak toplanmas\u0131, siyasi ge\u00e7i\u015f s\u00fcreci i\u00e7in <strong>hayati bir sonraki ad\u0131m<\/strong> olacakt\u0131r.<\/p>\n<h2>\u0130nsani Yard\u0131m ve Uzun Vadeli \u0130yile\u015fme<\/h2>\n<p>Son olarak, devam eden insani ihtiya\u00e7lar\u0131n kar\u015f\u0131lanmas\u0131 ve uzun vadeli iyile\u015fmeye y\u00f6nelik g\u00fc\u00e7lendirilmi\u015f i\u015fbirli\u011finin olumlu \u00f6rnekleri g\u00f6r\u00fcld\u00fc. BM Genel Sekreter Yard\u0131mc\u0131s\u0131 Fletcher ve UNDP Y\u00f6neticisi De Croo&#8217;nun Suriye&#8217;ye ortak ziyareti, BM \u0130nsani Yard\u0131m M\u00fcdahale Plan\u0131&#8217;n\u0131n ba\u015flat\u0131lmas\u0131 ve Suriye H\u00fck\u00fcmeti&#8217;nin Uluslararas\u0131 \u0130\u015fbirli\u011fi \u0130\u00e7in \u0130yile\u015fme \u00d6ncelikleri Bildirisi bu \u00e7abalar\u0131n bir par\u00e7as\u0131d\u0131r. \u0130ngiltere, son sel felaketinden etkilenenler de dahil olmak \u00fczere bu ihtiya\u00e7lar\u0131 kar\u015f\u0131lamaya devam edece\u011fini bildirdi. Suriye&#8217;nin her yerinde g\u00fcvenli ve engelsiz insani eri\u015fimin s\u00fcrd\u00fcr\u00fclmesi, BM ve ortaklar\u0131n\u0131n hayati yard\u0131mlar\u0131 ula\u015ft\u0131rabilmesi i\u00e7in <strong>temel bir gereklilik<\/strong> olmaya devam etmektedir.<\/p>\n<p>Suriye&#8217;nin devam eden b\u00f6lgesel \u00e7at\u0131\u015fmadan nispeten etkilenmemesi memnuniyetle kar\u015f\u0131lan\u0131rken, uluslararas\u0131 topluma Suriye&#8217;nin ekonomik toparlanmas\u0131 ve uzun vadeli istikrar\u0131na y\u00f6nelik ilerlemeyi desteklemeye odaklanmaya devam etmesi \u00e7a\u011fr\u0131s\u0131 yap\u0131ld\u0131. Bu, Suriye halk\u0131n\u0131n refah\u0131 ve b\u00f6lgenin genel bar\u0131\u015f\u0131 i\u00e7in kritik \u00f6neme sahiptir.<\/p>\n<p>#Suriye #BMG\u00fcvenlikKonseyi #Suriye\u0130stikrar\u0131 #EkonomikToparlanma #UlusalB\u00fct\u00fcnl\u00fck #DEA\u015eileM\u00fccadele #\u0130nsaniYard\u0131m #SuriyeH\u00fck\u00fcmeti #Diplomasi #B\u00f6lgeselBar\u0131\u015f<\/p>\n","protected":false},"excerpt":{"rendered":"<p>BM G\u00fcvenlik Konseyi&#8217;nde Suriye G\u00fcndemi: \u0130stikrar ve Yeniden Yap\u0131lanma S\u00fcrecinde Uluslararas\u0131 Destek Vurgusu 22 Nisan 2026 tarihinde Birle\u015fmi\u015f Milletler G\u00fcvenlik Konseyi&#8217;nde yap\u0131lan \u00f6nemli bir toplant\u0131da, Suriye&#8217;deki son geli\u015fmeler ve \u00fclkenin gelece\u011fi masaya yat\u0131r\u0131ld\u0131. Birle\u015fmi\u015f Milletler&#8217;in Suriye&#8217;ye y\u00f6nelik kapsaml\u0131 angajman\u0131, BM Suriye \u00d6zel Temsilcisi Ofisi&#8217;nin \u015eam&#8217;a zaman\u0131nda ta\u015f\u0131nmas\u0131n\u0131n \u00f6nemini bir kez daha ortaya koydu. Bu ad\u0131m, [&hellip;]<\/p>\n","protected":false},"author":2,"featured_media":10841,"comment_status":"open","ping_status":"open","sticky":false,"template":"","format":"standard","meta":{"footnotes":""},"categories":[37],"tags":[],"class_list":["post-10840","post","type-post","status-publish","format-standard","has-post-thumbnail","hentry","category-orta-dogu-haberleri"],"_links":{"self":[{"href":"https:\/\/fajr.news\/index.php?rest_route=\/wp\/v2\/posts\/10840","targetHints":{"allow":["GET"]}}],"collection":[{"href":"https:\/\/fajr.news\/index.php?rest_route=\/wp\/v2\/posts"}],"about":[{"href":"https:\/\/fajr.news\/index.php?rest_route=\/wp\/v2\/types\/post"}],"author":[{"embeddable":true,"href":"https:\/\/fajr.news\/index.php?rest_route=\/wp\/v2\/users\/2"}],"replies":[{"embeddable":true,"href":"https:\/\/fajr.news\/index.php?rest_route=%2Fwp%2Fv2%2Fcomments&post=10840"}],"version-history":[{"count":0,"href":"https:\/\/fajr.news\/index.php?rest_route=\/wp\/v2\/posts\/10840\/revisions"}],"wp:featuredmedia":[{"embeddable":true,"href":"https:\/\/fajr.news\/index.php?rest_route=\/wp\/v2\/media\/10841"}],"wp:attachment":[{"href":"https:\/\/fajr.news\/index.php?rest_route=%2Fwp%2Fv2%2Fmedia&parent=10840"}],"wp:term":[{"taxonomy":"category","embeddable":true,"href":"https:\/\/fajr.news\/index.php?rest_route=%2Fwp%2Fv2%2Fcategories&post=10840"},{"taxonomy":"post_tag","embeddable":true,"href":"https:\/\/fajr.news\/index.php?rest_route=%2Fwp%2Fv2%2Ftags&post=10840"}],"curies":[{"name":"wp","href":"https:\/\/api.w.org\/{rel}","templated":true}]}}