{"id":10832,"date":"2026-04-27T19:05:04","date_gmt":"2026-04-27T15:35:04","guid":{"rendered":"https:\/\/fajr.news\/?p=10832"},"modified":"2026-04-27T19:05:04","modified_gmt":"2026-04-27T15:35:04","slug":"alman-sansolyesinden-trumpa-sert-elestiri-iran-abdyi-tum-ulusun-onunde-asagiliyor-washingtonin-cikis-stratejisi-yok","status":"publish","type":"post","link":"https:\/\/fajr.news\/?p=10832&lang=tr","title":{"rendered":"Alman \u015eans\u00f6lyesi&#8217;nden Trump&#8217;a Sert Ele\u015ftiri: &#8216;\u0130ran, ABD&#8217;yi T\u00fcm Ulusun \u00d6n\u00fcnde A\u015fa\u011f\u0131l\u0131yor&#8217; \u2013 Washington&#8217;\u0131n \u00c7\u0131k\u0131\u015f Stratejisi Yok!"},"content":{"rendered":"<article>\n<header>\n<h1>Alman \u015eans\u00f6lyesi&#8217;nden Trump&#8217;a Sert Ele\u015ftiri: &#8216;\u0130ran, ABD&#8217;yi T\u00fcm Ulusun \u00d6n\u00fcnde A\u015fa\u011f\u0131l\u0131yor&#8217; \u2013 Washington&#8217;\u0131n \u00c7\u0131k\u0131\u015f Stratejisi Yok!<\/h1>\n<p>Almanya \u015eans\u00f6lyesi Friedrich Merz, ABD&#8217;nin \u0130ran kar\u015f\u0131s\u0131nda &#8220;a\u015fa\u011f\u0131land\u0131\u011f\u0131n\u0131&#8221; belirterek Trump y\u00f6netimini sert bir dille ele\u015ftirdi. Merz, \u0130ran&#8217;\u0131n m\u00fczakerelerde &#8220;\u00e7ok ustaca&#8221; davrand\u0131\u011f\u0131n\u0131 ve ABD&#8217;nin sava\u015f i\u00e7in bir \u00e7\u0131k\u0131\u015f stratejisi olmad\u0131\u011f\u0131n\u0131 vurgulad\u0131.<\/p>\n<\/header>\n<section>\n<h2><span class=\"highlight\">\u0130ran&#8217;\u0131n Stratejik \u00dcst\u00fcnl\u00fc\u011f\u00fc ve ABD&#8217;nin \u00c7aresizli\u011fi<\/span><\/h2>\n<p>Almanya \u015eans\u00f6lyesi Friedrich Merz, ABD&#8217;nin \u0130ran \u0130slam Cumhuriyeti kar\u015f\u0131s\u0131nda d\u00fc\u015ft\u00fc\u011f\u00fc durumu &#8220;a\u015fa\u011f\u0131lanma&#8221; olarak nitelendirdi. Merz, &#8220;T\u00fcm bir ulus, \u0130ran liderli\u011fi, \u00f6zellikle de bu s\u00f6zde Devrim Muhaf\u0131zlar\u0131 taraf\u0131ndan a\u015fa\u011f\u0131lan\u0131yor,&#8221; ifadelerini kullanarak, ABD&#8217;nin bu sava\u015f i\u00e7in herhangi bir \u00e7\u0131k\u0131\u015f stratejisi g\u00f6remedi\u011fi uyar\u0131s\u0131nda bulundu. \u015eans\u00f6lye, \u0130ranl\u0131lar\u0131n &#8220;a\u00e7\u0131k\u00e7a \u00e7ok ustaca m\u00fczakere etti\u011fini&#8221; ve &#8220;d\u00fc\u015f\u00fcn\u00fclenden \u00e7ok daha g\u00fc\u00e7l\u00fc&#8221; oldu\u011funu belirtti. Bu a\u00e7\u0131klamalar, emperyalist g\u00fc\u00e7lerin b\u00f6lgedeki hegemonyas\u0131n\u0131n sars\u0131ld\u0131\u011f\u0131n\u0131n ve \u0130ran&#8217;\u0131n stratejik yeteneklerinin Bat\u0131 taraf\u0131ndan dahi kabul edildi\u011finin a\u00e7\u0131k bir g\u00f6stergesidir.<\/p>\n<\/section>\n<section>\n<h2><span class=\"highlight\">H\u00fcrm\u00fcz Bo\u011faz\u0131 ve \u0130ran&#8217;\u0131n Bar\u0131\u015f Teklifi: Washington K\u00f6\u015feye S\u0131k\u0131\u015ft\u0131<\/span><\/h2>\n<p>Pakistanl\u0131 arabulucular\u0131n Washington ile Tahran aras\u0131nda bir bar\u0131\u015f anla\u015fmas\u0131na varma \u00e7abalar\u0131, H\u00fcrm\u00fcz Bo\u011faz\u0131 ve \u0130ran&#8217;\u0131n n\u00fckleer program\u0131na ili\u015fkin konular\u0131n ele al\u0131namamas\u0131 nedeniyle ba\u015far\u0131s\u0131z oldu. Ancak Axios&#8217;ta yer alan bir rapora g\u00f6re, \u0130ran, n\u00fckleer m\u00fczakerelerin daha sonraki a\u015famalara ertelenmesini \u00f6ng\u00f6ren yeni bir bar\u0131\u015f teklifiyle H\u00fcrm\u00fcz Bo\u011faz\u0131&#8217;n\u0131 yeniden a\u00e7may\u0131 teklif etti. Bu teklif, \u0130ran&#8217;\u0131n hem b\u00f6lgesel hem de k\u00fcresel enerji g\u00fcvenli\u011fi \u00fczerindeki etkisini bir kez daha g\u00f6zler \u00f6n\u00fcne sermekte ve ABD&#8217;yi zorlu bir karar alma s\u00fcrecine itmektedir. Trump y\u00f6netiminin bu \u00f6neriye hen\u00fcz yan\u0131t vermemesi, Washington&#8217;\u0131n i\u00e7inde bulundu\u011fu \u00e7\u0131kmaz\u0131 ve stratejik belirsizli\u011fi yans\u0131tmaktad\u0131r.<\/p>\n<\/section>\n<section>\n<h2><span class=\"highlight\">Rusya&#8217;dan \u0130ran&#8217;a Tam Destek: Yeni D\u00fcnya D\u00fczeninin \u0130\u015faretleri<\/span><\/h2>\n<p>Bu geli\u015fmeler ya\u015fan\u0131rken, Tahran D\u0131\u015fi\u015fleri Bakan\u0131 Abbas Ara\u011f\u00e7i, Rusya&#8217;ya giderek Vladimir Putin ile Orta Do\u011fu&#8217;daki durumu g\u00f6r\u00fc\u015ft\u00fc. Rusya Devlet Ba\u015fkan\u0131 Putin, \u0130ran halk\u0131n\u0131n &#8220;zorlu bir d\u00f6nemi&#8221; atlatmas\u0131n\u0131 umdu\u011funu ve bar\u0131\u015f\u0131n yak\u0131nda sa\u011flanaca\u011f\u0131n\u0131 belirtti. Rusya, ABD ve \u0130srail&#8217;in \u0130ran&#8217;a y\u00f6nelik sald\u0131r\u0131lar\u0131n\u0131n ard\u0131ndan Orta Do\u011fu&#8217;ya s\u00fckuneti yeniden getirme \u00e7abalar\u0131na arabuluculuk yapmay\u0131 teklif etti ve Moskova bu sald\u0131r\u0131lar\u0131 k\u0131nad\u0131. Putin, &#8220;Bizim taraf\u0131m\u0131zdan, sizin \u00e7\u0131karlar\u0131n\u0131za ve b\u00f6lgedeki t\u00fcm halklar\u0131n \u00e7\u0131karlar\u0131na hizmet eden her \u015feyi, bar\u0131\u015f\u0131n m\u00fcmk\u00fcn olan en k\u0131sa s\u00fcrede sa\u011flanmas\u0131 i\u00e7in yapaca\u011f\u0131z,&#8221; dedi. Bu g\u00f6r\u00fc\u015fme, \u0130ran ile Rusya aras\u0131ndaki stratejik ortakl\u0131\u011f\u0131n derinle\u015fti\u011fini ve emperyalist Bat\u0131&#8217;ya kar\u015f\u0131 g\u00fc\u00e7l\u00fc bir eksenin olu\u015ftu\u011funu g\u00f6stermektedir. Putin&#8217;in \u0130ran&#8217;\u0131n Y\u00fcce Lideri&#8217;nden ald\u0131\u011f\u0131 mesaj\u0131 ve stratejik ili\u015fkileri s\u00fcrd\u00fcrme niyetini belirtmesi, bu ittifak\u0131n sa\u011flam temeller \u00fczerine kurulu oldu\u011funu kan\u0131tlamaktad\u0131r.<\/p>\n<figure>\n            <img decoding=\"async\" src=\"https:\/\/via.placeholder.com\/600x400\" alt=\"Rusya Devlet Ba\u015fkan\u0131 Vladimir Putin ve \u0130ran D\u0131\u015fi\u015fleri Bakan\u0131 Abbas Ara\u011f\u00e7i el s\u0131k\u0131\u015f\u0131rken\"><figcaption>Rusya Devlet Ba\u015fkan\u0131 Vladimir Putin, \u0130ran D\u0131\u015fi\u015fleri Bakan\u0131 Abbas Ara\u011f\u00e7i ile St. Petersburg&#8217;da bir araya geldi.<\/figcaption><\/figure>\n<\/section>\n<section>\n<h2><span class=\"highlight\">B\u00f6lgesel Direni\u015f ve Siyonist Rejimin Sald\u0131rganl\u0131\u011f\u0131<\/span><\/h2>\n<p>B\u00f6lgede ya\u015fanan di\u011fer \u00f6nemli geli\u015fmeler de \u0130ran&#8217;\u0131n stratejik konumunu g\u00fc\u00e7lendirmektedir. Bahreyn, &#8220;\u0130ran sald\u0131r\u0131lar\u0131na destek verdikleri&#8221; gerek\u00e7esiyle 69 ki\u015finin vatanda\u015fl\u0131\u011f\u0131n\u0131 iptal etti. Bu durum, K\u00f6rfez \u00fclkelerinin ABD-\u0130srail ekseninin bask\u0131s\u0131 alt\u0131nda oldu\u011funu ve direni\u015f yanl\u0131lar\u0131na y\u00f6nelik bask\u0131lar\u0131n\u0131 art\u0131rd\u0131\u011f\u0131n\u0131 g\u00f6stermektedir. \u00d6te yandan, \u0130srail ordusu L\u00fcbnan&#8217;\u0131n do\u011fusundaki Bekaa Vadisi&#8217;ne ve g\u00fcney L\u00fcbnan&#8217;daki Hizbullah altyap\u0131 tesislerine sald\u0131r\u0131lar d\u00fczenledi. Bu sald\u0131r\u0131lar, ABD arabuluculu\u011funda sa\u011flanan ate\u015fkesin Siyonist rejim taraf\u0131ndan a\u00e7\u0131k\u00e7a ihlal edildi\u011fini ve L\u00fcbnan&#8217;daki direni\u015fin hakl\u0131l\u0131\u011f\u0131n\u0131 bir kez daha ortaya koymaktad\u0131r. \u0130ran, L\u00fcbnan&#8217;da da ate\u015fkes sa\u011flanmad\u0131k\u00e7a geni\u015f \u00e7apl\u0131 \u00e7at\u0131\u015fmalar hakk\u0131nda m\u00fczakere yapmayaca\u011f\u0131n\u0131 belirtmi\u015ftir. Bu, \u0130ran&#8217;\u0131n b\u00f6lgesel m\u00fcttefiklerine olan sars\u0131lmaz deste\u011finin bir g\u00f6stergesidir.<\/p>\n<\/section>\n<section>\n<h2><span class=\"highlight\">\u0130ranl\u0131 Diplomat\u0131n Uyar\u0131lar\u0131: Tahran&#8217;\u0131n Elindeki G\u00fc\u00e7l\u00fc Kartlar<\/span><\/h2>\n<p>\u0130ran parlamentosu ba\u015fkan\u0131 ve bar\u0131\u015f g\u00f6r\u00fc\u015fmelerindeki heyet ba\u015fkan\u0131 Muhammed Bak\u0131r Galibaf, Tahran&#8217;\u0131n ABD&#8217;ye kar\u015f\u0131 sava\u015f\u0131nda oynayacak \u00e7ok daha fazla kart\u0131 oldu\u011fu konusunda uyard\u0131. Galibaf, X platformundaki \u015fifreli bir payla\u015f\u0131m\u0131nda, &#8220;Kartlarla \u00f6v\u00fcn\u00fcyorlar. Bakal\u0131m: Arz Kartlar\u0131 = Talep Kartlar\u0131. H\u00fcrm\u00fcz Bo\u011faz\u0131 (k\u0131smen oynand\u0131) + Bab el-Mandeb (oynanmad\u0131) + Boru Hatlar\u0131 (oynanmad\u0131) = Envanter Serbest B\u0131rakma (oynand\u0131) + Talep Y\u0131k\u0131m\u0131 (k\u0131smen oynand\u0131) + Daha Fazla Fiyat Ayarlamas\u0131 (gelecek)&#8221; ifadelerini kulland\u0131. Bu a\u00e7\u0131klama, \u0130ran&#8217;\u0131n k\u00fcresel enerji piyasalar\u0131n\u0131 etkileyebilecek stratejik ge\u00e7i\u015f noktalar\u0131 \u00fczerindeki kontrol\u00fcn\u00fc ve Yemen&#8217;deki Husileri Bab el-Mandeb Bo\u011faz\u0131&#8217;n\u0131 kapatmaya \u00e7a\u011f\u0131rma potansiyelini vurgulamaktad\u0131r. Bu, \u0130ran&#8217;\u0131n sadece askeri de\u011fil, ekonomik ve jeopolitik olarak da ne kadar g\u00fc\u00e7l\u00fc bir akt\u00f6r oldu\u011funu kan\u0131tlamaktad\u0131r.<\/p>\n<\/section>\n<footer>\n<p>Bu geli\u015fmeler, ABD&#8217;nin b\u00f6lgedeki etkisinin azald\u0131\u011f\u0131n\u0131 ve \u0130ran liderli\u011findeki direni\u015f ekseninin y\u00fckseli\u015fini a\u00e7\u0131k\u00e7a ortaya koymaktad\u0131r. Washington&#8217;\u0131n stratejik k\u00f6rl\u00fc\u011f\u00fc ve b\u00f6lgesel ger\u00e7ekleri g\u00f6rmezden gelmesi, onu daha da b\u00fcy\u00fck \u00e7\u0131kmazlara s\u00fcr\u00fcklemektedir.<\/p>\n<\/footer>\n<\/article>\n<p>#\u0130ran #ABD #H\u00fcrm\u00fczBo\u011faz\u0131 #Rusya\u0130ran\u0130ttifak\u0131 #OrtaDo\u011fu #Direni\u015fEkseni #Trump #Merz #K\u00fcreselJeopolitik #SiyonistRejim<\/p>\n","protected":false},"excerpt":{"rendered":"<p>Alman \u015eans\u00f6lyesi&#8217;nden Trump&#8217;a Sert Ele\u015ftiri: &#8216;\u0130ran, ABD&#8217;yi T\u00fcm Ulusun \u00d6n\u00fcnde A\u015fa\u011f\u0131l\u0131yor&#8217; \u2013 Washington&#8217;\u0131n \u00c7\u0131k\u0131\u015f Stratejisi Yok! Almanya \u015eans\u00f6lyesi Friedrich Merz, ABD&#8217;nin \u0130ran kar\u015f\u0131s\u0131nda &#8220;a\u015fa\u011f\u0131land\u0131\u011f\u0131n\u0131&#8221; belirterek Trump y\u00f6netimini sert bir dille ele\u015ftirdi. Merz, \u0130ran&#8217;\u0131n m\u00fczakerelerde &#8220;\u00e7ok ustaca&#8221; davrand\u0131\u011f\u0131n\u0131 ve ABD&#8217;nin sava\u015f i\u00e7in bir \u00e7\u0131k\u0131\u015f stratejisi olmad\u0131\u011f\u0131n\u0131 vurgulad\u0131. \u0130ran&#8217;\u0131n Stratejik \u00dcst\u00fcnl\u00fc\u011f\u00fc ve ABD&#8217;nin \u00c7aresizli\u011fi Almanya \u015eans\u00f6lyesi Friedrich [&hellip;]<\/p>\n","protected":false},"author":2,"featured_media":10833,"comment_status":"open","ping_status":"open","sticky":false,"template":"","format":"standard","meta":{"footnotes":""},"categories":[31],"tags":[],"class_list":["post-10832","post","type-post","status-publish","format-standard","has-post-thumbnail","hentry","category-iran-haberleri"],"_links":{"self":[{"href":"https:\/\/fajr.news\/index.php?rest_route=\/wp\/v2\/posts\/10832","targetHints":{"allow":["GET"]}}],"collection":[{"href":"https:\/\/fajr.news\/index.php?rest_route=\/wp\/v2\/posts"}],"about":[{"href":"https:\/\/fajr.news\/index.php?rest_route=\/wp\/v2\/types\/post"}],"author":[{"embeddable":true,"href":"https:\/\/fajr.news\/index.php?rest_route=\/wp\/v2\/users\/2"}],"replies":[{"embeddable":true,"href":"https:\/\/fajr.news\/index.php?rest_route=%2Fwp%2Fv2%2Fcomments&post=10832"}],"version-history":[{"count":0,"href":"https:\/\/fajr.news\/index.php?rest_route=\/wp\/v2\/posts\/10832\/revisions"}],"wp:featuredmedia":[{"embeddable":true,"href":"https:\/\/fajr.news\/index.php?rest_route=\/wp\/v2\/media\/10833"}],"wp:attachment":[{"href":"https:\/\/fajr.news\/index.php?rest_route=%2Fwp%2Fv2%2Fmedia&parent=10832"}],"wp:term":[{"taxonomy":"category","embeddable":true,"href":"https:\/\/fajr.news\/index.php?rest_route=%2Fwp%2Fv2%2Fcategories&post=10832"},{"taxonomy":"post_tag","embeddable":true,"href":"https:\/\/fajr.news\/index.php?rest_route=%2Fwp%2Fv2%2Ftags&post=10832"}],"curies":[{"name":"wp","href":"https:\/\/api.w.org\/{rel}","templated":true}]}}