{"id":10824,"date":"2026-04-27T19:01:14","date_gmt":"2026-04-27T15:31:14","guid":{"rendered":"https:\/\/fajr.news\/?p=10824"},"modified":"2026-04-27T19:01:14","modified_gmt":"2026-04-27T15:31:14","slug":"suudi-arabistan-ve-nijerya-arasinda-ekonomik-is-birligi-derinlesiyor-dangote-grubu-orta-doguda-yeni-yatirim-firsatlarini-degerlendiriyor","status":"publish","type":"post","link":"https:\/\/fajr.news\/?p=10824&lang=tr","title":{"rendered":"Suudi Arabistan ve Nijerya Aras\u0131nda Ekonomik \u0130\u015f Birli\u011fi Derinle\u015fiyor: Dangote Grubu Orta Do\u011fu&#8217;da Yeni Yat\u0131r\u0131m F\u0131rsatlar\u0131n\u0131 De\u011ferlendiriyor"},"content":{"rendered":"<h1>Suudi Arabistan ve Nijerya Aras\u0131nda Ekonomik \u0130\u015f Birli\u011fi Derinle\u015fiyor: Dangote Grubu Orta Do\u011fu&#8217;da Yeni Yat\u0131r\u0131m F\u0131rsatlar\u0131n\u0131 De\u011ferlendiriyor<\/h1>\n<p>Suudi Arabistan ve Nijerya, ekonomik ba\u011flar\u0131n\u0131 g\u00fc\u00e7lendirme yolunda \u00f6nemli bir ad\u0131m att\u0131. Suudi Arabistan&#8217;\u0131n Nijerya B\u00fcy\u00fckel\u00e7isi Yousef Al-Balawi, Dangote Grubu Y\u00f6netim Kurulu Ba\u015fkan\u0131 Aliko Dangote ile Abuja&#8217;da bir araya gelerek iki \u00fclke aras\u0131ndaki i\u015f birli\u011fi potansiyelini masaya yat\u0131rd\u0131.<\/p>\n<h2>Stratejik Sekt\u00f6rlerde Ortakl\u0131k Vurgusu<\/h2>\n<p>Abuja&#8217;da ger\u00e7ekle\u015fen bu \u00fcst d\u00fczey toplant\u0131, Suudi Arabistan ve Nijerya aras\u0131ndaki ekonomik i\u015f birli\u011fini derinle\u015ftirme aray\u0131\u015f\u0131n\u0131n bir g\u00f6stergesi olarak de\u011ferlendiriliyor. B\u00fcy\u00fckel\u00e7i Al-Balawi&#8217;nin ev sahipli\u011finde ger\u00e7ekle\u015fen g\u00f6r\u00fc\u015fmelerde, enerji, altyap\u0131 ve sanayi alanlar\u0131ndaki yat\u0131r\u0131m f\u0131rsatlar\u0131 ve ortakl\u0131klar \u00fczerinde duruldu. Bu bulu\u015fma, K\u00f6rfez \u00fclkelerinin Afrika&#8217;n\u0131n en b\u00fcy\u00fck ekonomisine olan artan ilgisini ve s\u0131n\u0131r \u00f6tesi ortakl\u0131klar\u0131n geni\u015flemesini de yans\u0131t\u0131yor.<\/p>\n<p>24 Nisan 2026 Cuma g\u00fcn\u00fc, b\u00fcy\u00fckel\u00e7inin Abuja&#8217;daki Diplomatik B\u00f6lge&#8217;deki rezidans\u0131nda ger\u00e7ekle\u015fen toplant\u0131, enerji, sanayi ve altyap\u0131 gibi stratejik sekt\u00f6rlerde i\u015f birli\u011fini geni\u015fletmeye odakland\u0131. Nijerya Haber Ajans\u0131 (NAN) taraf\u0131ndan aktar\u0131lan bilgilere g\u00f6re, g\u00f6r\u00fc\u015fmelerde her iki taraf da iki \u00fclke aras\u0131ndaki ikili ekonomik ili\u015fkilerde artan ivmeyi vurgulad\u0131.<\/p>\n<h2>Kar\u015f\u0131l\u0131kl\u0131 \u00c7\u0131karlar ve Yat\u0131r\u0131m Potansiyeli<\/h2>\n<p>B\u00fcy\u00fckel\u00e7i Al-Balawi, bu g\u00f6r\u00fc\u015fmenin, ekonominin kilit sekt\u00f6rlerinde i\u015f birli\u011fini derinle\u015ftirme y\u00f6n\u00fcndeki <strong>ortak taahh\u00fcd\u00fc<\/strong> yans\u0131tt\u0131\u011f\u0131n\u0131 belirtti. Her iki taraf\u0131n da kar\u015f\u0131l\u0131kl\u0131 \u00e7\u0131karlara hizmet edecek yat\u0131r\u0131m f\u0131rsatlar\u0131n\u0131 ke\u015ffetti\u011fi ifade edildi. G\u00f6r\u00fc\u015fmelerde ayr\u0131ca Dangote&#8217;nin Suudi Arabistan&#8217;a yapt\u0131\u011f\u0131 son ziyaretin sonu\u00e7lar\u0131 da de\u011ferlendirildi. Bu ziyarette, olas\u0131 i\u015f geni\u015flemesi ve s\u0131n\u0131r \u00f6tesi yat\u0131r\u0131m f\u0131rsatlar\u0131 \u00fczerine odaklan\u0131ld\u0131\u011f\u0131 bildirilmi\u015fti.<\/p>\n<p>\u00d6zellikle Dangote Grubu i\u00e7in Suudi Arabistan Krall\u0131\u011f\u0131&#8217;nda mevcut olan beklentiler ile Suudi yat\u0131r\u0131mc\u0131lar\u0131n ilgisini \u00e7ekebilecek Dangote \u015firketlerindeki yat\u0131r\u0131m olanaklar\u0131 \u00fczerinde duruldu. Bu toplant\u0131, K\u00f6rfez yat\u0131r\u0131mc\u0131lar\u0131n\u0131n b\u00fcy\u00fck \u00f6l\u00e7ekli altyap\u0131, end\u00fcstriyel \u00fcretim ve enerji projeleri i\u00e7in Afrika&#8217;n\u0131n en b\u00fcy\u00fck ekonomisine giderek daha fazla y\u00f6neldi\u011fi bir d\u00f6neme denk geliyor.<\/p>\n<h2>Dangote Grubu&#8217;nun Stratejik \u00d6nemi<\/h2>\n<p>Afrika&#8217;n\u0131n en b\u00fcy\u00fck holdinglerinden biri olan Dangote Grubu, \u00e7imento, g\u00fcbre, \u015feker, petrol rafinerisi ve petrokimya gibi sekt\u00f6rlerde faaliyet g\u00f6steriyor. Bu sekt\u00f6rler, Suudi Arabistan&#8217;\u0131n daha geni\u015f yat\u0131r\u0131m hedefleri ve \u00e7e\u015fitlendirme stratejisiyle yak\u0131ndan \u00f6rt\u00fc\u015f\u00fcyor. Bu i\u015f birli\u011fi, Nijerya&#8217;n\u0131n sanayi b\u00fcy\u00fcmesini ve altyap\u0131 geli\u015fimini desteklemek i\u00e7in yabanc\u0131 sermaye aray\u0131\u015f\u0131nda oldu\u011fu bir d\u00f6nemde, Afrika ve Orta Do\u011fu pazarlar\u0131 aras\u0131ndaki artan ekonomik i\u015f birli\u011fi e\u011filiminin alt\u0131n\u0131 \u00e7iziyor.<\/p>\n<p>Toplant\u0131n\u0131n ard\u0131ndan b\u00fcy\u00fckel\u00e7i, Dangote onuruna bir ak\u015fam yeme\u011fi verdi ve ziyareti an\u0131s\u0131na kendisine hat\u0131ra bir hediye takdim etti. Bu nazik jest, iki \u00fclke aras\u0131ndaki dostane ili\u015fkilerin ve i\u015f birli\u011fi ruhunun bir g\u00f6stergesi olarak kabul edildi.<\/p>\n<p>#SuudiArabistan #Nijerya #Ekonomik\u0130\u015fbirli\u011fi #DangoteGrubu #AlikoDangote #Yat\u0131r\u0131mF\u0131rsatlar\u0131 #OrtaDo\u011fu #AfrikaEkonomisi #SanayiKalk\u0131nmas\u0131 #EnerjiSekt\u00f6r\u00fc<\/p>\n","protected":false},"excerpt":{"rendered":"<p>Suudi Arabistan ve Nijerya Aras\u0131nda Ekonomik \u0130\u015f Birli\u011fi Derinle\u015fiyor: Dangote Grubu Orta Do\u011fu&#8217;da Yeni Yat\u0131r\u0131m F\u0131rsatlar\u0131n\u0131 De\u011ferlendiriyor Suudi Arabistan ve Nijerya, ekonomik ba\u011flar\u0131n\u0131 g\u00fc\u00e7lendirme yolunda \u00f6nemli bir ad\u0131m att\u0131. Suudi Arabistan&#8217;\u0131n Nijerya B\u00fcy\u00fckel\u00e7isi Yousef Al-Balawi, Dangote Grubu Y\u00f6netim Kurulu Ba\u015fkan\u0131 Aliko Dangote ile Abuja&#8217;da bir araya gelerek iki \u00fclke aras\u0131ndaki i\u015f birli\u011fi potansiyelini masaya yat\u0131rd\u0131. [&hellip;]<\/p>\n","protected":false},"author":2,"featured_media":10825,"comment_status":"open","ping_status":"open","sticky":false,"template":"","format":"standard","meta":{"footnotes":""},"categories":[37],"tags":[],"class_list":["post-10824","post","type-post","status-publish","format-standard","has-post-thumbnail","hentry","category-orta-dogu-haberleri"],"_links":{"self":[{"href":"https:\/\/fajr.news\/index.php?rest_route=\/wp\/v2\/posts\/10824","targetHints":{"allow":["GET"]}}],"collection":[{"href":"https:\/\/fajr.news\/index.php?rest_route=\/wp\/v2\/posts"}],"about":[{"href":"https:\/\/fajr.news\/index.php?rest_route=\/wp\/v2\/types\/post"}],"author":[{"embeddable":true,"href":"https:\/\/fajr.news\/index.php?rest_route=\/wp\/v2\/users\/2"}],"replies":[{"embeddable":true,"href":"https:\/\/fajr.news\/index.php?rest_route=%2Fwp%2Fv2%2Fcomments&post=10824"}],"version-history":[{"count":0,"href":"https:\/\/fajr.news\/index.php?rest_route=\/wp\/v2\/posts\/10824\/revisions"}],"wp:featuredmedia":[{"embeddable":true,"href":"https:\/\/fajr.news\/index.php?rest_route=\/wp\/v2\/media\/10825"}],"wp:attachment":[{"href":"https:\/\/fajr.news\/index.php?rest_route=%2Fwp%2Fv2%2Fmedia&parent=10824"}],"wp:term":[{"taxonomy":"category","embeddable":true,"href":"https:\/\/fajr.news\/index.php?rest_route=%2Fwp%2Fv2%2Fcategories&post=10824"},{"taxonomy":"post_tag","embeddable":true,"href":"https:\/\/fajr.news\/index.php?rest_route=%2Fwp%2Fv2%2Ftags&post=10824"}],"curies":[{"name":"wp","href":"https:\/\/api.w.org\/{rel}","templated":true}]}}