{"id":10800,"date":"2026-04-27T18:19:18","date_gmt":"2026-04-27T14:49:18","guid":{"rendered":"https:\/\/fajr.news\/?p=10800"},"modified":"2026-04-27T18:19:18","modified_gmt":"2026-04-27T14:49:18","slug":"israilin-guney-lubnana-saldirilarinda-aralarinda-2-cocugun-da-bulundugu-14-kisi-sehit-oldu","status":"publish","type":"post","link":"https:\/\/fajr.news\/?p=10800&lang=tr","title":{"rendered":"\u0130srail&#8217;in G\u00fcney L\u00fcbnan&#8217;a Sald\u0131r\u0131lar\u0131nda Aralar\u0131nda 2 \u00c7ocu\u011fun da Bulundu\u011fu 14 Ki\u015fi \u015eehit Oldu"},"content":{"rendered":"<article>\n<h1>\u0130srail&#8217;in G\u00fcney L\u00fcbnan&#8217;a Y\u00f6nelik Barbar Sald\u0131r\u0131lar\u0131: \u00c7ocuklar ve Kad\u0131nlar Hedef Al\u0131nd\u0131<\/h1>\n<p>L\u00fcbnan Kamu Sa\u011fl\u0131\u011f\u0131 Acil Durum Operasyonlar\u0131 Merkezi Pazar g\u00fcn\u00fc yapt\u0131\u011f\u0131 a\u00e7\u0131klamada, <strong>i\u015fgalci \u0130srail&#8217;in<\/strong> g\u00fcney L\u00fcbnan&#8217;a d\u00fczenledi\u011fi hava sald\u0131r\u0131lar\u0131nda aralar\u0131nda <strong>iki \u00e7ocuk ve iki kad\u0131n\u0131n da bulundu\u011fu 14 ki\u015finin \u015fehit oldu\u011funu<\/strong> ve \u00fc\u00e7\u00fc kad\u0131n olmak \u00fczere 37 ki\u015finin yaraland\u0131\u011f\u0131n\u0131 duyurdu.<\/p>\n<p>Merkezden yap\u0131lan a\u00e7\u0131klamada, bu korkun\u00e7 bilan\u00e7onun 26 Nisan&#8217;da ger\u00e7ekle\u015ftirilen sald\u0131r\u0131lara ait oldu\u011fu belirtilirken, hedef al\u0131nan yerler hakk\u0131nda daha fazla detay verilmedi. Ancak bu sald\u0131r\u0131lar, <strong>siyonist rejimin<\/strong> b\u00f6lgedeki sivil katliamlar\u0131n\u0131n ve insanl\u0131k d\u0131\u015f\u0131 uygulamalar\u0131n\u0131n ac\u0131 bir g\u00f6stergesi olarak kay\u0131tlara ge\u00e7ti.<\/p>\n<h2>\u0130srail&#8217;in &#8220;Yak\u0131p Y\u0131kma&#8221; Politikas\u0131 ve Sivil Halk\u0131n S\u00fcrg\u00fcn Edilmesi<\/h2>\n<p>\u0130srail ordusu, g\u00fcney L\u00fcbnan&#8217;daki onlarca kasaba ve k\u00f6yde <strong>sistematik y\u0131k\u0131m ve tahrip operasyonlar\u0131na<\/strong> devam ediyor. Bu eylemler, bir milyondan fazla yerinden edilmi\u015f L\u00fcbnanl\u0131&#8217;n\u0131n evlerine d\u00f6nmesini engellemeyi ama\u00e7layan bir &#8220;tampon b\u00f6lge&#8221; olu\u015fturma hedefiyle y\u00fcr\u00fct\u00fclen <strong>&#8220;yak\u0131p y\u0131kma&#8221; (scorched earth) politikas\u0131<\/strong> kapsam\u0131nda ger\u00e7ekle\u015ftiriliyor. Bu insanl\u0131k d\u0131\u015f\u0131 politika, b\u00f6lge halk\u0131n\u0131 topraklar\u0131ndan koparmay\u0131 ve demografik yap\u0131y\u0131 de\u011fi\u015ftirmeyi hedefliyor.<\/p>\n<h2>Gazze&#8217;deki Vah\u015fet L\u00fcbnan&#8217;da Tekrarlan\u0131yor<\/h2>\n<p>\u0130srail&#8217;in devam eden bu plan\u0131, <strong>hayat\u00ee altyap\u0131n\u0131n ve temel ya\u015fam ko\u015fullar\u0131n\u0131n yayg\u0131n bir \u015fekilde yok edilmesine<\/strong> dayanan bir strateji izliyor. \u0130srail gazetesi Haaretz&#8217;in raporuna g\u00f6re, bu operasyonlarda daha \u00f6nce Gazze \u015eeridi&#8217;nde benzer eylemlerde yer alm\u0131\u015f ekipman ve m\u00fcteahhit \u015firketler kullan\u0131l\u0131yor. Bu durum, <strong>siyonist rejimin<\/strong> Gazze&#8217;de uygulad\u0131\u011f\u0131 vah\u015fetin bir benzerini L\u00fcbnan&#8217;da da tekrarlad\u0131\u011f\u0131n\u0131 a\u00e7\u0131k\u00e7a ortaya koyuyor. Uluslararas\u0131 toplumun bu sistematik y\u0131k\u0131ma ve insanl\u0131k su\u00e7lar\u0131na kar\u015f\u0131 sessiz kalmas\u0131 kabul edilemez.<\/p>\n<\/article>\n<p>\n#G\u00fcneyL\u00fcbnan #\u0130srailSald\u0131r\u0131lar\u0131 #SivilKatliam\u0131 #\u00c7ocukKatliam\u0131 #Yak\u0131pY\u0131kmaPolitikas\u0131 #SiyonistRejim #L\u00fcbnan #Filistin #\u0130nsanl\u0131kSu\u00e7u #Uluslararas\u0131Adalet<\/p>\n","protected":false},"excerpt":{"rendered":"<p>\u0130srail&#8217;in G\u00fcney L\u00fcbnan&#8217;a Y\u00f6nelik Barbar Sald\u0131r\u0131lar\u0131: \u00c7ocuklar ve Kad\u0131nlar Hedef Al\u0131nd\u0131 L\u00fcbnan Kamu Sa\u011fl\u0131\u011f\u0131 Acil Durum Operasyonlar\u0131 Merkezi Pazar g\u00fcn\u00fc yapt\u0131\u011f\u0131 a\u00e7\u0131klamada, i\u015fgalci \u0130srail&#8217;in g\u00fcney L\u00fcbnan&#8217;a d\u00fczenledi\u011fi hava sald\u0131r\u0131lar\u0131nda aralar\u0131nda iki \u00e7ocuk ve iki kad\u0131n\u0131n da bulundu\u011fu 14 ki\u015finin \u015fehit oldu\u011funu ve \u00fc\u00e7\u00fc kad\u0131n olmak \u00fczere 37 ki\u015finin yaraland\u0131\u011f\u0131n\u0131 duyurdu. Merkezden yap\u0131lan a\u00e7\u0131klamada, bu korkun\u00e7 [&hellip;]<\/p>\n","protected":false},"author":2,"featured_media":10801,"comment_status":"open","ping_status":"open","sticky":false,"template":"","format":"standard","meta":{"footnotes":""},"categories":[37],"tags":[],"class_list":["post-10800","post","type-post","status-publish","format-standard","has-post-thumbnail","hentry","category-orta-dogu-haberleri"],"_links":{"self":[{"href":"https:\/\/fajr.news\/index.php?rest_route=\/wp\/v2\/posts\/10800","targetHints":{"allow":["GET"]}}],"collection":[{"href":"https:\/\/fajr.news\/index.php?rest_route=\/wp\/v2\/posts"}],"about":[{"href":"https:\/\/fajr.news\/index.php?rest_route=\/wp\/v2\/types\/post"}],"author":[{"embeddable":true,"href":"https:\/\/fajr.news\/index.php?rest_route=\/wp\/v2\/users\/2"}],"replies":[{"embeddable":true,"href":"https:\/\/fajr.news\/index.php?rest_route=%2Fwp%2Fv2%2Fcomments&post=10800"}],"version-history":[{"count":0,"href":"https:\/\/fajr.news\/index.php?rest_route=\/wp\/v2\/posts\/10800\/revisions"}],"wp:featuredmedia":[{"embeddable":true,"href":"https:\/\/fajr.news\/index.php?rest_route=\/wp\/v2\/media\/10801"}],"wp:attachment":[{"href":"https:\/\/fajr.news\/index.php?rest_route=%2Fwp%2Fv2%2Fmedia&parent=10800"}],"wp:term":[{"taxonomy":"category","embeddable":true,"href":"https:\/\/fajr.news\/index.php?rest_route=%2Fwp%2Fv2%2Fcategories&post=10800"},{"taxonomy":"post_tag","embeddable":true,"href":"https:\/\/fajr.news\/index.php?rest_route=%2Fwp%2Fv2%2Ftags&post=10800"}],"curies":[{"name":"wp","href":"https:\/\/api.w.org\/{rel}","templated":true}]}}