{"id":10792,"date":"2026-04-27T18:13:56","date_gmt":"2026-04-27T14:43:56","guid":{"rendered":"https:\/\/fajr.news\/?p=10792"},"modified":"2026-04-27T18:13:56","modified_gmt":"2026-04-27T14:43:56","slug":"sanita-pavluta-deslandes-letonyanin-bm-daimi-temsilcisi-bm-guvenlik-konseyinde-aciklama-orta-dogudaki-durum-suriye","status":"publish","type":"post","link":"https:\/\/fajr.news\/?p=10792&lang=tr","title":{"rendered":"Sanita Pav\u013cuta-Deslandes, Letonya&#8217;n\u0131n BM Daimi Temsilcisi \u2014 BM G\u00fcvenlik Konseyi&#8217;nde A\u00e7\u0131klama: Orta Do\u011fu&#8217;daki Durum (Suriye)"},"content":{"rendered":"<p>22 Nisan 2026<br \/>\nTe\u015fekk\u00fcr ederim, Say\u0131n Ba\u015fkan,<br \/>\nSuriye \u00d6zel Temsilci Yard\u0131mc\u0131s\u0131 Say\u0131n Claudio Cordone&#8217;a, \u0130nsani \u0130\u015fler Genel Sekreter Yard\u0131mc\u0131s\u0131 ve Acil Yard\u0131m Koordinat\u00f6r\u00fc Say\u0131n Tom Fletcher&#8217;a ve \u00c7ocuklar ve Silahl\u0131 \u00c7at\u0131\u015fmalar \u00d6zel Temsilcisi Say\u0131n Vanessa Frazier&#8217;a, brifingleri ve BM ile Suriye aras\u0131ndaki te\u015fvik edici i\u015fbirli\u011fi perspektiflerini \u00f6zetledikleri i\u00e7in te\u015fekk\u00fcr etmek isterim.<br \/>\nSay\u0131n Ba\u015fkan,<br \/>\nOrta Do\u011fu&#8217;da devam eden gerilimlerin ortas\u0131nda, Suriye, daha geni\u015f b\u00f6lgesel \u00e7at\u0131\u015fman\u0131n istikrars\u0131zla\u015ft\u0131r\u0131c\u0131 etkilerinden kendini korumak i\u00e7in her t\u00fcrl\u00fc \u00e7abay\u0131 g\u00f6stermektedir. Suriye&#8217;nin L\u00fcbnan ve Irak ile, Hizbullah&#8217;\u0131nkiler de dahil olmak \u00fczere, yakla\u015fan g\u00fcvenlik risklerini ele almak i\u00e7in s\u0131n\u0131r \u00f6tesi koordinasyonunu takdir ediyoruz. Ayr\u0131ca, \u0130srail Savunma Kuvvetleri&#8217;nin devam eden sald\u0131r\u0131lar\u0131na ve 1974 Suriye Golan Ate\u015fkes Anla\u015fmas\u0131&#8217;n\u0131n ihlallerine ra\u011fmen Suriye&#8217;nin g\u00f6sterdi\u011fi siyasi itidali de kabul ediyoruz. Suriye Arap Cumhuriyeti&#8217;nin birli\u011fine, egemenli\u011fine ve toprak b\u00fct\u00fcnl\u00fc\u011f\u00fcne olan kararl\u0131 ba\u011fl\u0131l\u0131\u011f\u0131m\u0131z\u0131 yineliyoruz. Ve \u0130srail ile Suriye&#8217;yi, kar\u015f\u0131l\u0131kl\u0131 olarak kabul edilebilir g\u00fcvenlik d\u00fczenlemelerine ula\u015fmak i\u00e7in devam eden arabuluculuk \u00e7abalar\u0131na kat\u0131lmaya devam etmeye \u00e7a\u011f\u0131r\u0131yoruz.<br \/>\nGe\u00e7i\u015f h\u00fck\u00fcmetinin istikrar ve yeniden yap\u0131lanma aray\u0131\u015f\u0131na olan ba\u011fl\u0131l\u0131\u011f\u0131, Suriye&#8217;nin siyasi ve ekonomik geli\u015fimi i\u00e7in uygun ko\u015fullar yaratmaktad\u0131r. Ancak, devam eden b\u00f6lgesel karga\u015fa ortam\u0131nda, Suriye&#8217;nin s\u00fcrekli ve artan uluslararas\u0131 deste\u011fe ihtiyac\u0131 vard\u0131r. Kuzeydo\u011fu Suriye&#8217;deki kurumlar\u0131n ulusal h\u00fck\u00fcmet yap\u0131lar\u0131na ba\u015far\u0131l\u0131 bir \u015fekilde entegrasyonu, kad\u0131nlar\u0131n karar alma s\u00fcre\u00e7lerine anlaml\u0131 kat\u0131l\u0131m\u0131 ve Halk Meclisi de dahil olmak \u00fczere etnik ve dini topluluklar\u0131n daha geni\u015f siyasi temsili, \u00e7e\u015fitli Suriye toplumunun uyumu i\u00e7in temel unsurlard\u0131r.<br \/>\nGe\u00e7i\u015f d\u00f6nemi adaleti i\u00e7in kapsaml\u0131, kapsay\u0131c\u0131 ve ma\u011fdur odakl\u0131 bir yakla\u015f\u0131m uzla\u015fma i\u00e7in elzemdir. IIIM&#8217;nin son raporunu memnuniyetle kar\u015f\u0131l\u0131yor ve Mekanizma ile Suriye makamlar\u0131 aras\u0131nda ge\u00e7en y\u0131l kaydedilen e\u015fi benzeri g\u00f6r\u00fclmemi\u015f i\u015fbirli\u011fi d\u00fczeyini not ediyoruz. Ortakla\u015fa kabul edilmi\u015f bir dizi \u00f6nceli\u011fi onaylayarak ve Mekanizma&#8217;n\u0131n sahadaki devam eden \u00e7al\u0131\u015fmalar\u0131n\u0131 destekleyerek bu etkile\u015fimin derinle\u015ftirilmesini te\u015fvik ediyoruz.<br \/>\nSay\u0131n Ba\u015fkan,<br \/>\nGenel Sekreter Yard\u0131mc\u0131s\u0131 Fletcher&#8217;\u0131n, Suriye&#8217;nin istikrara ve iyile\u015fmeye do\u011fru ilerlemesi i\u00e7in ger\u00e7ek bir potansiyel oldu\u011fu de\u011ferlendirmesine kat\u0131l\u0131yoruz; ancak insani ihtiya\u00e7lar\u0131n \u00f6nemli olmaya devam etti\u011fini ve risklerin s\u00fcrd\u00fc\u011f\u00fcn\u00fc vurguluyoruz. Suriye makamlar\u0131 ile OCHA da dahil olmak \u00fczere Birle\u015fmi\u015f Milletler aras\u0131ndaki g\u00fc\u00e7lendirilmi\u015f i\u015fbirli\u011fini memnuniyetle kar\u015f\u0131l\u0131yoruz; bu i\u015fbirli\u011fi, daha etkili insani yard\u0131m da\u011f\u0131t\u0131m\u0131n\u0131 sa\u011flam\u0131\u015ft\u0131r ve bu \u00e7abalar\u0131n s\u00fcrd\u00fcr\u00fclmesi ve geni\u015fletilmesinin \u00f6nemini vurguluyoruz. Esad rejimi taraf\u0131ndan geride b\u0131rak\u0131lan ve iyile\u015fmeyi engellemeye ve sivil hayatlar\u0131, \u00f6zellikle de \u00e7ocuklar\u0131 tehlikeye atmaya devam eden may\u0131nlar ve sava\u015f\u0131n patlay\u0131c\u0131 kal\u0131nt\u0131lar\u0131n\u0131n olu\u015fturdu\u011fu tehdidin acilen ele al\u0131nmas\u0131 gerekti\u011fini vurguluyoruz.<br \/>\nSonu\u00e7ta, Suriyelilerin b\u00fct\u00fcn bir nesli sava\u015f\u0131n y\u0131kt\u0131\u011f\u0131 bir \u00fclkede b\u00fcy\u00fcd\u00fc. Bu nedenle, \u00d6zel Temsilci Frazier&#8217;\u0131n, yeni Suriye makamlar\u0131n\u0131n \u00c7ocuklar ve Silahl\u0131 \u00c7at\u0131\u015fmalar g\u00fcndemini \u00e7abalar\u0131n\u0131n merkezine koymaya kararl\u0131 oldu\u011fu de\u011ferlendirmesinden cesaret al\u0131yoruz. Bu konuda BM uzmanl\u0131\u011f\u0131n\u0131n ve ara\u00e7lar\u0131n\u0131n etkili olaca\u011f\u0131na inan\u0131yoruz. Suriye&#8217;nin ulusal mevzuat\u0131n\u0131n, cezai sorumluluk ya\u015f\u0131n\u0131n y\u00fckseltilmesi ve \u00e7ocuk tutukevlerine engelsiz insani eri\u015fimin sa\u011flanmas\u0131 da dahil olmak \u00fczere, ceza yarg\u0131lamalar\u0131 s\u0131ras\u0131nda \u00e7ocuklar\u0131n korunmas\u0131n\u0131 ve haklar\u0131n\u0131 g\u00fcvence alt\u0131na almak i\u00e7in uluslararas\u0131 standartlarla uyumlu hale getirilmesini talep ediyoruz. Ayr\u0131ca, \u00e7ocuklar\u0131n silahl\u0131 kuvvetler ve gruplar taraf\u0131ndan askere al\u0131nmas\u0131ndan ve kullan\u0131lmas\u0131ndan korunmas\u0131 ile bu t\u00fcr gruplarla daha \u00f6nce ili\u015fkili olan \u00e7ocuklara toplum temelli yeniden entegrasyon ve uygun bak\u0131m sa\u011flanmas\u0131 i\u00e7in s\u00fcrekli ve artan \u00e7abalar \u00e7a\u011fr\u0131s\u0131nda bulunuyoruz. Konsey olarak, Suriye i\u00e7in bar\u0131\u015f\u00e7\u0131l ve m\u00fcreffeh bir gelecekten bahsetti\u011fimizde, o gelecek i\u00e7in b\u00fcy\u00fcyen nesli koruman\u0131n ve g\u00fcvence alt\u0131na alman\u0131n vazge\u00e7ilmez oldu\u011funu vurgulamal\u0131y\u0131z.<br \/>\nVe son olarak, Letonya&#8217;n\u0131n Suriye halk\u0131yla dayan\u0131\u015fmas\u0131n\u0131 bir kez daha teyit etmek ve Suriye&#8217;de bar\u0131\u015f, istikrar ve refah\u0131n in\u015fas\u0131 i\u00e7in devam eden deste\u011fimizi ifade etmek isterim.<br \/>\nTe\u015fekk\u00fcr ederim!<br \/>\n#Suriye #BMG\u00fcvenlikKonseyi #OrtaDo\u011fu #\u0130nsaniYard\u0131m #SuriyeBar\u0131\u015f #\u00c7ocukHaklar\u0131 #YenidenYap\u0131lanma #LetonyaBM #SuriyeKrizi #Uluslararas\u0131Destek<\/p>\n","protected":false},"excerpt":{"rendered":"<p>22 Nisan 2026 Te\u015fekk\u00fcr ederim, Say\u0131n Ba\u015fkan, Suriye \u00d6zel Temsilci Yard\u0131mc\u0131s\u0131 Say\u0131n Claudio Cordone&#8217;a, \u0130nsani \u0130\u015fler Genel Sekreter Yard\u0131mc\u0131s\u0131 ve Acil Yard\u0131m Koordinat\u00f6r\u00fc Say\u0131n Tom Fletcher&#8217;a ve \u00c7ocuklar ve Silahl\u0131 \u00c7at\u0131\u015fmalar \u00d6zel Temsilcisi Say\u0131n Vanessa Frazier&#8217;a, brifingleri ve BM ile Suriye aras\u0131ndaki te\u015fvik edici i\u015fbirli\u011fi perspektiflerini \u00f6zetledikleri i\u00e7in te\u015fekk\u00fcr etmek isterim. Say\u0131n Ba\u015fkan, Orta Do\u011fu&#8217;da [&hellip;]<\/p>\n","protected":false},"author":2,"featured_media":10793,"comment_status":"open","ping_status":"open","sticky":false,"template":"","format":"standard","meta":{"footnotes":""},"categories":[37],"tags":[],"class_list":["post-10792","post","type-post","status-publish","format-standard","has-post-thumbnail","hentry","category-orta-dogu-haberleri"],"_links":{"self":[{"href":"https:\/\/fajr.news\/index.php?rest_route=\/wp\/v2\/posts\/10792","targetHints":{"allow":["GET"]}}],"collection":[{"href":"https:\/\/fajr.news\/index.php?rest_route=\/wp\/v2\/posts"}],"about":[{"href":"https:\/\/fajr.news\/index.php?rest_route=\/wp\/v2\/types\/post"}],"author":[{"embeddable":true,"href":"https:\/\/fajr.news\/index.php?rest_route=\/wp\/v2\/users\/2"}],"replies":[{"embeddable":true,"href":"https:\/\/fajr.news\/index.php?rest_route=%2Fwp%2Fv2%2Fcomments&post=10792"}],"version-history":[{"count":0,"href":"https:\/\/fajr.news\/index.php?rest_route=\/wp\/v2\/posts\/10792\/revisions"}],"wp:featuredmedia":[{"embeddable":true,"href":"https:\/\/fajr.news\/index.php?rest_route=\/wp\/v2\/media\/10793"}],"wp:attachment":[{"href":"https:\/\/fajr.news\/index.php?rest_route=%2Fwp%2Fv2%2Fmedia&parent=10792"}],"wp:term":[{"taxonomy":"category","embeddable":true,"href":"https:\/\/fajr.news\/index.php?rest_route=%2Fwp%2Fv2%2Fcategories&post=10792"},{"taxonomy":"post_tag","embeddable":true,"href":"https:\/\/fajr.news\/index.php?rest_route=%2Fwp%2Fv2%2Ftags&post=10792"}],"curies":[{"name":"wp","href":"https:\/\/api.w.org\/{rel}","templated":true}]}}