{"id":10784,"date":"2026-04-27T17:59:20","date_gmt":"2026-04-27T14:29:20","guid":{"rendered":"https:\/\/fajr.news\/?p=10784"},"modified":"2026-04-27T17:59:20","modified_gmt":"2026-04-27T14:29:20","slug":"birlesmis-milletler-guvenlik-konseyinde-suriye-mesaji-fransadan-bolgesel-istikrar-vurgusu","status":"publish","type":"post","link":"https:\/\/fajr.news\/?p=10784&lang=tr","title":{"rendered":"Birle\u015fmi\u015f Milletler G\u00fcvenlik Konseyi&#8217;nde Suriye Mesaj\u0131: Fransa&#8217;dan B\u00f6lgesel \u0130stikrar Vurgusu"},"content":{"rendered":"<h1>Birle\u015fmi\u015f Milletler G\u00fcvenlik Konseyi&#8217;nde Suriye Mesaj\u0131: Fransa&#8217;dan B\u00f6lgesel \u0130stikrar Vurgusu<\/h1>\n<p><strong>22 Nisan 2026<\/strong> tarihinde Birle\u015fmi\u015f Milletler G\u00fcvenlik Konseyi&#8217;nde d\u00fczenlenen oturumda, Fransa&#8217;n\u0131n Birle\u015fmi\u015f Milletler Daimi Temsilcisi J\u00e9r\u00f4me Bonnafont, Orta Do\u011fu&#8217;daki kritik duruma, \u00f6zellikle de Suriye&#8217;deki geli\u015fmelere ili\u015fkin \u00f6nemli a\u00e7\u0131klamalarda bulundu. Bonnafont, konu\u015fmas\u0131nda Suriye&#8217;nin b\u00f6lgesel bar\u0131\u015f ve istikrar i\u00e7in g\u00f6sterdi\u011fi \u00e7abalara dikkat \u00e7ekerek, uluslararas\u0131 toplumu bu y\u00f6ndeki ad\u0131mlar\u0131 desteklemeye \u00e7a\u011f\u0131rd\u0131.<\/p>\n<p>Toplant\u0131da, \u00d6zel Temsilci Yard\u0131mc\u0131s\u0131 Claudio Cordone, \u0130nsani \u0130\u015flerden Sorumlu Genel Sekreter Yard\u0131mc\u0131s\u0131 Tom Fletcher ve \u00c7ocuklar ve Silahl\u0131 \u00c7at\u0131\u015fma \u00d6zel Temsilcisi Vanessa Frazier&#8217;e de\u011ferli bilgilendirmeleri i\u00e7in te\u015fekk\u00fcr eden Bonnafont, b\u00f6lgedeki istikrars\u0131zl\u0131\u011f\u0131n devam etti\u011fini, ancak Suriye&#8217;nin bu zorlu s\u00fcre\u00e7te <em>b\u00fcy\u00fck bir sa\u011fduyu ve sorumlulukla hareket etti\u011fini<\/em> vurgulad\u0131. S\u0131n\u0131rlar\u0131 boyunca ya\u015fanan \u00e7at\u0131\u015fmalardan uzak durarak, Suriye&#8217;nin yeni bir bar\u0131\u015f ve istikrar akt\u00f6r\u00fc olma niyetini a\u00e7\u0131k\u00e7a ortaya koydu\u011funu belirtti. K\u00f6rfez ortaklar\u0131yla dayan\u0131\u015fma i\u00e7inde olan Suriye&#8217;nin, kom\u015fular\u0131yla ili\u015fkilerini normalle\u015ftirme \u00e7abas\u0131nda oldu\u011fu ve \u00fclke i\u00e7inde bar\u0131\u015f ile yeniden yap\u0131lanmay\u0131 ba\u015far\u0131yla ger\u00e7ekle\u015ftirme kararl\u0131l\u0131\u011f\u0131nda oldu\u011fu ifade edildi.<\/p>\n<h2>Fransa&#8217;dan Suriye \u0130\u00e7in \u00dc\u00e7 Temel Mesaj<\/h2>\n<p>Fransa, G\u00fcvenlik Konseyi&#8217;ni Suriye&#8217;ye y\u00f6nelik \u00fc\u00e7 \u00f6nemli mesaj\u0131 iletmeye davet etti:<\/p>\n<ul>\n<li>\n<h3>1. Suriye&#8217;nin Ulusal Uzla\u015fma \u00c7abalar\u0131na Destek<\/h3>\n<p>Fransa, \u015eam y\u00f6netimi ile Suriye Demokratik G\u00fc\u00e7leri (SDG) aras\u0131ndaki anla\u015fman\u0131n uygulanmas\u0131n\u0131 memnuniyetle kar\u015f\u0131lad\u0131\u011f\u0131n\u0131 bildirdi. Bu ilerlemenin, Suriye&#8217;nin toprak b\u00fct\u00fcnl\u00fc\u011f\u00fc ve birli\u011fini peki\u015ftirmek ad\u0131na di\u011fer b\u00f6lgelere de ilham verebilece\u011fi belirtildi. \u00dclkedeki kimlik ve topluluklar mozai\u011fi i\u00e7inde her Suriye vatanda\u015f\u0131n\u0131n haklar\u0131n\u0131n tam olarak korunmas\u0131n\u0131 sa\u011flamak amac\u0131yla ba\u015flat\u0131lan siyasi yeniden yap\u0131lanma \u00e7abalar\u0131 desteklendi. Temmuz 2025&#8217;te S\u00fcveyda&#8217;da i\u015flenen su\u00e7lara ili\u015fkin soru\u015fturma raporlar\u0131n\u0131n, \u00f6zellikle uluslararas\u0131 Soru\u015fturma Komisyonu taraf\u0131ndan yay\u0131mlanan raporun, bu olaylar\u0131n ayd\u0131nlat\u0131lmas\u0131, faillerin hesap vermesi ve kal\u0131c\u0131 bar\u0131\u015f\u0131n sa\u011flanmas\u0131 a\u00e7\u0131s\u0131ndan \u00f6nemli bir ad\u0131m oldu\u011fu vurguland\u0131. Fransa, Suriye makamlar\u0131n\u0131n ge\u00e7i\u015f d\u00f6nemi adaleti taahh\u00fctleri do\u011frultusunda Birle\u015fmi\u015f Milletler ile i\u015fbirli\u011fini takdir etti\u011fini ifade etti. \u00c7ocuklar\u0131n korunmas\u0131na y\u00f6nelik olarak da, Suriye&#8217;nin \u00e7ocuklar\u0131n silahl\u0131 \u00e7at\u0131\u015fmalara kat\u0131l\u0131m\u0131n\u0131 \u00f6nlemek amac\u0131yla yasal \u00e7er\u00e7evede yapt\u0131\u011f\u0131 de\u011fi\u015fiklikler ve fark\u0131ndal\u0131k kampanyalar\u0131 \u00f6vg\u00fcyle kar\u015f\u0131land\u0131.<\/p>\n<\/li>\n<li>\n<h3>2. Ter\u00f6rle M\u00fccadelede \u0130\u015fbirli\u011finin \u00d6nemi<\/h3>\n<p>Konsey&#8217;in, ter\u00f6r belas\u0131n\u0131 ortadan kald\u0131rmak i\u00e7in \u015eam ile Uluslararas\u0131 DEA\u015e Kar\u015f\u0131t\u0131 Koalisyon aras\u0131ndaki i\u015fbirli\u011finin art\u0131r\u0131lmas\u0131n\u0131n \u00f6nemini yeniden teyit etmesi gerekti\u011fi belirtildi. Devam eden b\u00f6lgesel \u00e7at\u0131\u015fman\u0131n, DEA\u015e taraf\u0131ndan istismar edilebilecek bir g\u00fcvenlik bo\u015flu\u011fu yaratma riski ta\u015f\u0131d\u0131\u011f\u0131na dikkat \u00e7ekildi. Fransa, Suriyeli ve Irakl\u0131 ortaklar\u0131yla ve Koalisyonun t\u00fcm \u00fcyeleriyle birlikte uluslararas\u0131 ter\u00f6rle m\u00fccadeleyi <strong>azimle s\u00fcrd\u00fcrme kararl\u0131l\u0131\u011f\u0131nda<\/strong> oldu\u011funu yineledi.<\/p>\n<\/li>\n<li>\n<h3>3. Suriye&#8217;nin \u0130htiya\u00e7lar\u0131 \u0130\u00e7in Kaynak Seferberli\u011fi<\/h3>\n<p>Konsey&#8217;in, t\u00fcm ikili ve \u00e7ok tarafl\u0131 ortaklar\u0131, Suriye&#8217;nin ve Suriye halk\u0131n\u0131n beklentilerini kar\u015f\u0131lamak \u00fczere gerekli kaynaklar\u0131 seferber etmeye \u00e7a\u011f\u0131rmas\u0131 gerekti\u011fi ifade edildi. \u0130nsani yard\u0131m, kalk\u0131nma ve yeniden yap\u0131lanma akt\u00f6rlerinin Suriye&#8217;de engelsiz bir \u015fekilde faaliyet g\u00f6sterebilmeleri gerekti\u011fi, \u00f6zellikle de \u00fclkenin L\u00fcbnan&#8217;daki sava\u015f\u0131n dolayl\u0131 sonu\u00e7lar\u0131ndan, m\u00fclteci ak\u0131n\u0131 da dahil olmak \u00fczere etkilendi\u011fi belirtildi. \u0130htiya\u00e7lar\u0131n ve \u00f6nceliklerin a\u00e7\u0131k oldu\u011fu, bunlar\u0131n Birle\u015fmi\u015f Milletler ve \u015eam&#8217;daki Suriye makamlar\u0131 taraf\u0131ndan birka\u00e7 hafta \u00f6nce belirlendi\u011fi kaydedildi. Bu durumun, Suriye h\u00fck\u00fcmeti ile Birle\u015fmi\u015f Milletler aras\u0131ndaki altyap\u0131y\u0131 yeniden in\u015fa etme, temel hizmetleri yeniden tesis etme ve Suriye&#8217;deki kamu eylemini d\u00f6n\u00fc\u015ft\u00fcrme konusundaki i\u015fbirli\u011finde kaydedilen ilerlemeyi de yans\u0131tt\u0131\u011f\u0131 vurguland\u0131. \u00c7o\u011fu yapt\u0131r\u0131m\u0131n kald\u0131r\u0131lmas\u0131n\u0131n, hem kamu hem de \u00f6zel yat\u0131r\u0131mlar\u0131n yeniden ba\u015flamas\u0131n\u0131n \u00f6n\u00fcn\u00fc a\u00e7t\u0131\u011f\u0131 belirtildi. Bu ekonomik toparlanman\u0131n, m\u00fcltecilerin onurlu ve kal\u0131c\u0131 geri d\u00f6n\u00fc\u015f\u00fcn\u00fc ve insani yard\u0131m\u0131n kalk\u0131nmaya d\u00f6n\u00fc\u015fmesini kolayla\u015ft\u0131raca\u011f\u0131 ifade edildi. \u00d6zel Temsilci&#8217;nin Suriye&#8217;deki kurumsalla\u015fm\u0131\u015f varl\u0131\u011f\u0131 i\u00e7in gerekli anla\u015fman\u0131n h\u0131zla sa\u011flanmas\u0131 umut edildi.<\/p>\n<\/li>\n<\/ul>\n<p>J\u00e9r\u00f4me Bonnafont, konu\u015fmas\u0131n\u0131n sonunda, L\u00fcbnan ve Suriye&#8217;nin istikrarlar\u0131n\u0131n b\u00f6lgesel t\u0131rman\u0131\u015f taraf\u0131ndan tehdit edildi\u011fini hat\u0131rlatt\u0131. G\u00fcvenlik Konseyi olarak gerilimi azaltma \u00e7abalar\u0131n\u0131 desteklerken, Suriye&#8217;yi herhangi bir istikrars\u0131zla\u015ft\u0131rma giri\u015fiminden korumaya ve \u00fclkenin birli\u011fini ve toprak b\u00fct\u00fcnl\u00fc\u011f\u00fcn\u00fc desteklemeye kararl\u0131 olunmas\u0131 gerekti\u011fini vurgulayarak s\u00f6zlerini tamamlad\u0131.<\/p>\n<p>Te\u015fekk\u00fcrler.<\/p>\n<p>#Suriye #Birle\u015fmi\u015fMilletler #G\u00fcvenlikKonseyi #Fransa #OrtaDo\u011fu #Ter\u00f6rleM\u00fccadele #YenidenYap\u0131lanma #UlusalUzla\u015fma #B\u00f6lgesel\u0130stikrar #\u015eam<\/p>\n","protected":false},"excerpt":{"rendered":"<p>Birle\u015fmi\u015f Milletler G\u00fcvenlik Konseyi&#8217;nde Suriye Mesaj\u0131: Fransa&#8217;dan B\u00f6lgesel \u0130stikrar Vurgusu 22 Nisan 2026 tarihinde Birle\u015fmi\u015f Milletler G\u00fcvenlik Konseyi&#8217;nde d\u00fczenlenen oturumda, Fransa&#8217;n\u0131n Birle\u015fmi\u015f Milletler Daimi Temsilcisi J\u00e9r\u00f4me Bonnafont, Orta Do\u011fu&#8217;daki kritik duruma, \u00f6zellikle de Suriye&#8217;deki geli\u015fmelere ili\u015fkin \u00f6nemli a\u00e7\u0131klamalarda bulundu. Bonnafont, konu\u015fmas\u0131nda Suriye&#8217;nin b\u00f6lgesel bar\u0131\u015f ve istikrar i\u00e7in g\u00f6sterdi\u011fi \u00e7abalara dikkat \u00e7ekerek, uluslararas\u0131 toplumu bu y\u00f6ndeki [&hellip;]<\/p>\n","protected":false},"author":2,"featured_media":10785,"comment_status":"open","ping_status":"open","sticky":false,"template":"","format":"standard","meta":{"footnotes":""},"categories":[37],"tags":[],"class_list":["post-10784","post","type-post","status-publish","format-standard","has-post-thumbnail","hentry","category-orta-dogu-haberleri"],"_links":{"self":[{"href":"https:\/\/fajr.news\/index.php?rest_route=\/wp\/v2\/posts\/10784","targetHints":{"allow":["GET"]}}],"collection":[{"href":"https:\/\/fajr.news\/index.php?rest_route=\/wp\/v2\/posts"}],"about":[{"href":"https:\/\/fajr.news\/index.php?rest_route=\/wp\/v2\/types\/post"}],"author":[{"embeddable":true,"href":"https:\/\/fajr.news\/index.php?rest_route=\/wp\/v2\/users\/2"}],"replies":[{"embeddable":true,"href":"https:\/\/fajr.news\/index.php?rest_route=%2Fwp%2Fv2%2Fcomments&post=10784"}],"version-history":[{"count":0,"href":"https:\/\/fajr.news\/index.php?rest_route=\/wp\/v2\/posts\/10784\/revisions"}],"wp:featuredmedia":[{"embeddable":true,"href":"https:\/\/fajr.news\/index.php?rest_route=\/wp\/v2\/media\/10785"}],"wp:attachment":[{"href":"https:\/\/fajr.news\/index.php?rest_route=%2Fwp%2Fv2%2Fmedia&parent=10784"}],"wp:term":[{"taxonomy":"category","embeddable":true,"href":"https:\/\/fajr.news\/index.php?rest_route=%2Fwp%2Fv2%2Fcategories&post=10784"},{"taxonomy":"post_tag","embeddable":true,"href":"https:\/\/fajr.news\/index.php?rest_route=%2Fwp%2Fv2%2Ftags&post=10784"}],"curies":[{"name":"wp","href":"https:\/\/api.w.org\/{rel}","templated":true}]}}