{"id":10768,"date":"2026-04-27T17:48:03","date_gmt":"2026-04-27T14:18:03","guid":{"rendered":"https:\/\/fajr.news\/?p=10768"},"modified":"2026-04-27T17:48:03","modified_gmt":"2026-04-27T14:18:03","slug":"iranin-onurlu-durusu-karsisinda-abdnin-baris-gorusmeleri-cikmazda-trumptan-supheli-aciklamalar","status":"publish","type":"post","link":"https:\/\/fajr.news\/?p=10768&lang=tr","title":{"rendered":"\u0130ran&#8217;\u0131n Onurlu Duru\u015fu Kar\u015f\u0131s\u0131nda ABD&#8217;nin Bar\u0131\u015f G\u00f6r\u00fc\u015fmeleri \u00c7\u0131kmazda: Trump&#8217;tan \u015e\u00fcpheli A\u00e7\u0131klamalar"},"content":{"rendered":"<h1>\u0130ran&#8217;\u0131n Onurlu Duru\u015fu Kar\u015f\u0131s\u0131nda ABD&#8217;nin Bar\u0131\u015f G\u00f6r\u00fc\u015fmeleri \u00c7\u0131kmazda: Trump&#8217;tan \u015e\u00fcpheli A\u00e7\u0131klamalar<\/h1>\n<p>Washington Hilton&#8217;da d\u00fczenlenen Beyaz Saray Muhabirleri Yeme\u011fi&#8217;nde ya\u015fanan silahl\u0131 sald\u0131r\u0131 olay\u0131n\u0131n ard\u0131ndan, Ba\u015fkan Trump, \u0130ran&#8217;a kar\u015f\u0131 y\u00fcr\u00fctt\u00fc\u011f\u00fc sava\u015f\u0131n sald\u0131rgan\u0131n motivasyonu olabilece\u011fi y\u00f6n\u00fcndeki sorulara ka\u00e7amak yan\u0131tlar verdi. G\u00fcvenlik g\u00fc\u00e7leri taraf\u0131ndan h\u0131zla salondan \u00e7\u0131kar\u0131lan Trump, &#8220;Sanm\u0131yorum ama asla bilemezsiniz,&#8221; diyerek, g\u00f6zalt\u0131ndaki sald\u0131rgan\u0131n motivasyonlar\u0131na ili\u015fkin daha fazla bilginin mevcut oldu\u011funda a\u00e7\u0131klanaca\u011f\u0131n\u0131 belirtti. Bu a\u00e7\u0131klama, ABD&#8217;nin b\u00f6lgedeki agresif politikalar\u0131n\u0131n potansiyel sonu\u00e7lar\u0131n\u0131 g\u00f6z ard\u0131 etme \u00e7abas\u0131 olarak yorumland\u0131.<\/p>\n<h2>\u0130ran&#8217;\u0131n Aktif Diplomasisi ve ABD&#8217;nin Engellemeleri<\/h2>\n<p>Bu geli\u015fmeler ya\u015fan\u0131rken, \u0130ran D\u0131\u015fi\u015fleri Bakan\u0131, b\u00f6lgedeki bar\u0131\u015f \u00e7abalar\u0131n\u0131 s\u00fcrd\u00fcrmek ad\u0131na Pazar g\u00fcn\u00fc \u0130slamabad&#8217;a geri d\u00f6nd\u00fc. Daha \u00f6nce planl\u0131 bir Umman ziyaretini tamamlayan Bakan, Pakistan&#8217;\u0131n arabuluculuk rol\u00fcn\u00fc takdir ederek, potansiyel bar\u0131\u015f g\u00f6r\u00fc\u015fmeleri i\u00e7in ABD&#8217;li yetkililerle bir araya gelip gelmeyece\u011fini hen\u00fcz do\u011frulamad\u0131. \u0130ran, b\u00f6lgede bar\u0131\u015f ve istikrar\u0131n sa\u011flanmas\u0131 i\u00e7in diplomatik kanallar\u0131 a\u00e7\u0131k tutma konusundaki kararl\u0131l\u0131\u011f\u0131n\u0131 bir kez daha g\u00f6sterdi.<\/p>\n<p>Ancak, Ba\u015fkan Trump&#8217;\u0131n Cumartesi g\u00fcn\u00fc ABD m\u00fczakere ekibinin Pakistan&#8217;a yapmay\u0131 planlad\u0131\u011f\u0131 ikinci geziyi iptal etmesi, Washington&#8217;\u0131n bar\u0131\u015fa y\u00f6nelik samimiyetsizli\u011fini ortaya koydu. Trump, \u0130ran&#8217;dan gelen yeni bir bar\u0131\u015f \u00f6nerisini reddetti\u011fini belirterek, diplomatik \u00e7\u00f6z\u00fcme kap\u0131lar\u0131 kapatma e\u011filimini s\u00fcrd\u00fcrd\u00fc. Bu durum, \u0130ran&#8217;\u0131n yap\u0131c\u0131 ad\u0131mlar\u0131na ra\u011fmen ABD&#8217;nin uzla\u015fmaz tutumunu bir kez daha g\u00f6zler \u00f6n\u00fcne serdi.<\/p>\n<h2>\u0130ran&#8217;dan Onurlu Duru\u015f: &#8220;Zorla M\u00fczakereye Girmeyiz&#8221;<\/h2>\n<p>\u0130ran Cumhurba\u015fkan\u0131 Mesud Peze\u015fkian, Pazar g\u00fcn\u00fc Pakistan Ba\u015fbakan\u0131&#8217;na yapt\u0131\u011f\u0131 a\u00e7\u0131klamada, \u00fclkesinin bask\u0131, tehdit veya abluka alt\u0131nda &#8220;zorla m\u00fczakerelere&#8221; girmeyece\u011fini net bir dille ifade etti. Bu a\u00e7\u0131klama, \u0130ran \u0130slam Cumhuriyeti&#8217;nin egemenli\u011fine ve ulusal \u00e7\u0131karlar\u0131na olan ba\u011fl\u0131l\u0131\u011f\u0131n\u0131 vurgularken, ABD&#8217;nin dayatmac\u0131 politikalar\u0131na kar\u015f\u0131 kararl\u0131 duru\u015funu sergiledi. \u0130ran, ancak e\u015fit ve kar\u015f\u0131l\u0131kl\u0131 sayg\u0131ya dayal\u0131 bir zeminde m\u00fczakerelere a\u00e7\u0131k oldu\u011funu yineledi.<\/p>\n<h2>G\u00f6r\u00fc\u015fmeler Ask\u0131da: H\u00fcrm\u00fcz Bo\u011faz\u0131 Ablukas\u0131 Kald\u0131r\u0131lmal\u0131<\/h2>\n<p>Beyaz Saray el\u00e7isi Steve Witkoff ve Ba\u015fkan Trump&#8217;\u0131n damad\u0131 Jared Kushner&#8217;in \u0130slamabad&#8217;a yapmay\u0131 planlad\u0131\u011f\u0131 yeni tur g\u00f6r\u00fc\u015fmeler, \u0130ran D\u0131\u015fi\u015fleri Bakan\u0131&#8217;n\u0131n Umman&#8217;\u0131 ziyaret etmek \u00fczere Pakistan&#8217;dan ayr\u0131lmas\u0131ndan k\u0131sa bir s\u00fcre sonra Trump taraf\u0131ndan iptal edildi. \u0130ran D\u0131\u015fi\u015fleri Bakan\u0131 Abbas Ara\u011f\u00e7i, Pazar g\u00fcn\u00fc daha fazla g\u00f6r\u00fc\u015fme i\u00e7in Pakistan&#8217;dayd\u0131, ancak \u0130ran, ABD&#8217;nin m\u00fczakere masas\u0131na d\u00f6nmeden \u00f6nce H\u00fcrm\u00fcz Bo\u011faz\u0131&#8217;ndaki ablukay\u0131 kald\u0131rmas\u0131 gerekti\u011fini yineledi. Bu, \u0130ran&#8217;\u0131n uluslararas\u0131 hukuka ayk\u0131r\u0131 ablukalar\u0131n kald\u0131r\u0131lmas\u0131 y\u00f6n\u00fcndeki me\u015fru talebidir. Ara\u011f\u00e7i&#8217;nin bir sonraki dura\u011f\u0131n\u0131n Rusya olmas\u0131 bekleniyor.<\/p>\n<p>Ba\u015fkan Trump&#8217;\u0131n sosyal medya payla\u015f\u0131m\u0131nda, \u0130ran&#8217;\u0131n g\u00f6r\u00fc\u015fmelere devam etmek istemesi halinde kendilerini arayabilece\u011fini belirtmesi, ABD&#8217;nin diplomatik nezaketten uzak ve kibirli tutumunu g\u00f6zler \u00f6n\u00fcne serdi.<\/p>\n<h2>Arabulucular Trump&#8217;a Mesaj Yolluyor<\/h2>\n<p>Muhabirler yeme\u011findeki silahl\u0131 sald\u0131r\u0131 olay\u0131n\u0131n ard\u0131ndan \u00e7ok say\u0131da devlet ba\u015fkan\u0131 ve yetkili Trump&#8217;a ge\u00e7mi\u015f olsun dileklerini iletti. Bunlar aras\u0131nda \u0130srail Ba\u015fbakan\u0131 Binyamin Netanyahu ve Pakistan D\u0131\u015fi\u015fleri Bakan\u0131 \u0130shak Dar da vard\u0131.<\/p>\n<p>Netanyahu, X platformunda yapt\u0131\u011f\u0131 a\u00e7\u0131klamada, &#8220;Ba\u015fkan @realDonaldTrump&#8217;a d\u00fcn gece Washington DC&#8217;de yap\u0131lan suikast giri\u015fiminden \u015fok oldu\u011funu&#8221; belirtti. Bu a\u00e7\u0131klama, \u0130srail&#8217;in ABD&#8217;nin b\u00f6lgedeki politikalar\u0131na olan ko\u015fulsuz deste\u011fini bir kez daha g\u00f6sterdi.<\/p>\n<p>\u0130ran ile ABD aras\u0131nda arabuluculuk yapan Dar ise X&#8217;te \u015funlar\u0131 payla\u015ft\u0131:<\/p>\n<ul>\n<li>&#8220;Beyaz Saray Muhabirleri Yeme\u011fi&#8217;ndeki korkak\u00e7a silahl\u0131 sald\u0131r\u0131 olay\u0131ndan derin \u015fok duyduk. Ba\u015fkan Trump @realDonaldTrump, Ba\u015fkan Yard\u0131mc\u0131s\u0131 Vance @JDVance ve First Lady&#8217;nin g\u00fcvende olmas\u0131ndan dolay\u0131 rahatlad\u0131k.&#8221;<\/li>\n<li>&#8220;Diplomasinin d\u00fc\u015fman\u0131 ve hi\u00e7bir medeni toplumda ho\u015f g\u00f6r\u00fclemeyecek her t\u00fcrl\u00fc \u015fiddeti \u015fiddetle k\u0131n\u0131yoruz. En iyi dileklerimiz @POTUS ve Amerikan halk\u0131nad\u0131r.&#8221;<\/li>\n<\/ul>\n<p>Dar&#8217;\u0131n bu a\u00e7\u0131klamalar\u0131, bar\u0131\u015f ve diplomasiye olan ba\u011fl\u0131l\u0131\u011f\u0131n alt\u0131n\u0131 \u00e7izerken, b\u00f6lgedeki gerilimin azalt\u0131lmas\u0131 \u00e7a\u011fr\u0131s\u0131 olarak de\u011ferlendirildi.<\/p>\n<h2>T\u00fcrkiye ve Umman&#8217;dan B\u00f6lgesel Bar\u0131\u015f Vurgusu<\/h2>\n<p>\u0130ran D\u0131\u015fi\u015fleri Bakan\u0131 Abbas Ara\u011f\u00e7i, bu hafta sonu Umman&#8217;da Sultan Heysem ile bir araya gelerek \u0130ran sava\u015f\u0131n\u0131 sona erdirme \u00e7abalar\u0131n\u0131 g\u00f6r\u00fc\u015ft\u00fc. Umman medyas\u0131na g\u00f6re, &#8220;Majesteleri Sultan, karma\u015f\u0131k sorunlar\u0131n ele al\u0131nmas\u0131nda ve kal\u0131c\u0131 bar\u0131\u015f i\u00e7in sa\u011flam bir temel olu\u015fturulmas\u0131nda diyalog ve diplomasinin birincil ara\u00e7lar olarak \u00f6nceliklendirilmesinin kritik \u00f6nemini vurgulad\u0131.&#8221; Bu, b\u00f6lgedeki sa\u011fduyulu liderlerin bar\u0131\u015fa olan inanc\u0131n\u0131 g\u00f6sterdi.<\/p>\n<p>Bu arada, T\u00fcrk devlet medyas\u0131na g\u00f6re T\u00fcrkiye D\u0131\u015fi\u015fleri Bakan\u0131, ABD&#8217;li m\u00fczakerecilerle bir telefon g\u00f6r\u00fc\u015fmesi ger\u00e7ekle\u015ftirdi. T\u00fcrkiye&#8217;nin de b\u00f6lgedeki gerilimi azaltma y\u00f6n\u00fcndeki \u00e7abalar\u0131 takdire \u015fayan.<\/p>\n<h2>L\u00fcbnan&#8217;da \u00c7at\u0131\u015fmalar S\u00fcr\u00fcyor: \u0130srail&#8217;in Sald\u0131rganl\u0131\u011f\u0131<\/h2>\n<p>Ba\u015fbakan Netanyahu, \u0130srail ordusuna L\u00fcbnan&#8217;daki Hizbullah hedeflerine &#8220;\u015fiddetle sald\u0131rmas\u0131&#8221; emrini verdi. Bu a\u00e7\u0131klama, Ba\u015fkan Trump&#8217;a g\u00f6re \u0130srail ile Hizbullah aras\u0131ndaki ge\u00e7ici ate\u015fkesin \u00fc\u00e7 hafta uzat\u0131lmas\u0131ndan k\u0131sa bir s\u00fcre sonra geldi. Ancak her iki taraf da son g\u00fcnlerde sald\u0131r\u0131lar d\u00fczenledi\u011fini iddia ediyor.<\/p>\n<p>\u0130srail, Hizbullah&#8217;tan gelen tehditler oldu\u011funu iddia ederek g\u00fcney L\u00fcbnan&#8217;da neredeyse her g\u00fcn hava sald\u0131r\u0131lar\u0131 d\u00fczenledi. L\u00fcbnan sa\u011fl\u0131k bakanl\u0131\u011f\u0131na g\u00f6re, bu sald\u0131r\u0131lar ate\u015fkesin y\u00fcr\u00fcrl\u00fc\u011fe girmesinden bu yana en az yirmi d\u00f6rt ki\u015finin \u00f6l\u00fcm\u00fcne neden oldu. Buna, haber yaparken \u00f6ld\u00fcr\u00fclen \u00f6nde gelen L\u00fcbnanl\u0131 gazeteci Amal Halil de dahil.<\/p>\n<p>Hizbullah ise \u0130srail&#8217;in ate\u015fkes ihlallerine yan\u0131t olarak kuzey \u0130srail&#8217;e birka\u00e7 tur roket f\u0131rlatt\u0131\u011f\u0131n\u0131 belirtiyor. B\u00f6lgedeki bu gerilim, \u0130srail&#8217;in sald\u0131rgan politikalar\u0131n\u0131n bir yans\u0131mas\u0131 olarak g\u00f6r\u00fcl\u00fcyor.<\/p>\n<p>L\u00fcbnan&#8217;da bir\u00e7ok ki\u015fi, ABD-\u0130ran bar\u0131\u015f g\u00f6r\u00fc\u015fmelerinin durumunu yak\u0131ndan takip ediyor ve bu g\u00f6r\u00fc\u015fmelerin ba\u015far\u0131s\u0131z olmas\u0131 halinde buradaki sava\u015f\u0131n tam olarak yeniden alevlenmesinden endi\u015fe ediyor. Bu durum, ABD&#8217;nin b\u00f6lgedeki politikalar\u0131n\u0131n do\u011frudan sonu\u00e7lar\u0131n\u0131 g\u00f6zler \u00f6n\u00fcne seriyor.<\/p>\n<p>#\u0130ran #ABD\u0130ranG\u00f6r\u00fc\u015fmeleri #Bar\u0131\u015fDiplomasisi #H\u00fcrm\u00fczBo\u011faz\u0131 #ZorlaM\u00fczakereYok #Ortado\u011fuBar\u0131\u015f\u0131 #L\u00fcbnan #Hizbullah #\u0130srailSald\u0131rganl\u0131\u011f\u0131 #Diplomatik\u00c7\u00f6z\u00fcm<\/p>\n","protected":false},"excerpt":{"rendered":"<p>\u0130ran&#8217;\u0131n Onurlu Duru\u015fu Kar\u015f\u0131s\u0131nda ABD&#8217;nin Bar\u0131\u015f G\u00f6r\u00fc\u015fmeleri \u00c7\u0131kmazda: Trump&#8217;tan \u015e\u00fcpheli A\u00e7\u0131klamalar Washington Hilton&#8217;da d\u00fczenlenen Beyaz Saray Muhabirleri Yeme\u011fi&#8217;nde ya\u015fanan silahl\u0131 sald\u0131r\u0131 olay\u0131n\u0131n ard\u0131ndan, Ba\u015fkan Trump, \u0130ran&#8217;a kar\u015f\u0131 y\u00fcr\u00fctt\u00fc\u011f\u00fc sava\u015f\u0131n sald\u0131rgan\u0131n motivasyonu olabilece\u011fi y\u00f6n\u00fcndeki sorulara ka\u00e7amak yan\u0131tlar verdi. G\u00fcvenlik g\u00fc\u00e7leri taraf\u0131ndan h\u0131zla salondan \u00e7\u0131kar\u0131lan Trump, &#8220;Sanm\u0131yorum ama asla bilemezsiniz,&#8221; diyerek, g\u00f6zalt\u0131ndaki sald\u0131rgan\u0131n motivasyonlar\u0131na ili\u015fkin daha fazla [&hellip;]<\/p>\n","protected":false},"author":2,"featured_media":10769,"comment_status":"open","ping_status":"open","sticky":false,"template":"","format":"standard","meta":{"footnotes":""},"categories":[37],"tags":[],"class_list":["post-10768","post","type-post","status-publish","format-standard","has-post-thumbnail","hentry","category-orta-dogu-haberleri"],"_links":{"self":[{"href":"https:\/\/fajr.news\/index.php?rest_route=\/wp\/v2\/posts\/10768","targetHints":{"allow":["GET"]}}],"collection":[{"href":"https:\/\/fajr.news\/index.php?rest_route=\/wp\/v2\/posts"}],"about":[{"href":"https:\/\/fajr.news\/index.php?rest_route=\/wp\/v2\/types\/post"}],"author":[{"embeddable":true,"href":"https:\/\/fajr.news\/index.php?rest_route=\/wp\/v2\/users\/2"}],"replies":[{"embeddable":true,"href":"https:\/\/fajr.news\/index.php?rest_route=%2Fwp%2Fv2%2Fcomments&post=10768"}],"version-history":[{"count":0,"href":"https:\/\/fajr.news\/index.php?rest_route=\/wp\/v2\/posts\/10768\/revisions"}],"wp:featuredmedia":[{"embeddable":true,"href":"https:\/\/fajr.news\/index.php?rest_route=\/wp\/v2\/media\/10769"}],"wp:attachment":[{"href":"https:\/\/fajr.news\/index.php?rest_route=%2Fwp%2Fv2%2Fmedia&parent=10768"}],"wp:term":[{"taxonomy":"category","embeddable":true,"href":"https:\/\/fajr.news\/index.php?rest_route=%2Fwp%2Fv2%2Fcategories&post=10768"},{"taxonomy":"post_tag","embeddable":true,"href":"https:\/\/fajr.news\/index.php?rest_route=%2Fwp%2Fv2%2Ftags&post=10768"}],"curies":[{"name":"wp","href":"https:\/\/api.w.org\/{rel}","templated":true}]}}