{"id":10708,"date":"2026-04-27T16:29:22","date_gmt":"2026-04-27T12:59:22","guid":{"rendered":"https:\/\/fajr.news\/?p=10708"},"modified":"2026-04-27T16:29:22","modified_gmt":"2026-04-27T12:59:22","slug":"nokia-orta-dogu-ve-afrika-bolgesel-destek-merkezi-olarak-misiri-secti","status":"publish","type":"post","link":"https:\/\/fajr.news\/?p=10708&lang=tr","title":{"rendered":"Nokia, Orta Do\u011fu ve Afrika B\u00f6lgesel Destek Merkezi Olarak M\u0131s\u0131r&#8217;\u0131 Se\u00e7ti"},"content":{"rendered":"<p>Nokia, Orta Do\u011fu ve Afrika i\u00e7in b\u00f6lgesel destek merkezi olarak M\u0131s\u0131r&#8217;\u0131 se\u00e7ti\u011fini duyurdu. \u015eirket, b\u00f6lgesel faaliyetleri ve m\u00fc\u015fteri operasyonlar\u0131n\u0131 desteklemek amac\u0131yla Kahire&#8217;de merkezi bir operasyonel merkez kurdu.<br \/>\n5G geni\u015flemesi, bulut teknolojilerinin benimsenmesi ve artan veri t\u00fcketimiyle birlikte dijital d\u00f6n\u00fc\u015f\u00fcm\u00fcn b\u00f6lge genelinde h\u0131z kazanmas\u0131yla, hizmet sa\u011flay\u0131c\u0131lar ve i\u015fletmeler giderek daha karma\u015f\u0131k a\u011flar\u0131 y\u00f6netmek zorunda kal\u0131yor. Bu durum, hizmet s\u00fcreklili\u011fini, operasyonel verimlili\u011fi ve daha h\u0131zl\u0131 yan\u0131t s\u00fcrelerini garanti eden \u00f6l\u00e7eklenebilir, y\u00fcksek kaliteli destek modellerine olan talebi art\u0131r\u0131yor.<br \/>\nNokia, M\u0131s\u0131r&#8217;da b\u00f6lgesel merkezini kurarak, merkezi, verimli ve tutarl\u0131 destek hizmetlerini b\u00fcy\u00fck \u00f6l\u00e7ekte sunma yetene\u011fini g\u00fc\u00e7lendiriyor. Bu merkez, payla\u015f\u0131lan hizmetler sunacak, etkili zaman dilimi kapsam\u0131 sa\u011flayacak ve m\u00fc\u015fterilerle ile \u015firket i\u00e7i ekipler aras\u0131nda daha yak\u0131n i\u015f birli\u011fini m\u00fcmk\u00fcn k\u0131lacak. B\u00f6ylece sorunlar\u0131n daha h\u0131zl\u0131 \u00e7\u00f6z\u00fclmesine, hizmet sunumunun iyile\u015ftirilmesine ve m\u00fc\u015fteri deneyiminin art\u0131r\u0131lmas\u0131na katk\u0131da bulunacak. Global Hizmetler ve Operasyonlar, A\u011f Altyap\u0131s\u0131 ve Mobil Altyap\u0131 dahil olmak \u00fczere t\u00fcm Nokia i\u015f gruplar\u0131n\u0131 destekleyecek olan merkez, s\u00fcre\u00e7leri kolayla\u015ft\u0131racak, operasyonel karma\u015f\u0131kl\u0131\u011f\u0131 azaltacak ve \u00f6l\u00e7eklenebilirli\u011fi art\u0131racak. \u00c7ok ama\u00e7l\u0131 bir tesis olarak tasarlanan merkez, uzman bilgiyi bir araya getirecek, kaynak kullan\u0131m\u0131n\u0131 optimize edecek ve geli\u015fen m\u00fc\u015fteri ihtiya\u00e7lar\u0131na uygun, tutarl\u0131 ve y\u00fcksek kaliteli hizmetler sunmak i\u00e7in en iyi uygulamalar\u0131 standartla\u015ft\u0131racak.<br \/>\nM\u0131s\u0131r&#8217;\u0131n se\u00e7ilmesi, Nokia&#8217;n\u0131n \u00fclkenin stratejik konumuna, g\u00fc\u00e7l\u00fc dijital altyap\u0131s\u0131na ve y\u00fcksek nitelikli yetenek havuzuna olan inanc\u0131n\u0131 yans\u0131t\u0131yor. Bu g\u00fc\u00e7l\u00fc y\u00f6nler, M\u0131s\u0131r&#8217;\u0131 ba\u011flant\u0131 ve teknoloji i\u00e7in b\u00f6lgesel bir merkez olarak konumland\u0131r\u0131yor ve b\u00fcy\u00fck \u00f6l\u00e7ekli operasyonlar\u0131 destekleme kapasitesine sahip k\u0131l\u0131yor.<br \/>\nNokia Orta Do\u011fu ve Afrika Ba\u015fkan\u0131 Mikko Lavanti, konuyla ilgili yapt\u0131\u011f\u0131 a\u00e7\u0131klamada \u015funlar\u0131 s\u00f6yledi: &#8220;Bu \u00f6nemli ad\u0131m, M\u0131s\u0131r&#8217;a Orta Do\u011fu ve Afrika i\u00e7in stratejik bir merkez olarak duydu\u011fumuz g\u00fcveni peki\u015ftiriyor. Destek operasyonlar\u0131m\u0131z\u0131 Kahire&#8217;de merkezile\u015ftirerek, m\u00fc\u015fterilerimize y\u00fcksek kaliteli, verimli hizmetler sunma yetene\u011fimizi g\u00fc\u00e7lendirirken, \u00fclkedeki ola\u011fan\u00fcst\u00fc yetenek ve kapasitelerden de faydalan\u0131yoruz.&#8221;<br \/>\n#Nokia #M\u0131s\u0131r #OrtaDo\u011fu #Afrika #DestekMerkezi #DijitalD\u00f6n\u00fc\u015f\u00fcm #5G #Teknoloji #Kahire #Telekom\u00fcnikasyon<\/p>\n","protected":false},"excerpt":{"rendered":"<p>Nokia, Orta Do\u011fu ve Afrika i\u00e7in b\u00f6lgesel destek merkezi olarak M\u0131s\u0131r&#8217;\u0131 se\u00e7ti\u011fini duyurdu. \u015eirket, b\u00f6lgesel faaliyetleri ve m\u00fc\u015fteri operasyonlar\u0131n\u0131 desteklemek amac\u0131yla Kahire&#8217;de merkezi bir operasyonel merkez kurdu. 5G geni\u015flemesi, bulut teknolojilerinin benimsenmesi ve artan veri t\u00fcketimiyle birlikte dijital d\u00f6n\u00fc\u015f\u00fcm\u00fcn b\u00f6lge genelinde h\u0131z kazanmas\u0131yla, hizmet sa\u011flay\u0131c\u0131lar ve i\u015fletmeler giderek daha karma\u015f\u0131k a\u011flar\u0131 y\u00f6netmek zorunda kal\u0131yor. Bu [&hellip;]<\/p>\n","protected":false},"author":2,"featured_media":10709,"comment_status":"open","ping_status":"open","sticky":false,"template":"","format":"standard","meta":{"footnotes":""},"categories":[37],"tags":[],"class_list":["post-10708","post","type-post","status-publish","format-standard","has-post-thumbnail","hentry","category-orta-dogu-haberleri"],"_links":{"self":[{"href":"https:\/\/fajr.news\/index.php?rest_route=\/wp\/v2\/posts\/10708","targetHints":{"allow":["GET"]}}],"collection":[{"href":"https:\/\/fajr.news\/index.php?rest_route=\/wp\/v2\/posts"}],"about":[{"href":"https:\/\/fajr.news\/index.php?rest_route=\/wp\/v2\/types\/post"}],"author":[{"embeddable":true,"href":"https:\/\/fajr.news\/index.php?rest_route=\/wp\/v2\/users\/2"}],"replies":[{"embeddable":true,"href":"https:\/\/fajr.news\/index.php?rest_route=%2Fwp%2Fv2%2Fcomments&post=10708"}],"version-history":[{"count":0,"href":"https:\/\/fajr.news\/index.php?rest_route=\/wp\/v2\/posts\/10708\/revisions"}],"wp:featuredmedia":[{"embeddable":true,"href":"https:\/\/fajr.news\/index.php?rest_route=\/wp\/v2\/media\/10709"}],"wp:attachment":[{"href":"https:\/\/fajr.news\/index.php?rest_route=%2Fwp%2Fv2%2Fmedia&parent=10708"}],"wp:term":[{"taxonomy":"category","embeddable":true,"href":"https:\/\/fajr.news\/index.php?rest_route=%2Fwp%2Fv2%2Fcategories&post=10708"},{"taxonomy":"post_tag","embeddable":true,"href":"https:\/\/fajr.news\/index.php?rest_route=%2Fwp%2Fv2%2Ftags&post=10708"}],"curies":[{"name":"wp","href":"https:\/\/api.w.org\/{rel}","templated":true}]}}