{"id":10700,"date":"2026-04-27T16:10:45","date_gmt":"2026-04-27T12:40:45","guid":{"rendered":"https:\/\/fajr.news\/?p=10700"},"modified":"2026-04-27T16:10:45","modified_gmt":"2026-04-27T12:40:45","slug":"orta-dogudaki-catisma-yakit-fiyatlarini-yukseltiyor-ucak-bileti-fiyatlari-dalgalaniyor","status":"publish","type":"post","link":"https:\/\/fajr.news\/?p=10700&lang=tr","title":{"rendered":"Orta Do\u011fu&#8217;daki \u00c7at\u0131\u015fma Yak\u0131t Fiyatlar\u0131n\u0131 Y\u00fckseltiyor, U\u00e7ak Bileti Fiyatlar\u0131 Dalgalan\u0131yor"},"content":{"rendered":"<h1>Orta Do\u011fu&#8217;daki \u00c7at\u0131\u015fma Yak\u0131t Fiyatlar\u0131n\u0131 Y\u00fckseltiyor, U\u00e7ak Bileti Fiyatlar\u0131 Dalgalan\u0131yor<\/h1>\n<p>Deniza\u015f\u0131r\u0131 b\u00f6lgelerdeki <strong>\u00e7at\u0131\u015fmalar\u0131n etkisiyle<\/strong> jet yak\u0131t\u0131 fiyatlar\u0131nda dramatik bir y\u00fckseli\u015f ya\u015fan\u0131yor. Bu durum, havayolu \u015firketlerinin maliyetlerini art\u0131r\u0131rken, seyahat eden yolcular\u0131 nas\u0131l etkileyecek?<\/p>\n<p>K\u00fcresel piyasalarda ya\u015fanan bu <a href=\"#ekonomikdalgalanma\" title=\"Ekonomik Dalgalanma\">ekonomik dalgalanma<\/a>, \u00f6zellikle Orta Do\u011fu&#8217;daki gerilimlerin t\u0131rmanmas\u0131yla birlikte, bir galon jet yak\u0131t\u0131n\u0131n fiyat\u0131n\u0131 rekor seviyelere ta\u015f\u0131d\u0131. Uzmanlar, bu art\u0131\u015f\u0131n do\u011frudan u\u00e7ak bileti fiyatlar\u0131na yans\u0131yaca\u011f\u0131n\u0131 ve seyahat planlar\u0131 yapanlar\u0131 olumsuz etkileyebilece\u011fini belirtiyor.<\/p>\n<p>Havayolu \u015firketleri, artan yak\u0131t maliyetlerini dengelemek i\u00e7in bilet fiyatlar\u0131nda ayarlamalara gitmek zorunda kalabilir. Bu da hem i\u00e7 hat hem de d\u0131\u015f hat u\u00e7u\u015flar\u0131nda <em>fiyat dalgalanmalar\u0131na<\/em> yol a\u00e7abilir. Yolcular\u0131n, seyahat planlar\u0131n\u0131 yaparken bu fakt\u00f6r\u00fc g\u00f6z \u00f6n\u00fcnde bulundurmalar\u0131 ve olas\u0131 fiyat art\u0131\u015flar\u0131na kar\u015f\u0131 haz\u0131rl\u0131kl\u0131 olmalar\u0131 tavsiye ediliyor.<\/p>\n<p>#U\u00e7akBileti #Yak\u0131tFiyatlar\u0131 #OrtaDo\u011fu #Seyahat #Havayolu #Ekonomi #K\u00fcresel\u00c7at\u0131\u015fma #JetYak\u0131t\u0131 #FiyatArt\u0131\u015f\u0131 #YolcuEtkisi<\/p>\n","protected":false},"excerpt":{"rendered":"<p>Orta Do\u011fu&#8217;daki \u00c7at\u0131\u015fma Yak\u0131t Fiyatlar\u0131n\u0131 Y\u00fckseltiyor, U\u00e7ak Bileti Fiyatlar\u0131 Dalgalan\u0131yor Deniza\u015f\u0131r\u0131 b\u00f6lgelerdeki \u00e7at\u0131\u015fmalar\u0131n etkisiyle jet yak\u0131t\u0131 fiyatlar\u0131nda dramatik bir y\u00fckseli\u015f ya\u015fan\u0131yor. Bu durum, havayolu \u015firketlerinin maliyetlerini art\u0131r\u0131rken, seyahat eden yolcular\u0131 nas\u0131l etkileyecek? K\u00fcresel piyasalarda ya\u015fanan bu ekonomik dalgalanma, \u00f6zellikle Orta Do\u011fu&#8217;daki gerilimlerin t\u0131rmanmas\u0131yla birlikte, bir galon jet yak\u0131t\u0131n\u0131n fiyat\u0131n\u0131 rekor seviyelere ta\u015f\u0131d\u0131. Uzmanlar, bu art\u0131\u015f\u0131n [&hellip;]<\/p>\n","protected":false},"author":2,"featured_media":10701,"comment_status":"open","ping_status":"open","sticky":false,"template":"","format":"standard","meta":{"footnotes":""},"categories":[37],"tags":[],"class_list":["post-10700","post","type-post","status-publish","format-standard","has-post-thumbnail","hentry","category-orta-dogu-haberleri"],"_links":{"self":[{"href":"https:\/\/fajr.news\/index.php?rest_route=\/wp\/v2\/posts\/10700","targetHints":{"allow":["GET"]}}],"collection":[{"href":"https:\/\/fajr.news\/index.php?rest_route=\/wp\/v2\/posts"}],"about":[{"href":"https:\/\/fajr.news\/index.php?rest_route=\/wp\/v2\/types\/post"}],"author":[{"embeddable":true,"href":"https:\/\/fajr.news\/index.php?rest_route=\/wp\/v2\/users\/2"}],"replies":[{"embeddable":true,"href":"https:\/\/fajr.news\/index.php?rest_route=%2Fwp%2Fv2%2Fcomments&post=10700"}],"version-history":[{"count":0,"href":"https:\/\/fajr.news\/index.php?rest_route=\/wp\/v2\/posts\/10700\/revisions"}],"wp:featuredmedia":[{"embeddable":true,"href":"https:\/\/fajr.news\/index.php?rest_route=\/wp\/v2\/media\/10701"}],"wp:attachment":[{"href":"https:\/\/fajr.news\/index.php?rest_route=%2Fwp%2Fv2%2Fmedia&parent=10700"}],"wp:term":[{"taxonomy":"category","embeddable":true,"href":"https:\/\/fajr.news\/index.php?rest_route=%2Fwp%2Fv2%2Fcategories&post=10700"},{"taxonomy":"post_tag","embeddable":true,"href":"https:\/\/fajr.news\/index.php?rest_route=%2Fwp%2Fv2%2Ftags&post=10700"}],"curies":[{"name":"wp","href":"https:\/\/api.w.org\/{rel}","templated":true}]}}