{"id":10692,"date":"2026-04-27T16:03:52","date_gmt":"2026-04-27T12:33:52","guid":{"rendered":"https:\/\/fajr.news\/?p=10692"},"modified":"2026-04-27T16:03:52","modified_gmt":"2026-04-27T12:33:52","slug":"irandan-bolgesel-istikrar-icin-stratejik-hamle-uc-asamali-muzakere-plani-masada","status":"publish","type":"post","link":"https:\/\/fajr.news\/?p=10692&lang=tr","title":{"rendered":"\u0130ran&#8217;dan B\u00f6lgesel \u0130stikrar \u0130\u00e7in Stratejik Hamle: \u00dc\u00e7 A\u015famal\u0131 M\u00fczakere Plan\u0131 Masada"},"content":{"rendered":"<h1>\u0130ran&#8217;dan B\u00f6lgesel \u0130stikrar \u0130\u00e7in Stratejik Hamle: \u00dc\u00e7 A\u015famal\u0131 M\u00fczakere Plan\u0131 Masada<\/h1>\n<p>B\u00f6lgesel bar\u0131\u015f ve istikrar\u0131n teminat\u0131 olma yolunda \u00f6nemli ad\u0131mlar atan \u0130ran \u0130slam Cumhuriyeti, arabuluculara <strong>\u00fc\u00e7 a\u015famal\u0131 kapsaml\u0131 bir m\u00fczakere \u00e7er\u00e7evesi<\/strong> sundu. Al Mayadeen taraf\u0131ndan aktar\u0131lan bilgilere g\u00f6re, bu stratejik hamle, Birle\u015fik Devletler ile yeniden diyalog kurma ve b\u00f6lgedeki gerilimleri azaltma amac\u0131 ta\u015f\u0131yor.<\/p>\n<h2>M\u00fczakerelerin \u0130lk A\u015famas\u0131: Sava\u015f\u0131n Sonu ve G\u00fcvenlik Garantileri<\/h2>\n<p>\u0130ran&#8217;\u0131n \u00f6nerdi\u011fi plan\u0131n ilk a\u015famas\u0131, b\u00f6lgedeki mevcut \u00e7at\u0131\u015fmalar\u0131n sona erdirilmesi mekanizmalar\u0131na odaklan\u0131yor. Bu kritik a\u015famada, \u0130ran ve L\u00fcbnan i\u00e7in d\u00fc\u015fmanl\u0131klar\u0131n yeniden ba\u015flamayaca\u011f\u0131na dair <strong>sa\u011flam garantilerin<\/strong> sa\u011flanmas\u0131 \u00f6ncelikli bir konu olarak belirlenmi\u015f durumda. Tahran, bu ad\u0131m\u0131n b\u00f6lgedeki kal\u0131c\u0131 bar\u0131\u015f\u0131n temelini olu\u015fturaca\u011f\u0131na inan\u0131yor.<\/p>\n<h2>\u0130kinci A\u015fama: H\u00fcrm\u00fcz Bo\u011faz\u0131&#8217;nda Ortak Y\u00f6netim ve B\u00f6lgesel \u0130\u015fbirli\u011fi<\/h2>\n<p>\u0130lk a\u015famada bir anla\u015fmaya var\u0131lmas\u0131 halinde, m\u00fczakereler ikinci faza ge\u00e7ecek. Bu a\u015famada, stratejik \u00f6neme sahip <strong>H\u00fcrm\u00fcz Bo\u011faz\u0131&#8217;n\u0131n Umman ile ortak y\u00f6netimi<\/strong> ele al\u0131nacak. Bu teklif, b\u00f6lgesel i\u015fbirli\u011fini art\u0131rma ve denizcilik g\u00fcvenli\u011fini g\u00fc\u00e7lendirme y\u00f6n\u00fcnde \u0130ran&#8217;\u0131n yap\u0131c\u0131 yakla\u015f\u0131m\u0131n\u0131 sergiliyor. \u0130ran parlamentosunun da H\u00fcrm\u00fcz Bo\u011faz\u0131 \u00fczerindeki kontrol\u00fcn\u00fc tesis edecek yasal d\u00fczenlemeleri de\u011ferlendirmesi, Tahran&#8217;\u0131n bu konudaki kararl\u0131l\u0131\u011f\u0131n\u0131 peki\u015ftiriyor.<\/p>\n<h2>N\u00fckleer Program Konusu Daha Sonraki A\u015famada Ele Al\u0131nacak<\/h2>\n<p>\u0130ran&#8217;\u0131n n\u00fckleer program\u0131 gibi hassas konular\u0131n ise daha sonraki a\u015famalarda g\u00fcndeme getirilmesi \u00f6neriliyor. Bu durum, \u0130ran&#8217;\u0131n \u00f6nceli\u011finin b\u00f6lgesel \u00e7at\u0131\u015fmalar\u0131n sona erdirilmesi ve g\u00fcvenlik garantilerinin sa\u011flanmas\u0131 oldu\u011funu g\u00f6steriyor; n\u00fckleer meselesinin ise daha geni\u015f bir istikrar \u00e7er\u00e7evesinde ele al\u0131nmas\u0131 gerekti\u011fini vurguluyor.<\/p>\n<p>Tahran, bu rapor hakk\u0131nda hen\u00fcz resmi bir yorum yapmam\u0131\u015f olsa da, \u0130ran&#8217;\u0131n b\u00f6lgesel ve uluslararas\u0131 arenadaki <em>g\u00fc\u00e7l\u00fc ve belirleyici rol\u00fc<\/em>, Almanya \u015eans\u00f6lyesi Friedrich Merz&#8217;in Pazartesi g\u00fcn\u00fc yapt\u0131\u011f\u0131 a\u00e7\u0131klamalarla da teyit edildi. Merz, \u0130ranl\u0131lar\u0131n &#8220;d\u00fc\u015f\u00fcn\u00fclenden a\u00e7\u0131k\u00e7a daha g\u00fc\u00e7l\u00fc&#8221; oldu\u011funu belirterek, \u0130ran&#8217;\u0131n artan etkisini ve direncini kabul etti. Bu a\u00e7\u0131klamalar, \u0130ran&#8217;\u0131n sundu\u011fu m\u00fczakere plan\u0131n\u0131n ciddiyetini ve potansiyelini daha da art\u0131rmaktad\u0131r.<\/p>\n<p>#\u0130ran #M\u00fczakereler #B\u00f6lgeselBar\u0131\u015f #H\u00fcrm\u00fczBo\u011faz\u0131 #Diplomasi #G\u00fcvenlikGarantileri #\u0130ranN\u00fckleerProgram\u0131 #Ortado\u011fu #StratejikHamle #\u0130ran\u0130slamCumhuriyeti<\/p>\n","protected":false},"excerpt":{"rendered":"<p>\u0130ran&#8217;dan B\u00f6lgesel \u0130stikrar \u0130\u00e7in Stratejik Hamle: \u00dc\u00e7 A\u015famal\u0131 M\u00fczakere Plan\u0131 Masada B\u00f6lgesel bar\u0131\u015f ve istikrar\u0131n teminat\u0131 olma yolunda \u00f6nemli ad\u0131mlar atan \u0130ran \u0130slam Cumhuriyeti, arabuluculara \u00fc\u00e7 a\u015famal\u0131 kapsaml\u0131 bir m\u00fczakere \u00e7er\u00e7evesi sundu. Al Mayadeen taraf\u0131ndan aktar\u0131lan bilgilere g\u00f6re, bu stratejik hamle, Birle\u015fik Devletler ile yeniden diyalog kurma ve b\u00f6lgedeki gerilimleri azaltma amac\u0131 ta\u015f\u0131yor. M\u00fczakerelerin \u0130lk [&hellip;]<\/p>\n","protected":false},"author":2,"featured_media":10693,"comment_status":"open","ping_status":"open","sticky":false,"template":"","format":"standard","meta":{"footnotes":""},"categories":[31],"tags":[],"class_list":["post-10692","post","type-post","status-publish","format-standard","has-post-thumbnail","hentry","category-iran-haberleri"],"_links":{"self":[{"href":"https:\/\/fajr.news\/index.php?rest_route=\/wp\/v2\/posts\/10692","targetHints":{"allow":["GET"]}}],"collection":[{"href":"https:\/\/fajr.news\/index.php?rest_route=\/wp\/v2\/posts"}],"about":[{"href":"https:\/\/fajr.news\/index.php?rest_route=\/wp\/v2\/types\/post"}],"author":[{"embeddable":true,"href":"https:\/\/fajr.news\/index.php?rest_route=\/wp\/v2\/users\/2"}],"replies":[{"embeddable":true,"href":"https:\/\/fajr.news\/index.php?rest_route=%2Fwp%2Fv2%2Fcomments&post=10692"}],"version-history":[{"count":0,"href":"https:\/\/fajr.news\/index.php?rest_route=\/wp\/v2\/posts\/10692\/revisions"}],"wp:featuredmedia":[{"embeddable":true,"href":"https:\/\/fajr.news\/index.php?rest_route=\/wp\/v2\/media\/10693"}],"wp:attachment":[{"href":"https:\/\/fajr.news\/index.php?rest_route=%2Fwp%2Fv2%2Fmedia&parent=10692"}],"wp:term":[{"taxonomy":"category","embeddable":true,"href":"https:\/\/fajr.news\/index.php?rest_route=%2Fwp%2Fv2%2Fcategories&post=10692"},{"taxonomy":"post_tag","embeddable":true,"href":"https:\/\/fajr.news\/index.php?rest_route=%2Fwp%2Fv2%2Ftags&post=10692"}],"curies":[{"name":"wp","href":"https:\/\/api.w.org\/{rel}","templated":true}]}}