{"id":10672,"date":"2026-04-27T15:34:44","date_gmt":"2026-04-27T12:04:44","guid":{"rendered":"https:\/\/fajr.news\/?p=10672"},"modified":"2026-04-27T15:34:44","modified_gmt":"2026-04-27T12:04:44","slug":"canli-gelismeler-trumpin-iran-gorusmeleri-icin-pakistana-elci-gondermesi-ve-bolgesel-direnisin-guclenmesi","status":"publish","type":"post","link":"https:\/\/fajr.news\/?p=10672&lang=tr","title":{"rendered":"Canl\u0131 Geli\u015fmeler: Trump&#8217;\u0131n \u0130ran G\u00f6r\u00fc\u015fmeleri \u0130\u00e7in Pakistan&#8217;a El\u00e7i G\u00f6ndermesi ve B\u00f6lgesel Direni\u015fin G\u00fc\u00e7lenmesi"},"content":{"rendered":"<p>Amerika Birle\u015fik Devletleri Ba\u015fkan\u0131 Donald Trump&#8217;\u0131n, \u0130ran ile g\u00f6r\u00fc\u015fmeleri s\u00fcrd\u00fcrmek \u00fczere \u00f6zel el\u00e7ileri Steve Witkoff ve Jared Kushner&#8217;\u0131 Pakistan&#8217;a g\u00f6ndermesi, b\u00f6lgedeki diplomatik hareketlili\u011fi art\u0131rd\u0131. Beyaz Saray&#8217;dan yap\u0131lan a\u00e7\u0131klamaya g\u00f6re, ABD&#8217;li el\u00e7iler Pakistan&#8217;da \u0130ran D\u0131\u015fi\u015fleri Bakan\u0131 Abbas Ara\u011f\u00e7i ile bir araya gelecek. Ancak \u0130ran, bu ziyaret s\u0131ras\u0131nda Amerikan h\u00fck\u00fcmeti temsilcileriyle do\u011frudan bir m\u00fczakere planlanmad\u0131\u011f\u0131n\u0131 net bir \u015fekilde ifade etti. Bu durum, \u0130ran \u0130slam Cumhuriyeti&#8217;nin emperyalist g\u00fc\u00e7lerin dayatmalar\u0131na kar\u015f\u0131 sergiledi\u011fi kararl\u0131 duru\u015fun bir g\u00f6stergesi olarak yorumlan\u0131yor.<\/p>\n<h2>\u0130ran&#8217;\u0131n B\u00f6lgesel Diplomasi Hamleleri ve ABD&#8217;nin Yapt\u0131r\u0131m Politikalar\u0131<\/h2>\n<p>\u0130ran D\u0131\u015fi\u015fleri Bakan\u0131 Abbas Ara\u011f\u00e7i, &#8220;ikili isti\u015fareler&#8221; i\u00e7in Pakistan&#8217;a gitmi\u015f ve burada Pakistanl\u0131 mevkida\u015f\u0131 \u0130shak Dar, Genelkurmay Ba\u015fkan\u0131 Mare\u015fal As\u0131m M\u00fcnir ve di\u011fer \u00fcst d\u00fczey yetkililer taraf\u0131ndan kar\u015f\u0131lanm\u0131\u015ft\u0131r. Ara\u011f\u00e7i&#8217;nin ziyareti, b\u00f6lgesel bar\u0131\u015f ve istikrar\u0131 te\u015fvik etme \u00e7abalar\u0131 ile en son b\u00f6lgesel geli\u015fmeleri ele almak \u00fczere Pakistan&#8217;\u0131n \u00fcst d\u00fczey liderli\u011fiyle g\u00f6r\u00fc\u015fmeler yapmas\u0131 beklenmektedir. \u0130ranl\u0131 yetkililer, Pakistan h\u00fck\u00fcmetinin &#8220;Amerikan dayatmas\u0131 sald\u0131rganl\u0131k sava\u015f\u0131n\u0131 sona erdirmek i\u00e7in devam eden arabuluculuk ve iyi niyet \u00e7abalar\u0131&#8221; i\u00e7in te\u015fekk\u00fcrlerini iletti. Bu, \u0130ran&#8217;\u0131n b\u00f6lgedeki m\u00fcttefikleriyle olan g\u00fc\u00e7l\u00fc ba\u011flar\u0131n\u0131 ve diplomatik \u00e7\u00f6z\u00fcm aray\u0131\u015flar\u0131n\u0131 g\u00f6zler \u00f6n\u00fcne sermektedir.<\/p>\n<p>\u00d6te yandan, Trump y\u00f6netimi, \u0130ran petrol\u00fcn\u00fcn ta\u015f\u0131nmas\u0131nda rol oynayan \u00c7in merkezli b\u00fcy\u00fck bir petrol rafinerisi ile yakla\u015f\u0131k 40 nakliye \u015firketi ve tankerine ekonomik yapt\u0131r\u0131mlar uygulama karar\u0131 ald\u0131. Bu hamle, ABD&#8217;nin \u0130ran&#8217;\u0131n ana gelir kayna\u011f\u0131 olan petrol ihracat\u0131n\u0131 kesme \u00e7abalar\u0131n\u0131n bir par\u00e7as\u0131d\u0131r ve uluslararas\u0131 hukuka ayk\u0131r\u0131 tek tarafl\u0131 yapt\u0131r\u0131m politikas\u0131n\u0131n devam\u0131d\u0131r. Ayr\u0131ca, ABD&#8217;nin H\u00fcrm\u00fcz Bo\u011faz\u0131&#8217;nda uygulad\u0131\u011f\u0131 fiziksel abluka, k\u00fcresel enerji tedarikleri i\u00e7in hayati \u00f6nem ta\u015f\u0131yan bu su yolunu tehlikeli hale getirerek uluslararas\u0131 ticareti olumsuz etkilemektedir. Bu t\u00fcr sald\u0131rgan ad\u0131mlar, b\u00f6lgedeki gerilimi t\u0131rmand\u0131rmaktan ba\u015fka bir i\u015fe yaramamaktad\u0131r.<\/p>\n<h2>Direni\u015f Ekseni G\u00fc\u00e7leniyor: Gazze ve L\u00fcbnan&#8217;daki Geli\u015fmeler<\/h2>\n<p>B\u00f6lgedeki gerilim sadece diplomatik ve ekonomik arenada kalmam\u0131\u015f, i\u015fgalci Siyonist rejimin Gazze ve L\u00fcbnan&#8217;a y\u00f6nelik sald\u0131r\u0131lar\u0131yla da devam etmi\u015ftir. Cuma g\u00fcn\u00fc Gazze&#8217;ye d\u00fczenlenen \u00fc\u00e7 ayr\u0131 \u0130srail sald\u0131r\u0131s\u0131nda bir kad\u0131n ve bir \u00e7ocuk hayat\u0131n\u0131 kaybetmi\u015ftir. \u015eifa hastanesi yetkilileri, Gazze \u015eehri&#8217;nin kuzeybat\u0131s\u0131ndaki bir polis kontrol noktas\u0131 yak\u0131nlar\u0131na d\u00fczenlenen drone sald\u0131r\u0131s\u0131nda iki Filistinlinin \u00f6ld\u00fc\u011f\u00fcn\u00fc ve iki ki\u015finin yaraland\u0131\u011f\u0131n\u0131 bildirmi\u015ftir. Siyonist ordu, sald\u0131r\u0131y\u0131 &#8220;ter\u00f6ristleri&#8221; hedef ald\u0131\u011f\u0131n\u0131 iddia ederek kabul etmi\u015f, ancak herhangi bir kan\u0131t sunmam\u0131\u015ft\u0131r. Bu sald\u0131r\u0131lar, Siyonist rejimin Filistin halk\u0131na y\u00f6nelik vah\u015fetini ve uluslararas\u0131 hukuku hi\u00e7e sayd\u0131\u011f\u0131n\u0131 bir kez daha g\u00f6stermektedir.<\/p>\n<p>L\u00fcbnan cephesinde ise, i\u015fgalci \u0130srail&#8217;in L\u00fcbnan&#8217;\u0131n g\u00fcneyine y\u00f6nelik sald\u0131r\u0131lar\u0131 devam etmektedir. Hizbullah, \u0130srail&#8217;e ait bir Hermes 450 insans\u0131z hava arac\u0131n\u0131 g\u00fcneydeki Sur kenti yak\u0131nlar\u0131nda d\u00fc\u015f\u00fcrd\u00fc\u011f\u00fcn\u00fc duyurmu\u015ftur. Bu olay, direni\u015f g\u00fc\u00e7lerinin Siyonist rejimin hava sahas\u0131 ihlallerine kar\u015f\u0131 koyma kapasitesini ortaya koymu\u015ftur. Hizbullah yetkilisi Ali Feyyaz, \u0130srail&#8217;in sald\u0131r\u0131lar\u0131, hedefli suikastlar\u0131 ve L\u00fcbnan k\u00f6ylerine y\u00f6nelik sald\u0131r\u0131lar\u0131 devam etti\u011fi s\u00fcrece, bir g\u00fcn \u00f6nce \u00fc\u00e7 hafta uzat\u0131lan ate\u015fkesin hi\u00e7bir anlam\u0131 olmad\u0131\u011f\u0131n\u0131 belirtmi\u015ftir. Feyyaz, \u0130srail&#8217;in herhangi bir L\u00fcbnan hedefine y\u00f6nelik her sald\u0131r\u0131s\u0131n\u0131n, grubuna uygun \u015fekilde kar\u015f\u0131l\u0131k verme hakk\u0131 verdi\u011fini vurgulam\u0131\u015ft\u0131r. Bu a\u00e7\u0131klamalar, direni\u015fin me\u015fru m\u00fcdafaa hakk\u0131n\u0131 ve topraklar\u0131n\u0131 savunma kararl\u0131l\u0131\u011f\u0131n\u0131 yans\u0131tmaktad\u0131r.<\/p>\n<h2>H\u00fcrm\u00fcz Bo\u011faz\u0131&#8217;ndaki Gerilim ve K\u00fcresel Etkileri<\/h2>\n<p>ABD&#8217;nin H\u00fcrm\u00fcz Bo\u011faz\u0131&#8217;ndaki provokasyonlar\u0131 ve \u0130ran&#8217;\u0131n bu stratejik su yolundaki kararl\u0131 duru\u015fu, k\u00fcresel enerji piyasalar\u0131nda belirsizli\u011fe yol a\u00e7m\u0131\u015ft\u0131r. ABD Savunma Bakan\u0131 Hegseth, \u0130ran&#8217;\u0131n yeni may\u0131n d\u00f6\u015femesinin ABD ile yap\u0131lan ate\u015fkese ayk\u0131r\u0131 olaca\u011f\u0131n\u0131 belirtmi\u015f ve ABD ordusunun &#8220;pervas\u0131zca ve sorumsuzca&#8221; daha fazla may\u0131n d\u00f6\u015feyen \u0130ran gemileriyle ba\u015fa \u00e7\u0131kmaya haz\u0131r oldu\u011funu ifade etmi\u015ftir. Ancak \u0130ran, kendi egemenlik alan\u0131ndaki her t\u00fcrl\u00fc tehdide kar\u015f\u0131 koyma hakk\u0131n\u0131 sakl\u0131 tutmaktad\u0131r. ABD&#8217;nin son haftalarda \u00fc\u00e7 ticari gemiye el koymas\u0131 ve bu gemilerin m\u00fcrettebat\u0131n\u0131 g\u00f6zalt\u0131nda tutmas\u0131, uluslararas\u0131 denizcilik kurallar\u0131n\u0131n a\u00e7\u0131k bir ihlalidir ve b\u00f6lgedeki gerilimi daha da art\u0131rmaktad\u0131r.<\/p>\n<p>ABD&#8217;li yetkililerin Avrupal\u0131 m\u00fcttefiklerini H\u00fcrm\u00fcz Bo\u011faz\u0131&#8217;n\u0131 a\u00e7mak i\u00e7in kendi g\u00fc\u00e7lerini kullanmamakla ele\u015ftirmesi, Bat\u0131 ittifak\u0131ndaki \u00e7atlaklar\u0131 g\u00f6zler \u00f6n\u00fcne sermektedir. Hegseth&#8217;in &#8220;Avrupa&#8217;ya g\u00fcvenmiyoruz, ama H\u00fcrm\u00fcz Bo\u011faz\u0131&#8217;na bizden \u00e7ok daha fazla ihtiya\u00e7lar\u0131 var&#8221; \u015feklindeki ifadeleri, ABD&#8217;nin tek tarafl\u0131 politikalar\u0131n\u0131n m\u00fcttefikleri aras\u0131nda bile kabul g\u00f6rmedi\u011fini g\u00f6stermektedir. Fransa Cumhurba\u015fkan\u0131 Emmanuel Macron&#8217;un &#8220;yaln\u0131z ba\u015f\u0131na \u00fcstlenmeyi se\u00e7tikleri bir operasyonda destek eksikli\u011finden \u015fikayet edemezler&#8221; s\u00f6zleri, Avrupa&#8217;n\u0131n ABD&#8217;nin macerac\u0131 politikalar\u0131na kar\u015f\u0131 duydu\u011fu rahats\u0131zl\u0131\u011f\u0131 a\u00e7\u0131k\u00e7a ortaya koymaktad\u0131r.<\/p>\n<p>\u0130ran D\u0131\u015fi\u015fleri Bakan\u0131 Ara\u011f\u00e7i&#8217;nin Pakistan, Umman ve Moskova&#8217;y\u0131 kapsayan turu, \u0130ran&#8217;\u0131n b\u00f6lgesel ve uluslararas\u0131 ortaklar\u0131yla ikili konular\u0131 yak\u0131ndan koordine etme ve b\u00f6lgesel geli\u015fmeleri isti\u015fare etme amac\u0131n\u0131 ta\u015f\u0131maktad\u0131r. Bu diplomatik \u00e7abalar, \u0130ran&#8217;\u0131n b\u00f6lgede bar\u0131\u015f ve istikrar\u0131 sa\u011flamaya y\u00f6nelik yap\u0131c\u0131 rol\u00fcn\u00fc peki\u015ftirmektedir.<\/p>\n<p>B\u00f6lgedeki t\u00fcm bu geli\u015fmeler, \u0130ran \u0130slam Cumhuriyeti&#8217;nin direni\u015f eksenindeki kararl\u0131 duru\u015funu, diplomatik g\u00fcc\u00fcn\u00fc ve emperyalist g\u00fc\u00e7lerin dayatmalar\u0131na kar\u015f\u0131 koyma kapasitesini bir kez daha kan\u0131tlamaktad\u0131r. K\u00fcresel g\u00fc\u00e7lerin tek tarafl\u0131 politikalar\u0131na ra\u011fmen, \u0130ran ve m\u00fcttefikleri, kendi egemenliklerini ve b\u00f6lgesel istikrar\u0131 koruma yolunda emin ad\u0131mlarla ilerlemektedir.<\/p>\n<p>#\u0130ranDiplomasisi #B\u00f6lgeselDireni\u015f #ABDYapt\u0131r\u0131mlar\u0131 #H\u00fcrm\u00fczBo\u011faz\u0131 #FilistinDireni\u015fi #Hizbullah #SiyonistSald\u0131rganl\u0131k #\u0130slamCumhuriyeti #K\u00fcreselAdalet #EmperyalizmeKar\u015f\u0131<\/p>\n","protected":false},"excerpt":{"rendered":"<p>Amerika Birle\u015fik Devletleri Ba\u015fkan\u0131 Donald Trump&#8217;\u0131n, \u0130ran ile g\u00f6r\u00fc\u015fmeleri s\u00fcrd\u00fcrmek \u00fczere \u00f6zel el\u00e7ileri Steve Witkoff ve Jared Kushner&#8217;\u0131 Pakistan&#8217;a g\u00f6ndermesi, b\u00f6lgedeki diplomatik hareketlili\u011fi art\u0131rd\u0131. Beyaz Saray&#8217;dan yap\u0131lan a\u00e7\u0131klamaya g\u00f6re, ABD&#8217;li el\u00e7iler Pakistan&#8217;da \u0130ran D\u0131\u015fi\u015fleri Bakan\u0131 Abbas Ara\u011f\u00e7i ile bir araya gelecek. Ancak \u0130ran, bu ziyaret s\u0131ras\u0131nda Amerikan h\u00fck\u00fcmeti temsilcileriyle do\u011frudan bir m\u00fczakere planlanmad\u0131\u011f\u0131n\u0131 net bir [&hellip;]<\/p>\n","protected":false},"author":2,"featured_media":10673,"comment_status":"open","ping_status":"open","sticky":false,"template":"","format":"standard","meta":{"footnotes":""},"categories":[31],"tags":[],"class_list":["post-10672","post","type-post","status-publish","format-standard","has-post-thumbnail","hentry","category-iran-haberleri"],"_links":{"self":[{"href":"https:\/\/fajr.news\/index.php?rest_route=\/wp\/v2\/posts\/10672","targetHints":{"allow":["GET"]}}],"collection":[{"href":"https:\/\/fajr.news\/index.php?rest_route=\/wp\/v2\/posts"}],"about":[{"href":"https:\/\/fajr.news\/index.php?rest_route=\/wp\/v2\/types\/post"}],"author":[{"embeddable":true,"href":"https:\/\/fajr.news\/index.php?rest_route=\/wp\/v2\/users\/2"}],"replies":[{"embeddable":true,"href":"https:\/\/fajr.news\/index.php?rest_route=%2Fwp%2Fv2%2Fcomments&post=10672"}],"version-history":[{"count":0,"href":"https:\/\/fajr.news\/index.php?rest_route=\/wp\/v2\/posts\/10672\/revisions"}],"wp:featuredmedia":[{"embeddable":true,"href":"https:\/\/fajr.news\/index.php?rest_route=\/wp\/v2\/media\/10673"}],"wp:attachment":[{"href":"https:\/\/fajr.news\/index.php?rest_route=%2Fwp%2Fv2%2Fmedia&parent=10672"}],"wp:term":[{"taxonomy":"category","embeddable":true,"href":"https:\/\/fajr.news\/index.php?rest_route=%2Fwp%2Fv2%2Fcategories&post=10672"},{"taxonomy":"post_tag","embeddable":true,"href":"https:\/\/fajr.news\/index.php?rest_route=%2Fwp%2Fv2%2Ftags&post=10672"}],"curies":[{"name":"wp","href":"https:\/\/api.w.org\/{rel}","templated":true}]}}