{"id":10664,"date":"2026-04-27T15:29:12","date_gmt":"2026-04-27T11:59:12","guid":{"rendered":"https:\/\/fajr.news\/?p=10664"},"modified":"2026-04-27T15:29:12","modified_gmt":"2026-04-27T11:59:12","slug":"son-dakika-toyotanin-mart-ayi-ortadogu-ihracat-hacmi-4-dustu","status":"publish","type":"post","link":"https:\/\/fajr.news\/?p=10664&lang=tr","title":{"rendered":"SON DAK\u0130KA: Toyota&#8217;n\u0131n Mart Ay\u0131 Ortado\u011fu \u0130hracat Hacmi ,4 D\u00fc\u015ft\u00fc"},"content":{"rendered":"<p>Japon otomotiv devi Toyota&#8217;n\u0131n Mart ay\u0131na ili\u015fkin Ortado\u011fu&#8217;ya y\u00f6nelik ihracat verileri a\u00e7\u0131kland\u0131. \u015eirketin b\u00f6lgeye yapt\u0131\u011f\u0131 ihracat hacminde \u00f6nemli bir d\u00fc\u015f\u00fc\u015f ya\u015fand\u0131\u011f\u0131 belirtildi. Mart ay\u0131nda Ortado\u011fu&#8217;ya yap\u0131lan ihracat, bir \u00f6nceki y\u0131la g\u00f6re %46,4 oran\u0131nda azald\u0131. Bu d\u00fc\u015f\u00fc\u015f, k\u00fcresel tedarik zinciri sorunlar\u0131, b\u00f6lgesel ekonomik dalgalanmalar veya artan rekabet gibi \u00e7e\u015fitli fakt\u00f6rlere ba\u011flanabilir. Analistler, bu durumun Toyota&#8217;n\u0131n b\u00f6lgedeki pazar pay\u0131n\u0131 ve gelirlerini nas\u0131l etkileyece\u011fini yak\u0131ndan takip ediyor. \u015eirketten konuya ili\u015fkin detayl\u0131 bir a\u00e7\u0131klama bekleniyor.<br \/>\n#Toyota #\u0130hracat #Ortado\u011fu #Ekonomi #Otomotiv #Pazar #D\u00fc\u015f\u00fc\u015f #Ticaret #K\u00fcreselEkonomi #SonDakika<\/p>\n","protected":false},"excerpt":{"rendered":"<p>Japon otomotiv devi Toyota&#8217;n\u0131n Mart ay\u0131na ili\u015fkin Ortado\u011fu&#8217;ya y\u00f6nelik ihracat verileri a\u00e7\u0131kland\u0131. \u015eirketin b\u00f6lgeye yapt\u0131\u011f\u0131 ihracat hacminde \u00f6nemli bir d\u00fc\u015f\u00fc\u015f ya\u015fand\u0131\u011f\u0131 belirtildi. Mart ay\u0131nda Ortado\u011fu&#8217;ya yap\u0131lan ihracat, bir \u00f6nceki y\u0131la g\u00f6re %46,4 oran\u0131nda azald\u0131. Bu d\u00fc\u015f\u00fc\u015f, k\u00fcresel tedarik zinciri sorunlar\u0131, b\u00f6lgesel ekonomik dalgalanmalar veya artan rekabet gibi \u00e7e\u015fitli fakt\u00f6rlere ba\u011flanabilir. Analistler, bu durumun Toyota&#8217;n\u0131n b\u00f6lgedeki [&hellip;]<\/p>\n","protected":false},"author":2,"featured_media":10665,"comment_status":"open","ping_status":"open","sticky":false,"template":"","format":"standard","meta":{"footnotes":""},"categories":[37],"tags":[],"class_list":["post-10664","post","type-post","status-publish","format-standard","has-post-thumbnail","hentry","category-orta-dogu-haberleri"],"_links":{"self":[{"href":"https:\/\/fajr.news\/index.php?rest_route=\/wp\/v2\/posts\/10664","targetHints":{"allow":["GET"]}}],"collection":[{"href":"https:\/\/fajr.news\/index.php?rest_route=\/wp\/v2\/posts"}],"about":[{"href":"https:\/\/fajr.news\/index.php?rest_route=\/wp\/v2\/types\/post"}],"author":[{"embeddable":true,"href":"https:\/\/fajr.news\/index.php?rest_route=\/wp\/v2\/users\/2"}],"replies":[{"embeddable":true,"href":"https:\/\/fajr.news\/index.php?rest_route=%2Fwp%2Fv2%2Fcomments&post=10664"}],"version-history":[{"count":0,"href":"https:\/\/fajr.news\/index.php?rest_route=\/wp\/v2\/posts\/10664\/revisions"}],"wp:featuredmedia":[{"embeddable":true,"href":"https:\/\/fajr.news\/index.php?rest_route=\/wp\/v2\/media\/10665"}],"wp:attachment":[{"href":"https:\/\/fajr.news\/index.php?rest_route=%2Fwp%2Fv2%2Fmedia&parent=10664"}],"wp:term":[{"taxonomy":"category","embeddable":true,"href":"https:\/\/fajr.news\/index.php?rest_route=%2Fwp%2Fv2%2Fcategories&post=10664"},{"taxonomy":"post_tag","embeddable":true,"href":"https:\/\/fajr.news\/index.php?rest_route=%2Fwp%2Fv2%2Ftags&post=10664"}],"curies":[{"name":"wp","href":"https:\/\/api.w.org\/{rel}","templated":true}]}}