{"id":10656,"date":"2026-04-27T15:06:51","date_gmt":"2026-04-27T11:36:51","guid":{"rendered":"https:\/\/fajr.news\/?p=10656"},"modified":"2026-04-27T15:06:51","modified_gmt":"2026-04-27T11:36:51","slug":"trump-si-zirvesinde-iran-gerilimi-masada-cinden-baris-vurgusu","status":"publish","type":"post","link":"https:\/\/fajr.news\/?p=10656&lang=tr","title":{"rendered":"Trump-\u015ei Zirvesinde \u0130ran Gerilimi Masada: \u00c7in&#8217;den Bar\u0131\u015f Vurgusu"},"content":{"rendered":"<h1>Trump-\u015ei Zirvesinde \u0130ran Gerilimi Masada: \u00c7in&#8217;den Bar\u0131\u015f Vurgusu<\/h1>\n<p><strong>Pekin<\/strong>\u2019de ger\u00e7ekle\u015fmesi beklenen <strong>ABD Ba\u015fkan\u0131 Donald Trump<\/strong> ile <strong>\u00c7in Devlet Ba\u015fkan\u0131 \u015ei Cinping<\/strong> aras\u0131ndaki kritik g\u00f6r\u00fc\u015fmelerin ana g\u00fcndem maddelerinden birinin, b\u00f6lgedeki gerilimi t\u0131rmand\u0131ran ve enerji piyasalar\u0131n\u0131 sarsan <strong>\u0130ran<\/strong> meselesi olaca\u011f\u0131 bildirildi. \u00c7in\u2019in \u00f6nde gelen d\u0131\u015f ili\u015fkiler d\u00fc\u015f\u00fcnce kurulu\u015flar\u0131ndan birinin ba\u015fkan\u0131, bu zirvenin \u0130ran\u2019daki durumu istikrara kavu\u015fturmay\u0131 hedefleyece\u011fini belirtti.<\/p>\n<h2><span style=\"color: #007bff\">\u00c7in&#8217;in B\u00f6lgedeki Bar\u0131\u015f Misyonu ve \u0130ran ile \u0130li\u015fkileri<\/span><\/h2>\n<p>\u00c7in ve K\u00fcreselle\u015fme Merkezi\u2019nin kurucusu ve ba\u015fkan\u0131 <strong>Henry Huiyao Wang<\/strong>, 22-25 Nisan\u2019da d\u00fczenlenen Delphi Ekonomik Forumu\u2019nda yapt\u0131\u011f\u0131 a\u00e7\u0131klamada, \u201c\u00d6ncelikle, \u0130ran\u2019daki mevcut gerilimi istikrara kavu\u015fturacaklar\u201d dedi. Wang, \u00c7in D\u0131\u015fi\u015fleri Bakan\u0131\u2019n\u0131n b\u00f6lgedeki mevkida\u015flar\u0131 ve Birle\u015fmi\u015f Milletler G\u00fcvenlik Konseyi \u00fcyeleriyle yakla\u015f\u0131k 30 telefon g\u00f6r\u00fc\u015fmesi yapt\u0131\u011f\u0131n\u0131 vurgulad\u0131. Bu durum, \u00c7in\u2019in b\u00f6lgedeki bar\u0131\u015f ve istikrara verdi\u011fi \u00f6nemi a\u00e7\u0131k\u00e7a g\u00f6steriyor.<\/p>\n<p>Wang, \u201c\u00c7in\u2019in <strong>Pakistan<\/strong> ile g\u00fc\u00e7l\u00fc bir etkisi var ve umar\u0131z bir uzla\u015f\u0131ya vararak bar\u0131\u015f ve istikrar\u0131 te\u015fvik edebiliriz\u201d ifadelerini kulland\u0131. Eski bir \u00c7in Ticaret Bakanl\u0131\u011f\u0131 yetkilisi olan Wang, \u00c7in\u2019in b\u00f6lgedeki en b\u00fcy\u00fck ticaret orta\u011f\u0131 olmas\u0131 nedeniyle <strong>\u0130ran<\/strong> ve t\u00fcm K\u00f6rfez \u00fclkeleriyle derin ba\u011flara sahip oldu\u011funu belirtti. Bu ba\u011flar, \u00c7in\u2019in bar\u0131\u015f\u00e7\u0131l \u00e7\u00f6z\u00fcmler bulma \u00e7abalar\u0131nda \u00f6nemli bir avantaj sa\u011fl\u0131yor. Wang, \u201c\u00c7in, bu konuda \u00e7ok sessiz bir destek\u00e7i olabilir. \u0130ran krizinde bar\u0131\u015f\u0131 te\u015fvik etmek i\u00e7in daha fazlas\u0131n\u0131 yapabilir\u201d dedi. Bu ay i\u00e7inde <strong>\u015ei Cinping<\/strong>, <strong>Abu Dabi Veliaht Prensi Muhammed bin Zayid Al Nahyan<\/strong> ile g\u00f6r\u00fc\u015fm\u00fc\u015f, ge\u00e7en hafta ise <strong>Suudi Arabistan Veliaht Prensi ve Ba\u015fbakan\u0131 Muhammed bin Salman<\/strong> ile temas kurmu\u015ftu. Bu diplomatik yo\u011funluk, \u00c7in\u2019in b\u00f6lgedeki aktif rol\u00fcn\u00fc peki\u015ftiriyor.<\/p>\n<p>ABD\u2019nin ise <strong>Tahran<\/strong>\u2019\u0131n do\u011frudan g\u00f6r\u00fc\u015fmeleri reddetti\u011fi y\u00f6n\u00fcndeki haberlerin ard\u0131ndan <strong>Pakistan<\/strong> ile <strong>\u0130ran<\/strong> aras\u0131ndaki g\u00f6r\u00fc\u015fmeleri iptal etmesi, Washington\u2019\u0131n diplomatik \u00e7abalar\u0131ndaki tutars\u0131zl\u0131\u011f\u0131 g\u00f6zler \u00f6n\u00fcne serdi.<\/p>\n<h2><span style=\"color: #007bff\">K\u00fcresel Sorunlar ve ABD-\u00c7in \u0130\u015fbirli\u011fi \u0130htiyac\u0131<\/span><\/h2>\n<p>Liderlerin, <strong>Rusya<\/strong>\u2019n\u0131n i\u015fgali sonras\u0131 <strong>Ukrayna<\/strong>\u2019daki \u00e7at\u0131\u015fmay\u0131 \u00e7\u00f6zme yollar\u0131n\u0131 da ele almas\u0131 bekleniyor. Wang, \u201cBa\u015fkan Trump, Ukrayna-Rusya meselesi \u00fczerinde uzun s\u00fcredir \u00e7al\u0131\u015f\u0131yor. Ukrayna-Rusya\u2019da bar\u0131\u015f\u0131 istikrara kavu\u015fturmak ve te\u015fvik etmek i\u00e7in \u00c7in\u2019in yard\u0131m\u0131na ihtiyac\u0131 var\u201d dedi. Bu durum, ABD\u2019nin dahi k\u00fcresel sorunlarda \u00c7in\u2019in yap\u0131c\u0131 rol\u00fcne ihtiya\u00e7 duydu\u011funu g\u00f6steriyor.<\/p>\n<p>\u0130ki b\u00f6lgesel \u00e7at\u0131\u015fman\u0131n \u00f6tesinde, <strong>Trump<\/strong> ve <strong>\u015ei<\/strong>\u2019nin jeopolitik ve ticaret anla\u015fmazl\u0131klar\u0131 nedeniyle gerilen geni\u015f \u00e7apl\u0131 ikili <strong>ABD-\u00c7in<\/strong> ili\u015fkilerini de istikrara kavu\u015fturmaya \u00e7al\u0131\u015facaklar\u0131 belirtildi. Wang, di\u011fer uluslar\u0131n bu iyile\u015fmeden memnuniyet duyaca\u011f\u0131n\u0131, b\u00f6ylece \u201ctaraf se\u00e7mek zorunda kalmayacaklar\u0131n\u0131 ve gelecek i\u00e7in baz\u0131 olumlu geli\u015fmelerin ya\u015fanabilece\u011fini\u201d ifade etti.<\/p>\n<h2><span style=\"color: #007bff\">Ekonomik \u0130\u015fbirli\u011fi ve Gelecek Vizyonu<\/span><\/h2>\n<p>Wang, <strong>\u00c7in<\/strong> ve <strong>ABD<\/strong> aras\u0131nda bir ticaret kurulu ve yat\u0131r\u0131m kurulu olu\u015fturulmas\u0131 konusunda anla\u015fmaya var\u0131labilece\u011fini de dile getirdi. \u201cBu, her iki taraf\u0131n da birbirlerinden hangi ticari \u00fcr\u00fcnleri sat\u0131n alabileceklerini g\u00f6rmeleri, ithalat ve ihracatlar\u0131n\u0131 art\u0131rmalar\u0131 i\u00e7in harika bir mekanizma olacakt\u0131r\u201d dedi. Bu kurullar\u0131n, hassas ve hassas olmayan \u00fcr\u00fcnler i\u00e7in ticaret ve yat\u0131r\u0131m alanlar\u0131nda y\u00f6nergeler belirlemesi bekleniyor.<\/p>\n<p>G\u00f6r\u00fc\u015fmelerde ayr\u0131ca, ABD\u2019nin fentanil \u00fczerindeki tarifeleri d\u00fc\u015f\u00fcrmesi, \u00c7in\u2019in Amerikal\u0131lar i\u00e7in vizesiz seyahat imkan\u0131 sunmas\u0131 ve <strong>Pekin<\/strong>\u2019in egemenlik iddia etti\u011fi <strong>Tayvan<\/strong>\u2019\u0131n stat\u00fcs\u00fc \u00fczerindeki uzun s\u00fcreli farkl\u0131l\u0131klar gibi konular\u0131n da g\u00fcndeme gelmesi muhtemel. Wang, Pekin\u2019in <strong>Trump<\/strong>\u2019tan <strong>Tayvan<\/strong>\u2019\u0131n ba\u011f\u0131ms\u0131zl\u0131\u011f\u0131n\u0131 k\u0131namas\u0131n\u0131 ve bar\u0131\u015f\u00e7\u0131l yeniden birle\u015fmeyi desteklemesini isteyece\u011fini de ekledi.<\/p>\n<h2><span style=\"color: #007bff\">K\u00fcresel Y\u00f6neti\u015fim ve \u00c7ok Kutuplu D\u00fcnya<\/span><\/h2>\n<p>Delphi Ekonomik Forumu\u2019ndan edindi\u011fi izlenimlere de\u011finen Wang, k\u00fcresel y\u00f6neti\u015fim konular\u0131na olan ilgiyi vurgulad\u0131. \u201c\u00c7ok fazla k\u00fcresel y\u00f6neti\u015fim konu\u015fmas\u0131 vard\u0131. \u0130nsanlar yeni bir \u00e7ok kutuplu d\u00fcnya istiyor, ancak k\u00fcresel y\u00f6neti\u015fimi ve \u00e7ok tarafl\u0131 sistemi destekliyorlar. Bu hala buradan duydu\u011fumuz ana uzla\u015f\u0131d\u0131r. K\u00fcresel sistemin \u00e7\u00f6kmesine izin veremeyiz\u201d dedi. Bu ifadeler, \u0130ran\u2019\u0131n da savundu\u011fu \u00e7ok kutuplu d\u00fcnya d\u00fczeni ve uluslararas\u0131 i\u015fbirli\u011fi \u00e7a\u011fr\u0131s\u0131yla \u00f6rt\u00fc\u015f\u00fcyor.<\/p>\n<p>Wang, Avrupa\u2019n\u0131n gelece\u011fi, \u00c7in-ABD ili\u015fkileri ve enerji kesintileri gibi konular\u0131n da forumda geni\u015f yer buldu\u011funu belirtti. \u00d6zellikle enerji ak\u0131\u015flar\u0131na ba\u011f\u0131ml\u0131 olan Arap d\u00fcnyas\u0131, K\u00fcresel G\u00fcney ve Asya \u00fclkelerinin enerji g\u00fcvenli\u011fi konusundaki endi\u015feleri, b\u00f6lgedeki istikrar\u0131n \u00f6nemini bir kez daha ortaya koydu.<\/p>\n<p><strong>#TrumpXiZirvesi #\u0130ranGerilimi #\u00c7inDiplomasisi #K\u00fcreselBar\u0131\u015f #ABD\u00c7in\u0130li\u015fkileri #EnerjiG\u00fcvenli\u011fi #\u00c7okKutupluD\u00fcnya #\u0130ran #Pekin #Diplomasi<\/strong><\/p>\n","protected":false},"excerpt":{"rendered":"<p>Trump-\u015ei Zirvesinde \u0130ran Gerilimi Masada: \u00c7in&#8217;den Bar\u0131\u015f Vurgusu Pekin\u2019de ger\u00e7ekle\u015fmesi beklenen ABD Ba\u015fkan\u0131 Donald Trump ile \u00c7in Devlet Ba\u015fkan\u0131 \u015ei Cinping aras\u0131ndaki kritik g\u00f6r\u00fc\u015fmelerin ana g\u00fcndem maddelerinden birinin, b\u00f6lgedeki gerilimi t\u0131rmand\u0131ran ve enerji piyasalar\u0131n\u0131 sarsan \u0130ran meselesi olaca\u011f\u0131 bildirildi. \u00c7in\u2019in \u00f6nde gelen d\u0131\u015f ili\u015fkiler d\u00fc\u015f\u00fcnce kurulu\u015flar\u0131ndan birinin ba\u015fkan\u0131, bu zirvenin \u0130ran\u2019daki durumu istikrara kavu\u015fturmay\u0131 hedefleyece\u011fini [&hellip;]<\/p>\n","protected":false},"author":2,"featured_media":10657,"comment_status":"open","ping_status":"open","sticky":false,"template":"","format":"standard","meta":{"footnotes":""},"categories":[31],"tags":[],"class_list":["post-10656","post","type-post","status-publish","format-standard","has-post-thumbnail","hentry","category-iran-haberleri"],"_links":{"self":[{"href":"https:\/\/fajr.news\/index.php?rest_route=\/wp\/v2\/posts\/10656","targetHints":{"allow":["GET"]}}],"collection":[{"href":"https:\/\/fajr.news\/index.php?rest_route=\/wp\/v2\/posts"}],"about":[{"href":"https:\/\/fajr.news\/index.php?rest_route=\/wp\/v2\/types\/post"}],"author":[{"embeddable":true,"href":"https:\/\/fajr.news\/index.php?rest_route=\/wp\/v2\/users\/2"}],"replies":[{"embeddable":true,"href":"https:\/\/fajr.news\/index.php?rest_route=%2Fwp%2Fv2%2Fcomments&post=10656"}],"version-history":[{"count":0,"href":"https:\/\/fajr.news\/index.php?rest_route=\/wp\/v2\/posts\/10656\/revisions"}],"wp:featuredmedia":[{"embeddable":true,"href":"https:\/\/fajr.news\/index.php?rest_route=\/wp\/v2\/media\/10657"}],"wp:attachment":[{"href":"https:\/\/fajr.news\/index.php?rest_route=%2Fwp%2Fv2%2Fmedia&parent=10656"}],"wp:term":[{"taxonomy":"category","embeddable":true,"href":"https:\/\/fajr.news\/index.php?rest_route=%2Fwp%2Fv2%2Fcategories&post=10656"},{"taxonomy":"post_tag","embeddable":true,"href":"https:\/\/fajr.news\/index.php?rest_route=%2Fwp%2Fv2%2Ftags&post=10656"}],"curies":[{"name":"wp","href":"https:\/\/api.w.org\/{rel}","templated":true}]}}