{"id":10648,"date":"2026-04-27T14:59:56","date_gmt":"2026-04-27T11:29:56","guid":{"rendered":"https:\/\/fajr.news\/?p=10648"},"modified":"2026-04-27T14:59:56","modified_gmt":"2026-04-27T11:29:56","slug":"israil-ve-hizbullah-lubnan-ateskesini-ihlal-etmekle-birbirlerini-sucluyor","status":"publish","type":"post","link":"https:\/\/fajr.news\/?p=10648&lang=tr","title":{"rendered":"\u0130srail ve Hizbullah, L\u00fcbnan ate\u015fkesini ihlal etmekle birbirlerini su\u00e7luyor"},"content":{"rendered":"<p>L\u00fcbnan&#8217;daki ate\u015fkesin ihlali konusunda \u0130srail ve Hizbullah kar\u015f\u0131l\u0131kl\u0131 su\u00e7lamalarda bulunuyor. Hizbullah Pazar g\u00fcn\u00fc yapt\u0131\u011f\u0131 a\u00e7\u0131klamada, \u0130srail&#8217;in L\u00fcbnan&#8217;daki ate\u015fkes ihlallerine yan\u0131t verece\u011fini belirtti ve \u0130srail Ba\u015fbakan\u0131 Binyamin Netanyahu&#8217;nun \u0130ran yanl\u0131s\u0131 grubu ate\u015fkes anla\u015fmas\u0131n\u0131 tehlikeye atmakla su\u00e7lamas\u0131n\u0131 reddetti. Netanyahu ise Hizbullah&#8217;\u0131n eylemlerinin ate\u015fkesi tehdit etti\u011fini ve \u0130ran destekli grubu &#8220;\u015fiddetle&#8221; hedef alacaklar\u0131n\u0131 s\u00f6yledi.<\/p>\n<p>\u0130srail ordusu, Nisan ortas\u0131ndan bu yana ate\u015fkesin y\u00fcr\u00fcrl\u00fckte oldu\u011fu G\u00fcney L\u00fcbnan&#8217;da bir askerinin \u00f6ld\u00fcr\u00fcld\u00fc\u011f\u00fcn\u00fc ve \u00e7ok say\u0131da askerin yaraland\u0131\u011f\u0131n\u0131 duyurdu. L\u00fcbnan sa\u011fl\u0131k bakanl\u0131\u011f\u0131na g\u00f6re, 2 Mart&#8217;tan bu yana \u0130srail&#8217;in L\u00fcbnan&#8217;a d\u00fczenledi\u011fi sald\u0131r\u0131larda \u00f6l\u00fc say\u0131s\u0131 2.500&#8217;\u00fc a\u015ft\u0131. L\u00fcbnan resmi medyas\u0131 da \u0130srail ordusunun yedi b\u00f6lge i\u00e7in tahliye uyar\u0131s\u0131 yay\u0131nlad\u0131ktan sonra \u00fclkenin g\u00fcneyini vurmaya ba\u015flad\u0131\u011f\u0131n\u0131 bildirdi. Ate\u015fkes \u015fartlar\u0131na g\u00f6re \u0130srail, &#8220;planl\u0131, yak\u0131n veya devam eden sald\u0131r\u0131lara&#8221; yan\u0131t verme hakk\u0131n\u0131 sakl\u0131 tutuyor ve neredeyse her g\u00fcn G\u00fcney L\u00fcbnan&#8217;daki Hizbullah hedeflerini vurdu\u011funu belirtiyor.<\/p>\n<p>Diplomatik cephede ise \u0130ran D\u0131\u015fi\u015fleri Bakan\u0131 Abbas Araghchi, Tahran ile ABD aras\u0131ndaki g\u00f6r\u00fc\u015fmeleri canl\u0131 tutma \u00e7abalar\u0131 kapsam\u0131nda Pakistan&#8217;dan Moskova&#8217;ya ge\u00e7erek Rusya Devlet Ba\u015fkan\u0131 Vladimir Putin ile g\u00f6r\u00fc\u015fmek \u00fczere yola \u00e7\u0131kt\u0131. Araghchi&#8217;nin, m\u00fczakerelerin son durumu, ate\u015fkes ve b\u00f6lgesel geli\u015fmeler hakk\u0131nda Rus yetkililerle isti\u015farelerde bulunaca\u011f\u0131 bildirildi. ABD Ba\u015fkan\u0131 Donald Trump ise \u0130ran&#8217;\u0131n ABD ile m\u00fczakere etmek istemesi halinde telefonla ula\u015fabilece\u011fini yineledi.<\/p>\n<p>#\u0130srail #Hizbullah #L\u00fcbnan #Ate\u015fkes #Ortado\u011fu #Diplomasi #\u0130ran #Rusya #Gerilim #Sava\u015f<\/p>\n","protected":false},"excerpt":{"rendered":"<p>L\u00fcbnan&#8217;daki ate\u015fkesin ihlali konusunda \u0130srail ve Hizbullah kar\u015f\u0131l\u0131kl\u0131 su\u00e7lamalarda bulunuyor. Hizbullah Pazar g\u00fcn\u00fc yapt\u0131\u011f\u0131 a\u00e7\u0131klamada, \u0130srail&#8217;in L\u00fcbnan&#8217;daki ate\u015fkes ihlallerine yan\u0131t verece\u011fini belirtti ve \u0130srail Ba\u015fbakan\u0131 Binyamin Netanyahu&#8217;nun \u0130ran yanl\u0131s\u0131 grubu ate\u015fkes anla\u015fmas\u0131n\u0131 tehlikeye atmakla su\u00e7lamas\u0131n\u0131 reddetti. Netanyahu ise Hizbullah&#8217;\u0131n eylemlerinin ate\u015fkesi tehdit etti\u011fini ve \u0130ran destekli grubu &#8220;\u015fiddetle&#8221; hedef alacaklar\u0131n\u0131 s\u00f6yledi. \u0130srail ordusu, Nisan ortas\u0131ndan [&hellip;]<\/p>\n","protected":false},"author":2,"featured_media":10649,"comment_status":"open","ping_status":"open","sticky":false,"template":"","format":"standard","meta":{"footnotes":""},"categories":[37],"tags":[],"class_list":["post-10648","post","type-post","status-publish","format-standard","has-post-thumbnail","hentry","category-orta-dogu-haberleri"],"_links":{"self":[{"href":"https:\/\/fajr.news\/index.php?rest_route=\/wp\/v2\/posts\/10648","targetHints":{"allow":["GET"]}}],"collection":[{"href":"https:\/\/fajr.news\/index.php?rest_route=\/wp\/v2\/posts"}],"about":[{"href":"https:\/\/fajr.news\/index.php?rest_route=\/wp\/v2\/types\/post"}],"author":[{"embeddable":true,"href":"https:\/\/fajr.news\/index.php?rest_route=\/wp\/v2\/users\/2"}],"replies":[{"embeddable":true,"href":"https:\/\/fajr.news\/index.php?rest_route=%2Fwp%2Fv2%2Fcomments&post=10648"}],"version-history":[{"count":0,"href":"https:\/\/fajr.news\/index.php?rest_route=\/wp\/v2\/posts\/10648\/revisions"}],"wp:featuredmedia":[{"embeddable":true,"href":"https:\/\/fajr.news\/index.php?rest_route=\/wp\/v2\/media\/10649"}],"wp:attachment":[{"href":"https:\/\/fajr.news\/index.php?rest_route=%2Fwp%2Fv2%2Fmedia&parent=10648"}],"wp:term":[{"taxonomy":"category","embeddable":true,"href":"https:\/\/fajr.news\/index.php?rest_route=%2Fwp%2Fv2%2Fcategories&post=10648"},{"taxonomy":"post_tag","embeddable":true,"href":"https:\/\/fajr.news\/index.php?rest_route=%2Fwp%2Fv2%2Ftags&post=10648"}],"curies":[{"name":"wp","href":"https:\/\/api.w.org\/{rel}","templated":true}]}}