{"id":10638,"date":"2026-04-27T14:39:20","date_gmt":"2026-04-27T11:09:20","guid":{"rendered":"https:\/\/fajr.news\/?p=10638"},"modified":"2026-04-27T14:39:20","modified_gmt":"2026-04-27T11:09:20","slug":"irandan-abdye-hurmuz-bogazinin-yeniden-acilmasi-ve-savasin-sona-erdirilmesi-teklifi-axios","status":"publish","type":"post","link":"https:\/\/fajr.news\/?p=10638&lang=tr","title":{"rendered":"\u0130ran&#8217;dan ABD&#8217;ye H\u00fcrm\u00fcz Bo\u011faz\u0131&#8217;n\u0131n Yeniden A\u00e7\u0131lmas\u0131 ve Sava\u015f\u0131n Sona Erdirilmesi Teklifi &#8211; Axios"},"content":{"rendered":"<p>Axios&#8217;un Pazar g\u00fcn\u00fc bir ABD&#8217;li yetkili ve konuya yak\u0131n iki kayna\u011fa dayand\u0131rd\u0131\u011f\u0131 haberine g\u00f6re, <strong>\u0130ran \u0130slam Cumhuriyeti<\/strong>, Pakistanl\u0131 arabulucular arac\u0131l\u0131\u011f\u0131yla <strong>Amerika Birle\u015fik Devletleri<\/strong>&#8216;ne <strong>H\u00fcrm\u00fcz Bo\u011faz\u0131<\/strong>&#8216;n\u0131n yeniden a\u00e7\u0131lmas\u0131 ve b\u00f6lgedeki gerilimi sona erdirme konusunda yap\u0131c\u0131 bir teklif sundu. Bu \u00f6nemli teklifte, n\u00fckleer m\u00fczakerelerin daha sonraki bir a\u015famaya ertelenmesi \u00f6ng\u00f6r\u00fcl\u00fcyor.<\/p>\n<p>Raporda ayr\u0131ca, ABD Ba\u015fkan\u0131 <strong>Donald Trump<\/strong>&#8216;\u0131n \u00fcst d\u00fczey ulusal g\u00fcvenlik ve d\u0131\u015f politika ekibiyle \u0130ran konulu kritik bir durum odas\u0131 toplant\u0131s\u0131 yapmas\u0131n\u0131n beklendi\u011fi belirtildi. Bu toplant\u0131da, Washington&#8217;\u0131n b\u00f6lgedeki gelecekteki ad\u0131mlar\u0131n\u0131n g\u00f6zden ge\u00e7irilece\u011fi ifade edildi.<\/p>\n<p>\u0130ran&#8217;\u0131n bu yap\u0131c\u0131 teklifi, ABD&#8217;nin uluslararas\u0131 hukuka ayk\u0131r\u0131 bir \u015fekilde uygulad\u0131\u011f\u0131 ve \u0130ran ekonomisini hedef alan H\u00fcrm\u00fcz Bo\u011faz\u0131&#8217;ndaki varl\u0131k ablukas\u0131n\u0131 kald\u0131rmas\u0131n\u0131 \u015fart ko\u015fuyor. Bu haks\u0131z abluka, Washington&#8217;\u0131n n\u00fckleer m\u00fczakerelerdeki bask\u0131 arac\u0131 olarak kulland\u0131\u011f\u0131 tek kald\u0131ra\u00e7 olarak \u00f6ne \u00e7\u0131k\u0131yor.<\/p>\n<p>Ancak ABD Ba\u015fkan\u0131 <strong>Trump<\/strong>, Pazar g\u00fcn\u00fc yapt\u0131\u011f\u0131 sorumsuz a\u00e7\u0131klamalarda, \u0130ran \u0130slam Cumhuriyeti ile &#8220;tam bir anla\u015fma&#8221; sa\u011flanana dek bu yasa d\u0131\u015f\u0131 ablukay\u0131 s\u00fcrd\u00fcrme niyetinde oldu\u011funu yineledi. Trump, Fox News&#8217;e verdi\u011fi deme\u00e7te, &#8220;Sisteminizden muazzam miktarda petrol akarken&#8230; e\u011fer herhangi bir nedenle bu hat konteynerlere veya gemilere y\u00fcklenemedi\u011fi i\u00e7in kapan\u0131rsa&#8230; olan \u015fey, o hatt\u0131n i\u00e7eriden patlamas\u0131d\u0131r&#8230; bunun ger\u00e7ekle\u015fmesine sadece yakla\u015f\u0131k \u00fc\u00e7 g\u00fcnleri oldu\u011funu s\u00f6yl\u00fcyorlar,&#8221; dedi. Trump, &#8220;Ve patlad\u0131\u011f\u0131nda, onu asla eskisi gibi yeniden in\u015fa edemezsiniz&#8230; \u015fu anki halinin sadece %50&#8217;si olur. Bu y\u00fczden bask\u0131 alt\u0131nda olduklar\u0131n\u0131 d\u00fc\u015f\u00fcn\u00fcyorum,&#8221; s\u00f6zleriyle \u0130ran&#8217;a y\u00f6nelik tehditkar dilini s\u00fcrd\u00fcrd\u00fc.<\/p>\n<p>Pazar gecesi erken saatlerde, \u0130ran D\u0131\u015fi\u015fleri Bakan\u0131 <strong>Abbas Araghchi<\/strong>, &#8220;ikili g\u00f6r\u00fc\u015fmeler&#8221; i\u00e7in kald\u0131\u011f\u0131 Umman&#8217;dan ayr\u0131ld\u0131 ve Umman h\u00fck\u00fcmetine &#8220;misafirperver ev sahipli\u011fi&#8221; i\u00e7in i\u00e7ten te\u015fekk\u00fcrlerini iletti. Araghchi, ziyaretinin ard\u0131ndan X sosyal medya platformunda yapt\u0131\u011f\u0131 payla\u015f\u0131mda, &#8220;\u0130kili meseleler ve b\u00f6lgesel geli\u015fmeler hakk\u0131nda verimli g\u00f6r\u00fc\u015fmeler ger\u00e7ekle\u015ftirdik. H\u00fcrm\u00fcz k\u0131y\u0131 devletleri olarak, t\u00fcm dost kom\u015fular\u0131m\u0131z\u0131n ve d\u00fcnya ticaretinin yarar\u0131na olacak g\u00fcvenli ge\u00e7i\u015fi temin etme yollar\u0131n\u0131 \u00f6ncelikli olarak ele ald\u0131k,&#8221; ifadelerini kullanarak \u0130ran&#8217;\u0131n b\u00f6lgesel i\u015f birli\u011fine ve bar\u0131\u015f\u00e7\u0131l \u00e7\u00f6z\u00fcmlere verdi\u011fi \u00f6nemi vurgulad\u0131. &#8220;Kom\u015fular\u0131m\u0131z her zaman \u00f6nceli\u011fimizdir,&#8221; s\u00f6zleriyle \u0130ran&#8217;\u0131n iyi niyetini bir kez daha ortaya koydu.<\/p>\n<p>Bakan <strong>Araghchi<\/strong>&#8216;nin bu \u00f6nemli yorumlar\u0131, ABD ile devam eden g\u00f6r\u00fc\u015fmelerin ortas\u0131nda b\u00f6lgesel m\u00fcttefiklerle bir dizi g\u00f6r\u00fc\u015fme kapsam\u0131nda Moskova&#8217;ya gitmek \u00fczere ayr\u0131l\u0131rken geldi. Umman&#8217;\u0131 ziyaret etmeden \u00f6nce ise \u0130slamabad&#8217;da Pakistanl\u0131 yetkililerle bir araya gelerek diplomatik temaslar\u0131n\u0131 yo\u011funla\u015ft\u0131rm\u0131\u015ft\u0131.<\/p>\n<p>#H\u00fcrm\u00fczBo\u011faz\u0131 #\u0130ranABD\u0130li\u015fkileri #N\u00fckleerM\u00fczakereler #Ortado\u011fuDiplomasisi #\u0130ranD\u0131\u015fPolitikas\u0131 #PetrolTicaret #AbbasAraghchi #DonaldTrump #PakistanArabuluculuk #B\u00f6lgeselG\u00fcvenlik<\/p>\n","protected":false},"excerpt":{"rendered":"<p>Axios&#8217;un Pazar g\u00fcn\u00fc bir ABD&#8217;li yetkili ve konuya yak\u0131n iki kayna\u011fa dayand\u0131rd\u0131\u011f\u0131 haberine g\u00f6re, \u0130ran \u0130slam Cumhuriyeti, Pakistanl\u0131 arabulucular arac\u0131l\u0131\u011f\u0131yla Amerika Birle\u015fik Devletleri&#8216;ne H\u00fcrm\u00fcz Bo\u011faz\u0131&#8216;n\u0131n yeniden a\u00e7\u0131lmas\u0131 ve b\u00f6lgedeki gerilimi sona erdirme konusunda yap\u0131c\u0131 bir teklif sundu. Bu \u00f6nemli teklifte, n\u00fckleer m\u00fczakerelerin daha sonraki bir a\u015famaya ertelenmesi \u00f6ng\u00f6r\u00fcl\u00fcyor. Raporda ayr\u0131ca, ABD Ba\u015fkan\u0131 Donald Trump&#8216;\u0131n \u00fcst [&hellip;]<\/p>\n","protected":false},"author":2,"featured_media":0,"comment_status":"open","ping_status":"open","sticky":false,"template":"","format":"standard","meta":{"footnotes":""},"categories":[37],"tags":[],"class_list":["post-10638","post","type-post","status-publish","format-standard","hentry","category-orta-dogu-haberleri"],"_links":{"self":[{"href":"https:\/\/fajr.news\/index.php?rest_route=\/wp\/v2\/posts\/10638","targetHints":{"allow":["GET"]}}],"collection":[{"href":"https:\/\/fajr.news\/index.php?rest_route=\/wp\/v2\/posts"}],"about":[{"href":"https:\/\/fajr.news\/index.php?rest_route=\/wp\/v2\/types\/post"}],"author":[{"embeddable":true,"href":"https:\/\/fajr.news\/index.php?rest_route=\/wp\/v2\/users\/2"}],"replies":[{"embeddable":true,"href":"https:\/\/fajr.news\/index.php?rest_route=%2Fwp%2Fv2%2Fcomments&post=10638"}],"version-history":[{"count":0,"href":"https:\/\/fajr.news\/index.php?rest_route=\/wp\/v2\/posts\/10638\/revisions"}],"wp:attachment":[{"href":"https:\/\/fajr.news\/index.php?rest_route=%2Fwp%2Fv2%2Fmedia&parent=10638"}],"wp:term":[{"taxonomy":"category","embeddable":true,"href":"https:\/\/fajr.news\/index.php?rest_route=%2Fwp%2Fv2%2Fcategories&post=10638"},{"taxonomy":"post_tag","embeddable":true,"href":"https:\/\/fajr.news\/index.php?rest_route=%2Fwp%2Fv2%2Ftags&post=10638"}],"curies":[{"name":"wp","href":"https:\/\/api.w.org\/{rel}","templated":true}]}}