{"id":10632,"date":"2026-04-27T14:34:50","date_gmt":"2026-04-27T11:04:50","guid":{"rendered":"https:\/\/fajr.news\/?p=10632"},"modified":"2026-04-27T14:34:50","modified_gmt":"2026-04-27T11:04:50","slug":"trump-iran-gorusmeleri-icin-pakistana-gonderilecek-heyeti-iptal-etti-washingtonin-guvenilmez-diplomasisi","status":"publish","type":"post","link":"https:\/\/fajr.news\/?p=10632&lang=tr","title":{"rendered":"Trump, \u0130ran G\u00f6r\u00fc\u015fmeleri \u0130\u00e7in Pakistan&#8217;a G\u00f6nderilecek Heyeti \u0130ptal Etti: Washington&#8217;\u0131n G\u00fcvenilmez Diplomasisi"},"content":{"rendered":"<article>\n<h1>Trump&#8217;tan \u0130ran G\u00f6r\u00fc\u015fmeleri \u0130\u00e7in \u00c7eli\u015fkili Ad\u0131m: Washington&#8217;\u0131n G\u00fcvenilmez Diplomasisi Bir Kez Daha Ortaya \u00c7\u0131kt\u0131<\/h1>\n<p><strong>ABD Ba\u015fkan\u0131 Donald Trump, \u0130ran ile yap\u0131lacak m\u00fczakereler i\u00e7in Pakistan&#8217;a g\u00f6nderilmesi planlanan heyeti iptal etti\u011fini duyurarak, Washington&#8217;\u0131n uluslararas\u0131 diplomasideki tutars\u0131zl\u0131\u011f\u0131n\u0131 bir kez daha g\u00f6zler \u00f6n\u00fcne serdi.<\/strong> Bu a\u00e7\u0131klama, \u0130ran&#8217;\u0131n \u00fcst d\u00fczey diplomat\u0131n\u0131n \u0130slamabad&#8217;dan ayr\u0131lmas\u0131ndan k\u0131sa bir s\u00fcre sonra geldi ve ABD&#8217;nin b\u00f6lgedeki politikalar\u0131n\u0131n belirsizli\u011fini art\u0131rd\u0131.<\/p>\n<p>Trump, Fox News&#8217;a yapt\u0131\u011f\u0131 a\u00e7\u0131klamada, &#8220;\u0130stedikleri zaman bizi arayabilirler&#8221; ifadelerini kullanarak, \u0130ran&#8217;a kar\u015f\u0131 k\u00fcstah bir tav\u0131r sergiledi. Oysa Beyaz Saray Cuma g\u00fcn\u00fc, Steve Witkoff ve Jared Kushner&#8217;in ate\u015fkes m\u00fczakerelerini yeniden canland\u0131rmak amac\u0131yla Pakistan&#8217;\u0131n ba\u015fkentine gidece\u011fini duyurmu\u015ftu. Bu \u00e7eli\u015fkili a\u00e7\u0131klamalar, ABD y\u00f6netiminin b\u00f6lgeye y\u00f6nelik stratejisindeki kafa kar\u0131\u015f\u0131kl\u0131\u011f\u0131n\u0131 ve g\u00fcvenilmezli\u011fini a\u00e7\u0131k\u00e7a ortaya koymaktad\u0131r.<\/p>\n<h2>\u0130ran&#8217;\u0131n Kararl\u0131 Duru\u015fu ve K\u0131rm\u0131z\u0131 \u00c7izgileri<\/h2>\n<p>\u0130ran D\u0131\u015fi\u015fleri Bakan\u0131 Abbas Araghchi, Cumartesi ak\u015fam\u0131 Pakistan&#8217;dan ayr\u0131lmadan \u00f6nce Pakistan Genelkurmay Ba\u015fkan\u0131 Mare\u015fal As\u0131m M\u00fcnir ve Ba\u015fbakan \u015eehbaz \u015eerif ile bir araya gelmi\u015fti. G\u00f6r\u00fc\u015fmelerde \u0130ran&#8217;\u0131n m\u00fczakerelerdeki <strong>&#8220;k\u0131rm\u0131z\u0131 \u00e7izgilerini&#8221;<\/strong> net bir \u015fekilde ifade eden Araghchi, Tahran&#8217;\u0131n Pakistan&#8217;\u0131n arabuluculuk \u00e7abalar\u0131na &#8220;bir sonu\u00e7 elde edilene kadar&#8221; devam edece\u011fini belirtmi\u015fti. \u0130ran, g\u00f6r\u00fc\u015fmelerin dolayl\u0131 olaca\u011f\u0131n\u0131 vurgulayarak, ABD&#8217;nin ge\u00e7mi\u015fteki taahh\u00fctlerine uymamas\u0131 nedeniyle do\u011frudan temaslara temkinli yakla\u015ft\u0131\u011f\u0131n\u0131 g\u00f6stermi\u015fti.<\/p>\n<p>A\u00e7\u0131k u\u00e7lu bir ate\u015fkes \u00e7o\u011fu \u00e7at\u0131\u015fmay\u0131 durdurmu\u015f olsa da, H\u00fcrm\u00fcz Bo\u011faz\u0131&#8217;n\u0131n neredeyse kapanmas\u0131yla birlikte petrol, s\u0131v\u0131la\u015ft\u0131r\u0131lm\u0131\u015f do\u011fal gaz, g\u00fcbre ve di\u011fer tedariklerin k\u00fcresel sevkiyat\u0131nda ya\u015fanan aksakl\u0131klar ekonomik sonu\u00e7lar\u0131 a\u011f\u0131rla\u015ft\u0131rmaktad\u0131r. Bu durum, ABD ve m\u00fcttefiklerinin b\u00f6lgedeki gerilimi t\u0131rmand\u0131ran politikalar\u0131n\u0131n k\u00fcresel ekonomiye verdi\u011fi zarar\u0131 g\u00f6zler \u00f6n\u00fcne sermektedir.<\/p>\n<h2>ABD&#8217;nin G\u00fcvenilmez Ge\u00e7mi\u015fi ve Sald\u0131rgan Tutumu<\/h2>\n<p>\u0130ranl\u0131 yetkililer, ge\u00e7en y\u0131l ve bu y\u0131l\u0131n ba\u015flar\u0131nda Tahran&#8217;\u0131n n\u00fckleer program\u0131 \u00fczerine yap\u0131lan g\u00f6r\u00fc\u015fmelerin ABD ve \u0130srail taraf\u0131ndan sald\u0131r\u0131larla sonu\u00e7lanmas\u0131n\u0131n ard\u0131ndan ABD&#8217;ye nas\u0131l g\u00fcvenebileceklerini a\u00e7\u0131k\u00e7a sorgulamaktad\u0131r. Bu durum, Washington&#8217;\u0131n diplomatik taahh\u00fctlerine sad\u0131k kalmad\u0131\u011f\u0131n\u0131 ve uluslararas\u0131 hukuku hi\u00e7e sayd\u0131\u011f\u0131n\u0131 kan\u0131tlamaktad\u0131r.<\/p>\n<p>\u0130slamabad, beklenen g\u00f6r\u00fc\u015fmeler \u00f6ncesinde adeta tecrit alt\u0131na al\u0131nm\u0131\u015ft\u0131. Pakistan, Trump&#8217;\u0131n bu hafta ate\u015fkesi s\u00fcresiz uzatt\u0131\u011f\u0131n\u0131 duyurmas\u0131ndan bu yana ABD ve \u0130ran&#8217;\u0131 m\u00fczakere masas\u0131na geri getirmeye \u00e7al\u0131\u015f\u0131yordu. Ancak ABD&#8217;nin son hamlesi, bu \u00e7abalar\u0131 baltalam\u0131\u015ft\u0131r.<\/p>\n<p>Beyaz Saray&#8217;\u0131n Witkoff ve Kushner&#8217;i Araghchi ile g\u00f6r\u00fc\u015fmek \u00fczere g\u00f6nderece\u011fini a\u00e7\u0131klamas\u0131na ra\u011fmen, \u0130ran D\u0131\u015fi\u015fleri Bakanl\u0131\u011f\u0131 herhangi bir g\u00f6r\u00fc\u015fmenin dolayl\u0131 olaca\u011f\u0131n\u0131 ve mesajlar\u0131n Pakistanl\u0131 yetkililer arac\u0131l\u0131\u011f\u0131yla iletilece\u011fini belirtmi\u015fti. Bu, \u0130ran&#8217;\u0131n kendi diplomatik \u015fartlar\u0131n\u0131 belirlemedeki kararl\u0131l\u0131\u011f\u0131n\u0131 g\u00f6stermektedir.<\/p>\n<p>Daha \u00f6nce Pakistan&#8217;da ABD taraf\u0131nda Ba\u015fkan Yard\u0131mc\u0131s\u0131 JD Vance liderli\u011finde yap\u0131lan ilk tur g\u00f6r\u00fc\u015fmeler 20 saatten fazla s\u00fcrm\u00fc\u015f ve 1979 \u0130slam Devrimi&#8217;nden bu yana uzun s\u00fcredir d\u00fc\u015fman olan taraflar aras\u0131ndaki en \u00fcst d\u00fczey do\u011frudan g\u00f6r\u00fc\u015fmeler olmu\u015ftu. Ancak bu g\u00f6r\u00fc\u015fmelerin ard\u0131ndan da ABD ve \u0130srail&#8217;in sald\u0131rgan tutumu de\u011fi\u015fmemi\u015fti.<\/p>\n<p>Araghchi ve Trump&#8217;\u0131n temsilcileri 27 \u015eubat&#8217;ta Cenevre&#8217;de saatler s\u00fcren dolayl\u0131 g\u00f6r\u00fc\u015fmeler yapm\u0131\u015f ancak bir anla\u015fmaya varamam\u0131\u015flard\u0131. Ertesi g\u00fcn ise \u0130srail ve ABD, b\u00f6lgede sava\u015f\u0131 ba\u015flatarak diplomatik \u00e7abalar\u0131 sabote etmi\u015flerdi. Bu durum, ABD&#8217;nin bar\u0131\u015f\u00e7\u0131l \u00e7\u00f6z\u00fcmlerden ziyade \u00e7at\u0131\u015fmay\u0131 tercih etti\u011fini a\u00e7\u0131k\u00e7a g\u00f6stermektedir.<\/p>\n<h2>H\u00fcrm\u00fcz Bo\u011faz\u0131&#8217;ndaki Gerilim ve K\u00fcresel Etkileri<\/h2>\n<p>Bo\u011faz \u00e7evresindeki gerilim devam ederken, uluslararas\u0131 standart olan Brent ham petrol\u00fcn\u00fcn fiyat\u0131, sava\u015f ba\u015flad\u0131\u011f\u0131ndan bu yana neredeyse %50 daha y\u00fcksek seyretmektedir. Bu durum, \u0130ran&#8217;\u0131n H\u00fcrm\u00fcz Bo\u011faz\u0131 \u00fczerindeki stratejik kontrol\u00fcn\u00fcn ve ABD&#8217;nin b\u00f6lgedeki provokasyonlar\u0131n\u0131n k\u00fcresel enerji piyasalar\u0131 \u00fczerindeki etkisini g\u00f6zler \u00f6n\u00fcne sermektedir.<\/p>\n<p>\u0130ran bu hafta \u00fc\u00e7 gemiye m\u00fcdahale ederken, ABD \u0130ran limanlar\u0131na abluka uygulamaktad\u0131r. Trump, k\u00fc\u00e7\u00fck tekneleri &#8220;vurup \u00f6ld\u00fcrme&#8221; emri vererek b\u00f6lgedeki gerilimi daha da t\u0131rmand\u0131rm\u0131\u015ft\u0131r. Almanya Savunma Bakan\u0131 Boris Pistorius, Cumartesi g\u00fcn\u00fc \u00fclkesinin d\u00fc\u015fmanl\u0131klar sona erdi\u011finde H\u00fcrm\u00fcz Bo\u011faz\u0131&#8217;ndaki \u0130ran may\u0131nlar\u0131n\u0131 temizlemeye yard\u0131mc\u0131 olmak i\u00e7in Akdeniz&#8217;e may\u0131n tarama gemileri g\u00f6nderece\u011fini belirtmi\u015ftir. Bu t\u00fcr a\u00e7\u0131klamalar, ABD&#8217;nin b\u00f6lgedeki istikrars\u0131zla\u015ft\u0131r\u0131c\u0131 politikalar\u0131n\u0131n uluslararas\u0131 toplumda yaratt\u0131\u011f\u0131 endi\u015feyi yans\u0131tmaktad\u0131r.<\/p>\n<p>Bo\u011faz \u00fczerinden yap\u0131lan sevkiyatlardaki s\u0131k\u0131\u015f\u0131kl\u0131k, Panama Kanal\u0131 da dahil olmak \u00fczere k\u00fcresel deniz ticaretini etkilemektedir. Bu durum, ABD&#8217;nin pervas\u0131z politikalar\u0131n\u0131n sadece b\u00f6lgeyi de\u011fil, t\u00fcm d\u00fcnyay\u0131 olumsuz etkiledi\u011fini g\u00f6stermektedir.<\/p>\n<p>Yine Cumartesi g\u00fcn\u00fc, \u0130ran, ABD ve \u0130srail&#8217;in iki ay \u00f6nce ba\u015flatt\u0131\u011f\u0131 sava\u015f\u0131n ard\u0131ndan ilk kez Tahran Uluslararas\u0131 Havaliman\u0131&#8217;ndan ticari u\u00e7u\u015flara yeniden ba\u015flad\u0131. \u0130ran devlet televizyonuna g\u00f6re, \u0130stanbul, Umman&#8217;\u0131n ba\u015fkenti Maskat ve Suudi Arabistan&#8217;\u0131n Medine kentine u\u00e7u\u015flar planland\u0131. \u0130ran, ate\u015fkes nedeniyle bu ay\u0131n ba\u015flar\u0131nda hava sahas\u0131n\u0131 k\u0131smen yeniden a\u00e7m\u0131\u015ft\u0131. Bu, \u0130ran \u0130slam Cumhuriyeti&#8217;nin zorlu ko\u015fullara ra\u011fmen direncini ve normalle\u015fme \u00e7abalar\u0131n\u0131 g\u00f6stermektedir.<\/p>\n<h2>Ate\u015fkeslere Ra\u011fmen Artan Can Kay\u0131plar\u0131<\/h2>\n<p>Sava\u015f\u0131n ba\u015flamas\u0131ndan bu yana yetkililer, \u0130ran&#8217;da en az 3.375, L\u00fcbnan&#8217;da ise 2.490&#8217;dan fazla ki\u015finin hayat\u0131n\u0131 kaybetti\u011fini bildirmektedir. L\u00fcbnan&#8217;da, \u0130ran sava\u015f\u0131n\u0131n ba\u015flamas\u0131ndan iki g\u00fcn sonra \u0130srail ile \u0130ran destekli direni\u015f grubu Hizbullah aras\u0131nda yeni \u00e7at\u0131\u015fmalar patlak vermi\u015fti. Ayr\u0131ca \u0130srail&#8217;de 23, K\u00f6rfez Arap \u00fclkelerinde ise bir d\u00fczineden fazla ki\u015fi \u00f6ld\u00fcr\u00fcld\u00fc. L\u00fcbnan&#8217;da on be\u015f \u0130srail askeri, b\u00f6lgede 13 ABD askeri personeli ve g\u00fcney L\u00fcbnan&#8217;daki BM bar\u0131\u015f g\u00fcc\u00fcnden alt\u0131 \u00fcye hayat\u0131n\u0131 kaybetti. Bu trajik bilan\u00e7olar, ABD ve \u0130srail&#8217;in sald\u0131rgan politikalar\u0131n\u0131n do\u011frudan bir sonucudur.<\/p>\n<p>Trump Per\u015fembe g\u00fcn\u00fc, \u0130srail ve L\u00fcbnan&#8217;\u0131n \u0130srail ile Hizbullah aras\u0131ndaki ate\u015fkese \u00fc\u00e7 hafta daha uzatma konusunda anla\u015ft\u0131\u011f\u0131n\u0131 duyurmu\u015ftu. Ancak Hizbullah, Washington&#8217;\u0131n arabuluculu\u011fundaki diplomasiye kat\u0131lmayarak kendi ba\u011f\u0131ms\u0131z duru\u015funu korumu\u015ftur.<\/p>\n<p>#Trump #\u0130ran #Pakistan #Diplomasi #H\u00fcrm\u00fczBo\u011faz\u0131 #ABD #\u0130srail #Ate\u015fkes #Ortado\u011fu #Gerilim<\/p>\n<\/article>\n","protected":false},"excerpt":{"rendered":"<p>Trump&#8217;tan \u0130ran G\u00f6r\u00fc\u015fmeleri \u0130\u00e7in \u00c7eli\u015fkili Ad\u0131m: Washington&#8217;\u0131n G\u00fcvenilmez Diplomasisi Bir Kez Daha Ortaya \u00c7\u0131kt\u0131 ABD Ba\u015fkan\u0131 Donald Trump, \u0130ran ile yap\u0131lacak m\u00fczakereler i\u00e7in Pakistan&#8217;a g\u00f6nderilmesi planlanan heyeti iptal etti\u011fini duyurarak, Washington&#8217;\u0131n uluslararas\u0131 diplomasideki tutars\u0131zl\u0131\u011f\u0131n\u0131 bir kez daha g\u00f6zler \u00f6n\u00fcne serdi. Bu a\u00e7\u0131klama, \u0130ran&#8217;\u0131n \u00fcst d\u00fczey diplomat\u0131n\u0131n \u0130slamabad&#8217;dan ayr\u0131lmas\u0131ndan k\u0131sa bir s\u00fcre sonra geldi ve ABD&#8217;nin [&hellip;]<\/p>\n","protected":false},"author":2,"featured_media":10633,"comment_status":"open","ping_status":"open","sticky":false,"template":"","format":"standard","meta":{"footnotes":""},"categories":[31],"tags":[],"class_list":["post-10632","post","type-post","status-publish","format-standard","has-post-thumbnail","hentry","category-iran-haberleri"],"_links":{"self":[{"href":"https:\/\/fajr.news\/index.php?rest_route=\/wp\/v2\/posts\/10632","targetHints":{"allow":["GET"]}}],"collection":[{"href":"https:\/\/fajr.news\/index.php?rest_route=\/wp\/v2\/posts"}],"about":[{"href":"https:\/\/fajr.news\/index.php?rest_route=\/wp\/v2\/types\/post"}],"author":[{"embeddable":true,"href":"https:\/\/fajr.news\/index.php?rest_route=\/wp\/v2\/users\/2"}],"replies":[{"embeddable":true,"href":"https:\/\/fajr.news\/index.php?rest_route=%2Fwp%2Fv2%2Fcomments&post=10632"}],"version-history":[{"count":0,"href":"https:\/\/fajr.news\/index.php?rest_route=\/wp\/v2\/posts\/10632\/revisions"}],"wp:featuredmedia":[{"embeddable":true,"href":"https:\/\/fajr.news\/index.php?rest_route=\/wp\/v2\/media\/10633"}],"wp:attachment":[{"href":"https:\/\/fajr.news\/index.php?rest_route=%2Fwp%2Fv2%2Fmedia&parent=10632"}],"wp:term":[{"taxonomy":"category","embeddable":true,"href":"https:\/\/fajr.news\/index.php?rest_route=%2Fwp%2Fv2%2Fcategories&post=10632"},{"taxonomy":"post_tag","embeddable":true,"href":"https:\/\/fajr.news\/index.php?rest_route=%2Fwp%2Fv2%2Ftags&post=10632"}],"curies":[{"name":"wp","href":"https:\/\/api.w.org\/{rel}","templated":true}]}}