{"id":10624,"date":"2026-04-27T14:19:55","date_gmt":"2026-04-27T10:49:55","guid":{"rendered":"https:\/\/fajr.news\/?p=10624"},"modified":"2026-04-27T14:19:55","modified_gmt":"2026-04-27T10:49:55","slug":"bae-ve-abd-disisleri-bakanlari-orta-dogudaki-baris-cabalarini-gorustu","status":"publish","type":"post","link":"https:\/\/fajr.news\/?p=10624&lang=tr","title":{"rendered":"BAE ve ABD D\u0131\u015fi\u015fleri Bakanlar\u0131 Orta Do\u011fu&#8217;daki Bar\u0131\u015f \u00c7abalar\u0131n\u0131 G\u00f6r\u00fc\u015ft\u00fc"},"content":{"rendered":"<article>\n<p><strong>BAE D\u0131\u015fi\u015fleri Bakan\u0131 \u015eeyh Abdullah bin Zayed Al-Nahyan<\/strong>, Pazar g\u00fcn\u00fc <strong>ABD D\u0131\u015fi\u015fleri Bakan\u0131 Marco Rubio<\/strong> ile telefon g\u00f6r\u00fc\u015fmesi yaparak b\u00f6lgedeki son geli\u015fmeleri ele ald\u0131.<\/p>\n<p>Emirates Haber Ajans\u0131&#8217;n\u0131n bildirdi\u011fine g\u00f6re, g\u00f6r\u00fc\u015fmede <strong>ABD ile \u0130ran aras\u0131ndaki ate\u015fkes<\/strong> ve g\u00fc\u00e7lendirilmi\u015f kolektif eylem yoluyla <em>bar\u0131\u015f ve g\u00fcvenli\u011fin sa\u011flanmas\u0131 yollar\u0131<\/em> de\u011ferlendirildi.<\/p>\n<p>\u015eeyh Abdullah, <strong>ABD Ba\u015fkan\u0131 Donald Trump&#8217;\u0131n<\/strong> \u00f6zellikle <strong>L\u00fcbnan ve \u0130srail aras\u0131ndaki bar\u0131\u015f\u0131 te\u015fvik etme<\/strong> \u00e7abalar\u0131n\u0131 \u00f6vd\u00fc ve siyasi \u00e7\u00f6z\u00fcmlerin krizleri ele alman\u0131n ve b\u00f6lgesel g\u00fcvenli\u011fi art\u0131rman\u0131n en etkili yolu oldu\u011funu belirtti.<\/p>\n<p>Yetkililer ayr\u0131ca, <strong>\u0130ran&#8217;\u0131n BAE ve di\u011fer \u00fclkelere y\u00f6nelik f\u00fcze sald\u0131r\u0131lar\u0131n\u0131n<\/strong> uluslararas\u0131 bar\u0131\u015f, enerji arz\u0131, deniz g\u00fcvenli\u011fi ve ekonomik istikrar \u00fczerindeki etkilerini de g\u00f6r\u00fc\u015ft\u00fc.<\/p>\n<p>L\u00fcbnan, ABD ile \u0130ran aras\u0131nda var\u0131lan ilk ate\u015fkese dahil edilmemi\u015fti ancak Washington bu ay <strong>\u0130srailli ve L\u00fcbnanl\u0131 yetkililer aras\u0131nda iki tur g\u00f6r\u00fc\u015fmeye<\/strong> ev sahipli\u011fi yapt\u0131. Bu g\u00f6r\u00fc\u015fmeler, <strong>\u0130ran destekli Hizbullah ile \u0130srail g\u00fc\u00e7leri aras\u0131nda iki ate\u015fkesin<\/strong> ilan edilmesiyle sonu\u00e7land\u0131. Ge\u00e7ti\u011fimiz hafta, iki \u00fclke aras\u0131ndaki 10 g\u00fcnl\u00fck ate\u015fkes \u00fc\u00e7 hafta uzat\u0131ld\u0131.<\/p>\n<p>Hizbullah, 28 \u015eubat&#8217;ta <strong>\u0130ran Y\u00fcksek Lideri Ayetullah Ali Hamaney&#8217;in \u00f6ld\u00fcr\u00fclmesine misilleme olarak \u0130srail&#8217;e sald\u0131r\u0131lar<\/strong> d\u00fczenledikten sonra L\u00fcbnan&#8217;\u0131 \u00e7at\u0131\u015fmaya s\u00fcr\u00fcklemi\u015fti.<\/p>\n<p>#OrtaDo\u011fuBar\u0131\u015f\u0131 #BAEABD #D\u0131\u015fi\u015fleriBakanlar\u0131 #B\u00f6lgeselGeli\u015fmeler #\u0130ranAte\u015fkes #L\u00fcbnan\u0130srail #Hizbullah #F\u00fczeSald\u0131r\u0131lar\u0131 #Diplomasi #G\u00fcvenlik<\/p>\n<\/article>\n","protected":false},"excerpt":{"rendered":"<p>BAE D\u0131\u015fi\u015fleri Bakan\u0131 \u015eeyh Abdullah bin Zayed Al-Nahyan, Pazar g\u00fcn\u00fc ABD D\u0131\u015fi\u015fleri Bakan\u0131 Marco Rubio ile telefon g\u00f6r\u00fc\u015fmesi yaparak b\u00f6lgedeki son geli\u015fmeleri ele ald\u0131. Emirates Haber Ajans\u0131&#8217;n\u0131n bildirdi\u011fine g\u00f6re, g\u00f6r\u00fc\u015fmede ABD ile \u0130ran aras\u0131ndaki ate\u015fkes ve g\u00fc\u00e7lendirilmi\u015f kolektif eylem yoluyla bar\u0131\u015f ve g\u00fcvenli\u011fin sa\u011flanmas\u0131 yollar\u0131 de\u011ferlendirildi. \u015eeyh Abdullah, ABD Ba\u015fkan\u0131 Donald Trump&#8217;\u0131n \u00f6zellikle L\u00fcbnan ve [&hellip;]<\/p>\n","protected":false},"author":2,"featured_media":10625,"comment_status":"open","ping_status":"open","sticky":false,"template":"","format":"standard","meta":{"footnotes":""},"categories":[37],"tags":[],"class_list":["post-10624","post","type-post","status-publish","format-standard","has-post-thumbnail","hentry","category-orta-dogu-haberleri"],"_links":{"self":[{"href":"https:\/\/fajr.news\/index.php?rest_route=\/wp\/v2\/posts\/10624","targetHints":{"allow":["GET"]}}],"collection":[{"href":"https:\/\/fajr.news\/index.php?rest_route=\/wp\/v2\/posts"}],"about":[{"href":"https:\/\/fajr.news\/index.php?rest_route=\/wp\/v2\/types\/post"}],"author":[{"embeddable":true,"href":"https:\/\/fajr.news\/index.php?rest_route=\/wp\/v2\/users\/2"}],"replies":[{"embeddable":true,"href":"https:\/\/fajr.news\/index.php?rest_route=%2Fwp%2Fv2%2Fcomments&post=10624"}],"version-history":[{"count":0,"href":"https:\/\/fajr.news\/index.php?rest_route=\/wp\/v2\/posts\/10624\/revisions"}],"wp:featuredmedia":[{"embeddable":true,"href":"https:\/\/fajr.news\/index.php?rest_route=\/wp\/v2\/media\/10625"}],"wp:attachment":[{"href":"https:\/\/fajr.news\/index.php?rest_route=%2Fwp%2Fv2%2Fmedia&parent=10624"}],"wp:term":[{"taxonomy":"category","embeddable":true,"href":"https:\/\/fajr.news\/index.php?rest_route=%2Fwp%2Fv2%2Fcategories&post=10624"},{"taxonomy":"post_tag","embeddable":true,"href":"https:\/\/fajr.news\/index.php?rest_route=%2Fwp%2Fv2%2Ftags&post=10624"}],"curies":[{"name":"wp","href":"https:\/\/api.w.org\/{rel}","templated":true}]}}