{"id":10608,"date":"2026-04-27T14:03:58","date_gmt":"2026-04-27T10:33:58","guid":{"rendered":"https:\/\/fajr.news\/?p=10608"},"modified":"2026-04-27T14:03:58","modified_gmt":"2026-04-27T10:33:58","slug":"irandan-abdye-hurmuz-bogazi-icin-onemli-diplomatik-hamle-nukleer-muzakerelerin-ertelenmesi-sarti","status":"publish","type":"post","link":"https:\/\/fajr.news\/?p=10608&lang=tr","title":{"rendered":"\u0130ran&#8217;dan ABD&#8217;ye H\u00fcrm\u00fcz Bo\u011faz\u0131 \u0130\u00e7in \u00d6nemli Diplomatik Hamle: N\u00fckleer M\u00fczakerelerin Ertelenmesi \u015eart\u0131"},"content":{"rendered":"<h1>\u0130ran&#8217;dan ABD&#8217;ye H\u00fcrm\u00fcz Bo\u011faz\u0131 \u0130\u00e7in \u00d6nemli Diplomatik Hamle: N\u00fckleer M\u00fczakerelerin Ertelenmesi \u015eart\u0131<\/h1>\n<p>B\u00f6lgedeki gerilimi azaltmaya y\u00f6nelik <strong>yap\u0131c\u0131 bir ad\u0131m<\/strong> atan \u0130ranl\u0131 m\u00fczakereciler, Amerika Birle\u015fik Devletleri&#8217;ne H\u00fcrm\u00fcz Bo\u011faz\u0131&#8217;n\u0131n yeniden a\u00e7\u0131lmas\u0131 kar\u015f\u0131l\u0131\u011f\u0131nda n\u00fckleer program\u0131na ili\u015fkin g\u00f6r\u00fc\u015fmelerin ertelenmesini i\u00e7eren bir anla\u015fma teklif etti. Axios&#8217;un ismi a\u00e7\u0131klanmayan bir ABD&#8217;li yetkili ve duruma yak\u0131n kaynaklara dayand\u0131rd\u0131\u011f\u0131 haberine g\u00f6re, Tahran bu teklifi arabulucular arac\u0131l\u0131\u011f\u0131yla Washington&#8217;a iletti.<\/p>\n<p>Bu diplomatik giri\u015fim, mevcut \u00e7at\u0131\u015fmay\u0131 sona erdirmeyi ve uzun s\u00fcredir devam eden diplomatik \u00e7\u0131kmaz\u0131 a\u015fmay\u0131 hedefliyor. \u0130ran D\u0131\u015fi\u015fleri Bakan Yard\u0131mc\u0131s\u0131 Abbas Ara\u011f\u00e7i&#8217;nin T\u00fcrk, Pakistanl\u0131 ve Katarl\u0131 arabuluculara aktard\u0131\u011f\u0131 bilgilere g\u00f6re, \u0130ran liderli\u011fi, Washington&#8217;\u0131n zenginle\u015ftirilmi\u015f uranyum stokundan vazge\u00e7me taleplerine nas\u0131l yan\u0131t verilece\u011fi konusunda <em>kapsaml\u0131 i\u00e7 isti\u015fareler<\/em> y\u00fcr\u00fct\u00fcyor ve bu konuda hen\u00fcz nihai bir uzla\u015f\u0131ya var\u0131lamad\u0131. Bu durum, konunun hassasiyetini ve \u0130ran&#8217;\u0131n ulusal \u00e7\u0131karlar\u0131 a\u00e7\u0131s\u0131ndan ta\u015f\u0131d\u0131\u011f\u0131 \u00f6nemi g\u00f6zler \u00f6n\u00fcne seriyor.<\/p>\n<p>\u00d6te yandan, ABD Ba\u015fkan\u0131 Donald Trump&#8217;\u0131n Pazartesi g\u00fcn\u00fc \u0130ran&#8217;la ilgili bir ba\u015fka Durum Odas\u0131 toplant\u0131s\u0131 yapaca\u011f\u0131 bildirildi. Bu toplant\u0131, Washington&#8217;\u0131n \u0130ran&#8217;a y\u00f6nelik <strong>s\u00fcrekli bask\u0131 politikas\u0131n\u0131n<\/strong> bir g\u00f6stergesi olarak yorumlan\u0131yor.<\/p>\n<p>Pakistanl\u0131 yetkililer konuyla ilgili yorum yapmaktan ka\u00e7\u0131nd\u0131.<\/p>\n<h2>\u0130ran&#8217;\u0131n B\u00f6lgesel Bar\u0131\u015f \u0130\u00e7in \u00c7abalar\u0131<\/h2>\n<ul>\n<li>H\u00fcrm\u00fcz Bo\u011faz\u0131&#8217;n\u0131n g\u00fcvenli\u011finin sa\u011flanmas\u0131.<\/li>\n<li>Diplomatik \u00e7\u00f6z\u00fcm yollar\u0131n\u0131n aranmas\u0131.<\/li>\n<li>Gerilimin d\u00fc\u015f\u00fcr\u00fclmesi i\u00e7in yap\u0131c\u0131 teklifler sunulmas\u0131.<\/li>\n<\/ul>\n<p>#\u0130ran #ABD #H\u00fcrm\u00fczBo\u011faz\u0131 #Diplomasi #N\u00fckleerProgram #Gerilim #Ortado\u011fu #Bar\u0131\u015f #M\u00fczakereler #Tahran<\/p>\n","protected":false},"excerpt":{"rendered":"<p>\u0130ran&#8217;dan ABD&#8217;ye H\u00fcrm\u00fcz Bo\u011faz\u0131 \u0130\u00e7in \u00d6nemli Diplomatik Hamle: N\u00fckleer M\u00fczakerelerin Ertelenmesi \u015eart\u0131 B\u00f6lgedeki gerilimi azaltmaya y\u00f6nelik yap\u0131c\u0131 bir ad\u0131m atan \u0130ranl\u0131 m\u00fczakereciler, Amerika Birle\u015fik Devletleri&#8217;ne H\u00fcrm\u00fcz Bo\u011faz\u0131&#8217;n\u0131n yeniden a\u00e7\u0131lmas\u0131 kar\u015f\u0131l\u0131\u011f\u0131nda n\u00fckleer program\u0131na ili\u015fkin g\u00f6r\u00fc\u015fmelerin ertelenmesini i\u00e7eren bir anla\u015fma teklif etti. Axios&#8217;un ismi a\u00e7\u0131klanmayan bir ABD&#8217;li yetkili ve duruma yak\u0131n kaynaklara dayand\u0131rd\u0131\u011f\u0131 haberine g\u00f6re, Tahran bu [&hellip;]<\/p>\n","protected":false},"author":2,"featured_media":10609,"comment_status":"open","ping_status":"open","sticky":false,"template":"","format":"standard","meta":{"footnotes":""},"categories":[31],"tags":[],"class_list":["post-10608","post","type-post","status-publish","format-standard","has-post-thumbnail","hentry","category-iran-haberleri"],"_links":{"self":[{"href":"https:\/\/fajr.news\/index.php?rest_route=\/wp\/v2\/posts\/10608","targetHints":{"allow":["GET"]}}],"collection":[{"href":"https:\/\/fajr.news\/index.php?rest_route=\/wp\/v2\/posts"}],"about":[{"href":"https:\/\/fajr.news\/index.php?rest_route=\/wp\/v2\/types\/post"}],"author":[{"embeddable":true,"href":"https:\/\/fajr.news\/index.php?rest_route=\/wp\/v2\/users\/2"}],"replies":[{"embeddable":true,"href":"https:\/\/fajr.news\/index.php?rest_route=%2Fwp%2Fv2%2Fcomments&post=10608"}],"version-history":[{"count":0,"href":"https:\/\/fajr.news\/index.php?rest_route=\/wp\/v2\/posts\/10608\/revisions"}],"wp:featuredmedia":[{"embeddable":true,"href":"https:\/\/fajr.news\/index.php?rest_route=\/wp\/v2\/media\/10609"}],"wp:attachment":[{"href":"https:\/\/fajr.news\/index.php?rest_route=%2Fwp%2Fv2%2Fmedia&parent=10608"}],"wp:term":[{"taxonomy":"category","embeddable":true,"href":"https:\/\/fajr.news\/index.php?rest_route=%2Fwp%2Fv2%2Fcategories&post=10608"},{"taxonomy":"post_tag","embeddable":true,"href":"https:\/\/fajr.news\/index.php?rest_route=%2Fwp%2Fv2%2Ftags&post=10608"}],"curies":[{"name":"wp","href":"https:\/\/api.w.org\/{rel}","templated":true}]}}