{"id":10592,"date":"2026-04-27T13:34:30","date_gmt":"2026-04-27T10:04:30","guid":{"rendered":"https:\/\/fajr.news\/?p=10592"},"modified":"2026-04-27T13:34:30","modified_gmt":"2026-04-27T10:04:30","slug":"iranin-disisleri-bakani-pakistana-kisa-bir-donus-yapti-trump-ise-telefonla-gorusme-teklifinde-bulundu","status":"publish","type":"post","link":"https:\/\/fajr.news\/?p=10592&lang=tr","title":{"rendered":"\u0130ran&#8217;\u0131n D\u0131\u015fi\u015fleri Bakan\u0131 Pakistan&#8217;a k\u0131sa bir d\u00f6n\u00fc\u015f yapt\u0131; Trump ise telefonla g\u00f6r\u00fc\u015fme teklifinde bulundu"},"content":{"rendered":"<p>\u0130ran D\u0131\u015fi\u015fleri Bakan\u0131, Tahran ile Washington aras\u0131ndaki ate\u015fkes m\u00fczakerelerini yeniden canland\u0131rmak i\u00e7in Pakistan&#8217;\u0131n siyasi ve askeri liderli\u011finin yo\u011fun \u00e7abalar\u0131 s\u00fcrerken, Pazar g\u00fcn\u00fc k\u0131sa bir ziyaret i\u00e7in tekrar \u0130slamabad&#8217;a geldi. Ancak ABD Ba\u015fkan\u0131 Donald Trump, taraflar\u0131n bunun yerine telefonla g\u00f6r\u00fc\u015febilece\u011fini belirtti.<\/p>\n<p>\u0130ran devlet medyas\u0131na g\u00f6re, D\u0131\u015fi\u015fleri Bakan\u0131 Abbas Ara\u011f\u00e7i, beklenen ikinci tur g\u00f6r\u00fc\u015fmelerle ilgili baz\u0131 belirsizliklere ra\u011fmen, Pazar g\u00fcn\u00fc Moskova&#8217;ya ge\u00e7meden \u00f6nce \u0130slamabad&#8217;a geri d\u00f6nd\u00fc. Ara\u011f\u00e7i daha \u00f6nce, stratejik H\u00fcrm\u00fcz Bo\u011faz\u0131&#8217;n\u0131n di\u011fer taraf\u0131nda yer alan ve ge\u00e7mi\u015fte arabuluculuk yapan Umman&#8217;dayd\u0131.<\/p>\n<p>Beyaz Saray ge\u00e7en hafta, bu ay\u0131n ba\u015flar\u0131nda yap\u0131lan tarihi y\u00fcz y\u00fcze g\u00f6r\u00fc\u015fmeleri takip etmek \u00fczere el\u00e7iler Steve Witkoff ve Jared Kushner&#8217;i \u0130slamabad&#8217;a g\u00f6nderece\u011fini a\u00e7\u0131klam\u0131\u015ft\u0131. Ancak Ara\u011f\u00e7i&#8217;nin Cumartesi g\u00fcn\u00fc ayr\u0131lmas\u0131ndan k\u0131sa bir s\u00fcre sonra Trump, \u0130ran ile ilerleme kaydedilememesi nedeniyle bu misyonu iptal etti\u011fini duyurdu.<\/p>\n<p>Trump Pazar g\u00fcn\u00fc Fox News&#8217;e verdi\u011fi deme\u00e7te, &#8220;\u0130sterlerse konu\u015fabiliriz ama kimseyi g\u00f6ndermiyoruz&#8221; ifadelerini kulland\u0131. Daha \u00f6nce sosyal medyada ise &#8220;Tek yapmalar\u0131 gereken aramak!!!&#8221; \u015feklinde bir a\u00e7\u0131klama yapm\u0131\u015ft\u0131.<\/p>\n<p>\u0130ki Pakistanl\u0131 yetkili, medyaya konu\u015fma yetkileri olmad\u0131\u011f\u0131 i\u00e7in isimlerinin a\u00e7\u0131klanmamas\u0131 kayd\u0131yla, iki taraf aras\u0131ndaki dolayl\u0131 g\u00f6r\u00fc\u015fmelerin devam etti\u011fini belirtti.<\/p>\n<p>Trump ge\u00e7en hafta, ABD ve \u0130ran&#8217;\u0131n 7 Nisan&#8217;da \u00fczerinde anla\u015ft\u0131\u011f\u0131 ve 28 \u015eubat&#8217;ta ABD-\u0130srail ortak sald\u0131r\u0131lar\u0131yla ba\u015flayan \u00e7at\u0131\u015fmalar\u0131 b\u00fcy\u00fck \u00f6l\u00e7\u00fcde durduran ate\u015fkese s\u00fcresiz uzatma getirdi. Ancak binlerce insan\u0131n \u00f6l\u00fcm\u00fcne yol a\u00e7an ve k\u00fcresel ekonomiyi sarsan sava\u015fta kal\u0131c\u0131 bir \u00e7\u00f6z\u00fcm hala belirsizli\u011fini koruyor.<\/p>\n<p>Fars K\u00f6rfezi&#8217;nin dar giri\u015fi olan ve d\u00fcnya petrol ve do\u011fal gaz ticaretinin be\u015fte birinin ge\u00e7ti\u011fi H\u00fcrm\u00fcz Bo\u011faz\u0131&#8217;nda gerilim devam ediyor. \u0130ran, bo\u011fazdaki hareketi k\u0131s\u0131tlarken, ABD de \u0130ran limanlar\u0131na y\u00f6nelik bir abluka uyguluyor.<\/p>\n<p>Konu hakk\u0131nda konu\u015fma yetkisi olmayan b\u00f6lgesel bir yetkiliye g\u00f6re, \u0130ran, Umman&#8217;\u0131 bo\u011fazdan ge\u00e7en gemilerden ge\u00e7i\u015f \u00fccreti toplamak i\u00e7in bir mekanizmay\u0131 desteklemeye ikna etmek istiyor. Umman&#8217;\u0131n yan\u0131t\u0131 hen\u00fcz netle\u015fmedi.<\/p>\n<p>Arabuluculuk \u00e7abalar\u0131nda yer alan yetkili, \u0130ran&#8217;\u0131n yeni bir tur g\u00f6r\u00fc\u015fmeden \u00f6nce ABD ablukas\u0131n\u0131n sona ermesi konusunda \u0131srarc\u0131 oldu\u011funu ve Pakistan liderli\u011findeki arabulucular\u0131n \u00fclkeler aras\u0131ndaki \u00f6nemli farkl\u0131l\u0131klar\u0131 gidermeye \u00e7al\u0131\u015ft\u0131\u011f\u0131n\u0131 da belirtti.<\/p>\n<p>Ara\u011f\u00e7i Pazar g\u00fcn\u00fc Katar ve Suudi Arabistan&#8217;daki mevkida\u015flar\u0131yla da telefon g\u00f6r\u00fc\u015fmeleri yapt\u0131.<\/p>\n<p>Cumartesi g\u00fcnk\u00fc geli\u015fmelerden \u00f6nce bile, \u0130ran D\u0131\u015fi\u015fleri Bakanl\u0131\u011f\u0131, ge\u00e7en y\u0131l ve bu y\u0131l\u0131n ba\u015flar\u0131nda yap\u0131lan dolayl\u0131 g\u00f6r\u00fc\u015fmelerin ABD ve \u0130srail taraf\u0131ndan \u0130ran&#8217;a y\u00f6nelik sald\u0131r\u0131larla sonu\u00e7lanmas\u0131 nedeniyle Tahran&#8217;\u0131n temkinli yakla\u015f\u0131m\u0131n\u0131 yans\u0131tan bir \u015fekilde, t\u00fcm g\u00f6r\u00fc\u015fmelerin dolayl\u0131 olaca\u011f\u0131n\u0131 ve Pakistanl\u0131 yetkililerin arac\u0131 rol oynayaca\u011f\u0131n\u0131 belirtmi\u015fti.<\/p>\n<p>Sava\u015f\u0131n ikinci ay\u0131nda, stratejik bo\u011faz\u0131n neredeyse kapanmas\u0131yla petrol, s\u0131v\u0131la\u015ft\u0131r\u0131lm\u0131\u015f do\u011fal gaz, g\u00fcbre ve di\u011fer tedariklerin k\u00fcresel sevkiyat\u0131n\u0131n aksamas\u0131yla ekonomik sonu\u00e7lar art\u0131yor.<\/p>\n<p>Her iki taraf da askeri tehditlerde bulunmaya devam etti. \u0130ran Ortak Askeri Komutanl\u0131\u011f\u0131 Cumartesi g\u00fcn\u00fc yapt\u0131\u011f\u0131 a\u00e7\u0131klamada, &#8220;ABD&#8217;nin deniz ablukalar\u0131, haydutluk ve korsanl\u0131k dahil olmak \u00fczere sald\u0131rgan askeri eylemlerine devam etmesi halinde&#8221; &#8220;g\u00fc\u00e7l\u00fc bir yan\u0131tla&#8221; kar\u015f\u0131la\u015faca\u011f\u0131n\u0131 uyard\u0131.<\/p>\n<p>Trump ge\u00e7en hafta orduya, su yoluna may\u0131n yerle\u015ftirebilecek k\u00fc\u00e7\u00fck tekneleri &#8220;vurma ve yok etme&#8221; emri vermi\u015fti.<\/p>\n<p>Trump, Cumartesi g\u00fcn\u00fc Beyaz Saray Muhabirleri Yeme\u011fi&#8217;ndeki bir g\u00fcvenlik olay\u0131ndan \u00f6nce gazetecilere yapt\u0131\u011f\u0131 a\u00e7\u0131klamada, Witkoff ve Kushner&#8217;in \u0130slamabad gezisini iptal etmesinden sonraki 10 dakika i\u00e7inde \u0130ran&#8217;\u0131n &#8220;\u00e7ok daha iyi&#8221; bir teklif g\u00f6nderdi\u011fini iddia etti.<\/p>\n<p>Detay vermeyen Trump, ko\u015fullar\u0131ndan birinin \u0130ran&#8217;\u0131n &#8220;n\u00fckleer silaha sahip olmamas\u0131&#8221; oldu\u011funu vurgulad\u0131. \u0130ran&#8217;\u0131n zenginle\u015ftirilmi\u015f uranyumunun durumu uzun s\u00fcredir gerilimin merkezinde yer al\u0131yor. BM n\u00fckleer g\u00f6zlemci kurumuna g\u00f6re Tahran, silah s\u0131n\u0131f\u0131 seviyelerinden k\u0131sa, teknik bir ad\u0131m uzakta olan 440 kilogram (970 pound) %60 safl\u0131kta uranyuma sahip.<\/p>\n<p>Pakistanl\u0131 ba\u011f\u0131ms\u0131z siyasi analist Syed Mohammad Ali, g\u00f6r\u00fc\u015fmelerdeki gecikmenin bir aksakl\u0131k olarak g\u00f6r\u00fclmemesi gerekti\u011fini ve dolayl\u0131 g\u00f6r\u00fc\u015fmelerin ilerledi\u011fini belirtti. Washington ile Tahran aras\u0131ndaki gerilimin bir gecede hafifletilemeyece\u011fini ve m\u00fczakere s\u00fcrecinin sab\u0131r gerektirdi\u011fini ifade eden Ali, &#8220;Ancak iyi olan \u015fey, ate\u015fkesin devam etmesi ve her iki taraf\u0131n da \u00e7at\u0131\u015fmay\u0131 i\u00e7eride ters tepmeyecek bir \u015fekilde sona erdirme arzusuna sahip olmas\u0131d\u0131r&#8221; dedi.<\/p>\n<p>Sava\u015f\u0131n ba\u015flamas\u0131ndan bu yana \u0130ran&#8217;da en az 3.375, L\u00fcbnan&#8217;da ise en az 2.509 ki\u015fi hayat\u0131n\u0131 kaybetti. \u0130srail-Hizbullah \u00e7at\u0131\u015fmalar\u0131, \u0130ran sava\u015f\u0131n\u0131n ba\u015flamas\u0131ndan iki g\u00fcn sonra L\u00fcbnan&#8217;da yeniden alevlenmi\u015fti. Ayr\u0131ca \u0130srail&#8217;de 23, K\u00f6rfez Arap \u00fclkelerinde ise bir d\u00fczineden fazla ki\u015fi ya\u015fam\u0131n\u0131 yitirdi. L\u00fcbnan&#8217;da 15 \u0130srail askeri, b\u00f6lgede 13 ABD askeri personeli ve g\u00fcney L\u00fcbnan&#8217;da alt\u0131 BM bar\u0131\u015f g\u00fcc\u00fc askeri de hayat\u0131n\u0131 kaybedenler aras\u0131nda yer al\u0131yor.<\/p>\n<p>\u0130srail ile \u0130ran destekli L\u00fcbnanl\u0131 direni\u015f grubu Hizbullah aras\u0131ndaki bir ba\u015fka ate\u015fkes de \u00fc\u00e7 hafta uzat\u0131ld\u0131. Hizbullah, Washington arabuluculu\u011fundaki diplomasiye kat\u0131lmad\u0131.<\/p>\n<p>Ate\u015fkes g\u00f6r\u00fc\u015fmelerindeki t\u0131kan\u0131kl\u0131k haberlerinin piyasalar taraf\u0131ndan de\u011ferlendirilmesiyle Pazar g\u00fcn\u00fc piyasalar a\u00e7\u0131ld\u0131\u011f\u0131nda petrol fiyatlar\u0131 y\u00fckseldi. ABD \u00fcretimi hafif, tatl\u0131 ham petrol olan West Texas Intermediate, Pazar g\u00fcn\u00fc varil ba\u015f\u0131na 96,50 dolardan sat\u0131larak Cuma g\u00fcn\u00fc piyasalar\u0131n kapan\u0131\u015f\u0131ndan bu yana %2 art\u0131\u015f g\u00f6sterdi. Bu fiyat, \u0130ran sava\u015f\u0131n\u0131n ba\u015flamas\u0131ndan \u00f6nceki varil ba\u015f\u0131na yakla\u015f\u0131k 67 dolarl\u0131k fiyattan %44 daha y\u00fcksekti. Uluslararas\u0131 standart olan Brent ham petrol\u00fc ise Pazar g\u00fcn\u00fc varil ba\u015f\u0131na 107,75 dolardan i\u015flem g\u00f6rerek Cuma g\u00fcn\u00fcnden bu yana yakla\u015f\u0131k %3, sava\u015f\u0131n ba\u015flamas\u0131ndan bu yana ise %48 art\u0131\u015f kaydetti. Sava\u015f\u0131n ba\u015flamas\u0131ndan bu yana petrol fiyatlar\u0131 istikrarl\u0131 bir \u015fekilde y\u00fckseldi ve ham petrol y\u00fckl\u00fc tankerler, H\u00fcrm\u00fcz Bo\u011faz\u0131&#8217;ndan g\u00fcvenli bir \u015fekilde ge\u00e7emeyerek Fars K\u00f6rfezi&#8217;nde mahsur kald\u0131.<\/p>\n<p>#\u0130ranDiplomasisi #PakistanArabuluculu\u011fu #H\u00fcrm\u00fczBo\u011faz\u0131 #ABD\u0130ranGerilimi #Ate\u015fkesG\u00f6r\u00fc\u015fmeleri #N\u00fckleerM\u00fczakereler #B\u00f6lgeselG\u00fcvenlik #EkonomiSava\u015flar\u0131 #Diplomatik\u00c7\u00f6z\u00fcm #TahranWashington<\/p>\n","protected":false},"excerpt":{"rendered":"<p>\u0130ran D\u0131\u015fi\u015fleri Bakan\u0131, Tahran ile Washington aras\u0131ndaki ate\u015fkes m\u00fczakerelerini yeniden canland\u0131rmak i\u00e7in Pakistan&#8217;\u0131n siyasi ve askeri liderli\u011finin yo\u011fun \u00e7abalar\u0131 s\u00fcrerken, Pazar g\u00fcn\u00fc k\u0131sa bir ziyaret i\u00e7in tekrar \u0130slamabad&#8217;a geldi. Ancak ABD Ba\u015fkan\u0131 Donald Trump, taraflar\u0131n bunun yerine telefonla g\u00f6r\u00fc\u015febilece\u011fini belirtti. \u0130ran devlet medyas\u0131na g\u00f6re, D\u0131\u015fi\u015fleri Bakan\u0131 Abbas Ara\u011f\u00e7i, beklenen ikinci tur g\u00f6r\u00fc\u015fmelerle ilgili baz\u0131 belirsizliklere [&hellip;]<\/p>\n","protected":false},"author":2,"featured_media":10593,"comment_status":"open","ping_status":"open","sticky":false,"template":"","format":"standard","meta":{"footnotes":""},"categories":[31],"tags":[],"class_list":["post-10592","post","type-post","status-publish","format-standard","has-post-thumbnail","hentry","category-iran-haberleri"],"_links":{"self":[{"href":"https:\/\/fajr.news\/index.php?rest_route=\/wp\/v2\/posts\/10592","targetHints":{"allow":["GET"]}}],"collection":[{"href":"https:\/\/fajr.news\/index.php?rest_route=\/wp\/v2\/posts"}],"about":[{"href":"https:\/\/fajr.news\/index.php?rest_route=\/wp\/v2\/types\/post"}],"author":[{"embeddable":true,"href":"https:\/\/fajr.news\/index.php?rest_route=\/wp\/v2\/users\/2"}],"replies":[{"embeddable":true,"href":"https:\/\/fajr.news\/index.php?rest_route=%2Fwp%2Fv2%2Fcomments&post=10592"}],"version-history":[{"count":0,"href":"https:\/\/fajr.news\/index.php?rest_route=\/wp\/v2\/posts\/10592\/revisions"}],"wp:featuredmedia":[{"embeddable":true,"href":"https:\/\/fajr.news\/index.php?rest_route=\/wp\/v2\/media\/10593"}],"wp:attachment":[{"href":"https:\/\/fajr.news\/index.php?rest_route=%2Fwp%2Fv2%2Fmedia&parent=10592"}],"wp:term":[{"taxonomy":"category","embeddable":true,"href":"https:\/\/fajr.news\/index.php?rest_route=%2Fwp%2Fv2%2Fcategories&post=10592"},{"taxonomy":"post_tag","embeddable":true,"href":"https:\/\/fajr.news\/index.php?rest_route=%2Fwp%2Fv2%2Ftags&post=10592"}],"curies":[{"name":"wp","href":"https:\/\/api.w.org\/{rel}","templated":true}]}}