{"id":10584,"date":"2026-04-27T13:30:01","date_gmt":"2026-04-27T10:00:01","guid":{"rendered":"https:\/\/fajr.news\/?p=10584"},"modified":"2026-04-27T13:30:01","modified_gmt":"2026-04-27T10:00:01","slug":"orta-dogu-catismasinin-58-gunu-iran-disisleri-bakani-rusyaya-indi","status":"publish","type":"post","link":"https:\/\/fajr.news\/?p=10584&lang=tr","title":{"rendered":"Orta Do\u011fu \u00c7at\u0131\u015fmas\u0131n\u0131n 58. G\u00fcn\u00fc &#8211; \u0130ran D\u0131\u015fi\u015fleri Bakan\u0131 Rusya&#8217;ya \u0130ndi"},"content":{"rendered":"<p>Orta Do\u011fu&#8217;daki \u00e7at\u0131\u015fmalar\u0131n 58. g\u00fcn\u00fcnde yo\u011fun diplomatik \u00e7abalar devam ediyor. \u0130ran D\u0131\u015fi\u015fleri Bakan\u0131 Abbas Araghchi, Pakistan ve Umman&#8217;daki kilit arabulucularla g\u00f6r\u00fc\u015ft\u00fckten sonra Rusya&#8217;ya indi. Araghchi&#8217;nin Rusya Devlet Ba\u015fkan\u0131 Vladimir Putin ve mevkida\u015f\u0131 Sergey Lavrov ile g\u00f6r\u00fc\u015ferek m\u00fczakerelerin durumu, b\u00f6lgesel ve uluslararas\u0131 d\u00fczeyde ortak programlar\u0131n ilerletilmesi konular\u0131n\u0131 ele almas\u0131 bekleniyor.<\/p>\n<p>ABD ile \u0130ran aras\u0131ndaki bar\u0131\u015f g\u00f6r\u00fc\u015fmeleri durma noktas\u0131na gelmi\u015f durumda. ABD Ba\u015fkan\u0131 Donald Trump, \u0130ran&#8217;\u0131n Amerikal\u0131 m\u00fczakerecilerle do\u011frudan g\u00f6r\u00fc\u015fmeyi reddetmesi \u00fczerine el\u00e7ilerinin Pakistan ziyaretini iptal etti\u011fini ve g\u00f6r\u00fc\u015fmelerin telefonla devam edece\u011fini belirtti. Trump, sava\u015f\u0131n &#8220;\u00e7ok yak\u0131nda sona erece\u011fini&#8221; ve ABD&#8217;nin &#8220;\u00e7ok muzaffer olaca\u011f\u0131n\u0131&#8221; yineledi. Araghchi ise daha \u00f6nce Washington&#8217;\u0131n &#8220;diplomasi konusunda ger\u00e7ekten ciddi olup olmad\u0131\u011f\u0131n\u0131n belirsiz&#8221; oldu\u011funu ifade etmi\u015fti.<\/p>\n<p>H\u00fcrm\u00fcz Bo\u011faz\u0131&#8217;ndaki gerilimler de t\u0131rman\u0131yor. ABD Merkez Komutanl\u0131\u011f\u0131, iki haftal\u0131k ABD ablukas\u0131n\u0131n 38 geminin \u0130ran limanlar\u0131na giri\u015f veya \u00e7\u0131k\u0131\u015f\u0131n\u0131 engelledi\u011fini bildirdi. Trump, \u0130ran&#8217;\u0131n petrol hatlar\u0131n\u0131n \u00fc\u00e7 g\u00fcn i\u00e7inde patlayabilece\u011fini iddia etse de, uzmanlar bu iddialar\u0131n abart\u0131l\u0131 oldu\u011funu ve \u00fcreticilerin genellikle depolama doldu\u011funda \u00fcretimi k\u0131st\u0131\u011f\u0131n\u0131 belirtiyor. \u0130ran parlamentosu ba\u015fkan yard\u0131mc\u0131s\u0131 Ali Nikzad ise H\u00fcrm\u00fcz Bo\u011faz\u0131&#8217;n\u0131n &#8220;hi\u00e7bir ko\u015fulda&#8221; eski haline d\u00f6nmeyece\u011fini ve bo\u011faz\u0131n kapanmas\u0131n\u0131n &#8220;d\u00fcnya ekonomisinin %25&#8217;ini&#8221; etkileyebilece\u011fini s\u00f6yledi.<\/p>\n<p>L\u00fcbnan&#8217;da ise k\u0131r\u0131lgan ate\u015fkes bask\u0131 alt\u0131nda. ABD arabuluculu\u011funda \u00fc\u00e7 hafta daha uzat\u0131lmas\u0131 beklenen ate\u015fkese ra\u011fmen \u0130srail ve Hizbullah kar\u015f\u0131l\u0131kl\u0131 sald\u0131r\u0131lar\u0131n\u0131 art\u0131rd\u0131. L\u00fcbnan Sa\u011fl\u0131k Bakanl\u0131\u011f\u0131, 2 Mart&#8217;tan bu yana en az 2.509 ki\u015finin \u00f6ld\u00fc\u011f\u00fcn\u00fc ve 7.755 ki\u015finin yaraland\u0131\u011f\u0131n\u0131 a\u00e7\u0131klad\u0131. \u0130srail ordusu, g\u00fcney L\u00fcbnan&#8217;daki yedi k\u00f6y i\u00e7in tahliye emri verdi ve Hizbullah&#8217;\u0131n ate\u015fkes ihlallerinin &#8220;ter\u00f6r altyap\u0131s\u0131na&#8221; kar\u015f\u0131 eylem gerektirdi\u011fini belirtti. Ayr\u0131ca, \u0130srail askerlerinin L\u00fcbnan&#8217;da ya\u011fma yapt\u0131\u011f\u0131 iddialar\u0131 da g\u00fcndemde. \u0130srail ordusu bu iddialar\u0131 &#8220;ciddiyetle&#8221; inceledi\u011fini ve &#8220;sivil m\u00fclkiyete herhangi bir zarar verilmesini ve ya\u011fma eylemlerini kesinlikle yasaklad\u0131\u011f\u0131n\u0131&#8221; bildirdi. Daha \u00f6nce de \u0130srailli askerlerin bir \u0130sa heykeline zarar verdi\u011fi ve solar panellere hasar verdi\u011fi olaylar ya\u015fanm\u0131\u015ft\u0131. Pazar g\u00fcn\u00fc g\u00fcney L\u00fcbnan&#8217;da 19 ya\u015f\u0131ndaki \u0130srailli \u00e7avu\u015f Idan Fooks&#8217;un \u00f6ld\u00fcr\u00fcld\u00fc\u011f\u00fc, d\u00f6rt askerin de a\u011f\u0131r yaraland\u0131\u011f\u0131 bildirildi. Hizbullah, Taybe kasabas\u0131ndaki \u0130srail g\u00fc\u00e7lerine sald\u0131r\u0131 d\u00fczenledi\u011fini ve &#8220;do\u011frulanm\u0131\u015f bir isabet&#8221; elde etti\u011fini duyurdu.<\/p>\n<p>\u0130ran&#8217;da ise sava\u015f\u0131n ba\u015flamas\u0131ndan bu yana Tahran ve di\u011fer \u015fehirlerde h\u00fck\u00fcmet yanl\u0131s\u0131 g\u00f6steriler d\u00fczenleniyor. \u0130ran devlet medyas\u0131 Fars taraf\u0131ndan yay\u0131nlanan bir videoda, Tebriz&#8217;deki Saat Meydan\u0131&#8217;nda \u015eahid 136 dronlar\u0131n\u0131n askeri ge\u00e7it t\u00f6reninde sergilendi\u011fi g\u00f6r\u00fcld\u00fc. \u015eahid dronlar\u0131, &#8220;intihar dronlar\u0131&#8221; veya &#8220;kamikaze dronlar\u0131&#8221; olarak da bilinen, \u0130ran yap\u0131m\u0131 insans\u0131z hava ara\u00e7lar\u0131d\u0131r.<\/p>\n<p>#\u0130ran #Rusya #OrtaDo\u011fu #Diplomasi #\u00c7at\u0131\u015fma #H\u00fcrm\u00fczBo\u011faz\u0131 #\u0130srail #L\u00fcbnan #ABD #Petrol<\/p>\n","protected":false},"excerpt":{"rendered":"<p>Orta Do\u011fu&#8217;daki \u00e7at\u0131\u015fmalar\u0131n 58. g\u00fcn\u00fcnde yo\u011fun diplomatik \u00e7abalar devam ediyor. \u0130ran D\u0131\u015fi\u015fleri Bakan\u0131 Abbas Araghchi, Pakistan ve Umman&#8217;daki kilit arabulucularla g\u00f6r\u00fc\u015ft\u00fckten sonra Rusya&#8217;ya indi. Araghchi&#8217;nin Rusya Devlet Ba\u015fkan\u0131 Vladimir Putin ve mevkida\u015f\u0131 Sergey Lavrov ile g\u00f6r\u00fc\u015ferek m\u00fczakerelerin durumu, b\u00f6lgesel ve uluslararas\u0131 d\u00fczeyde ortak programlar\u0131n ilerletilmesi konular\u0131n\u0131 ele almas\u0131 bekleniyor. ABD ile \u0130ran aras\u0131ndaki bar\u0131\u015f g\u00f6r\u00fc\u015fmeleri [&hellip;]<\/p>\n","protected":false},"author":2,"featured_media":10585,"comment_status":"open","ping_status":"open","sticky":false,"template":"","format":"standard","meta":{"footnotes":""},"categories":[37],"tags":[],"class_list":["post-10584","post","type-post","status-publish","format-standard","has-post-thumbnail","hentry","category-orta-dogu-haberleri"],"_links":{"self":[{"href":"https:\/\/fajr.news\/index.php?rest_route=\/wp\/v2\/posts\/10584","targetHints":{"allow":["GET"]}}],"collection":[{"href":"https:\/\/fajr.news\/index.php?rest_route=\/wp\/v2\/posts"}],"about":[{"href":"https:\/\/fajr.news\/index.php?rest_route=\/wp\/v2\/types\/post"}],"author":[{"embeddable":true,"href":"https:\/\/fajr.news\/index.php?rest_route=\/wp\/v2\/users\/2"}],"replies":[{"embeddable":true,"href":"https:\/\/fajr.news\/index.php?rest_route=%2Fwp%2Fv2%2Fcomments&post=10584"}],"version-history":[{"count":0,"href":"https:\/\/fajr.news\/index.php?rest_route=\/wp\/v2\/posts\/10584\/revisions"}],"wp:featuredmedia":[{"embeddable":true,"href":"https:\/\/fajr.news\/index.php?rest_route=\/wp\/v2\/media\/10585"}],"wp:attachment":[{"href":"https:\/\/fajr.news\/index.php?rest_route=%2Fwp%2Fv2%2Fmedia&parent=10584"}],"wp:term":[{"taxonomy":"category","embeddable":true,"href":"https:\/\/fajr.news\/index.php?rest_route=%2Fwp%2Fv2%2Fcategories&post=10584"},{"taxonomy":"post_tag","embeddable":true,"href":"https:\/\/fajr.news\/index.php?rest_route=%2Fwp%2Fv2%2Ftags&post=10584"}],"curies":[{"name":"wp","href":"https:\/\/api.w.org\/{rel}","templated":true}]}}