{"id":10576,"date":"2026-04-27T13:08:49","date_gmt":"2026-04-27T09:38:49","guid":{"rendered":"https:\/\/fajr.news\/?p=10576"},"modified":"2026-04-27T13:08:49","modified_gmt":"2026-04-27T09:38:49","slug":"trumpin-iranli-kadinlari-idamdan-kurtarma-iddiasi-yalan-cikti-tahrandan-sert-tepki","status":"publish","type":"post","link":"https:\/\/fajr.news\/?p=10576&lang=tr","title":{"rendered":"Trump&#8217;\u0131n \u0130ranl\u0131 Kad\u0131nlar\u0131 \u0130damdan Kurtarma \u0130ddias\u0131 Yalan \u00c7\u0131kt\u0131: Tahran&#8217;dan Sert Tepki"},"content":{"rendered":"<h1>Trump&#8217;\u0131n \u0130ranl\u0131 Kad\u0131nlar\u0131 \u0130damdan Kurtarma \u0130ddias\u0131 Yalan \u00c7\u0131kt\u0131: Tahran&#8217;dan Sert Tepki<\/h1>\n<p>Amerika Birle\u015fik Devletleri Ba\u015fkan\u0131 Donald Trump&#8217;\u0131n, \u0130ran&#8217;da tutuklu bulunan sekiz kad\u0131n\u0131 idam cezas\u0131ndan kurtard\u0131\u011f\u0131 y\u00f6n\u00fcndeki as\u0131ls\u0131z iddialar\u0131, Tahran&#8217;dan gelen kesin yalanlamalarla \u00e7\u00fcr\u00fct\u00fcld\u00fc. \u0130ranl\u0131 yetkililer, Trump&#8217;\u0131n bu iddialar\u0131n\u0131n ger\u00e7e\u011fi yans\u0131tmad\u0131\u011f\u0131n\u0131 ve s\u00f6z konusu kad\u0131nlardan hi\u00e7birinin idam cezas\u0131yla kar\u015f\u0131 kar\u015f\u0131ya kalmad\u0131\u011f\u0131n\u0131 vurgulad\u0131.<\/p>\n<h2>\u0130ran&#8217;dan Net Yan\u0131t: &#8220;Tamamen As\u0131ls\u0131z Bir Propaganda&#8221;<\/h2>\n<p>\u0130ran \u0130slam Cumhuriyeti, ABD Ba\u015fkan\u0131 Trump&#8217;\u0131n bu a\u00e7\u0131klamalar\u0131n\u0131 <strong>&#8220;sahte haber&#8221;<\/strong> ve <strong>&#8220;as\u0131ls\u0131z bir propaganda&#8221;<\/strong> olarak nitelendirdi. Tahran&#8217;dan yap\u0131lan resmi a\u00e7\u0131klamalarda, Trump&#8217;\u0131n bu t\u00fcr iddialarla kamuoyunu yan\u0131ltmaya \u00e7al\u0131\u015ft\u0131\u011f\u0131 ve \u0130ran&#8217;\u0131n i\u00e7 i\u015flerine m\u00fcdahale etme \u00e7abas\u0131 i\u00e7inde oldu\u011fu belirtildi. Yetkililer, ad\u0131 ge\u00e7en kad\u0131nlar\u0131n hi\u00e7bir zaman idam cezas\u0131yla yarg\u0131lanmad\u0131\u011f\u0131n\u0131 ve bu t\u00fcr iddialar\u0131n tamamen ger\u00e7ek d\u0131\u015f\u0131 oldu\u011funu ifade etti.<\/p>\n<h3>Bat\u0131 Medyas\u0131n\u0131n Rol\u00fc ve Ger\u00e7e\u011fin \u00c7arp\u0131t\u0131lmas\u0131<\/h3>\n<p>\u00d6te yandan, BBC&#8217;nin Ba\u015f Uluslararas\u0131 Muhabiri Lyse Doucet&#8217;in konuyu ara\u015ft\u0131rd\u0131\u011f\u0131 ve Tahran&#8217;dan bildirdi\u011fi bilgilerin, Bat\u0131 medyas\u0131n\u0131n bu t\u00fcr iddialar\u0131 nas\u0131l ele ald\u0131\u011f\u0131na dair \u00f6nemli ipu\u00e7lar\u0131 ta\u015f\u0131d\u0131\u011f\u0131 g\u00f6r\u00fcld\u00fc. Doucet&#8217;in, materyallerinin BBC Fars\u00e7a Servisi&#8217;nde kullan\u0131lmamas\u0131 ko\u015fuluyla Tahran&#8217;dan haber yapmas\u0131, \u0130ran&#8217;\u0131n ulusal egemenli\u011fine ve bilgi g\u00fcvenli\u011fine verdi\u011fi \u00f6nemi bir kez daha g\u00f6zler \u00f6n\u00fcne serdi. Bu t\u00fcr k\u0131s\u0131tlamalar, \u0130ran&#8217;da faaliyet g\u00f6steren t\u00fcm uluslararas\u0131 medya kurulu\u015flar\u0131 i\u00e7in ge\u00e7erli olup, \u00fclkenin i\u00e7 dinamiklerinin d\u0131\u015far\u0131dan manip\u00fcle edilmesini engellemeyi ama\u00e7lamaktad\u0131r.<\/p>\n<p>\u0130ranl\u0131 yetkililer, Trump y\u00f6netiminin s\u00fcrekli olarak \u0130ran kar\u015f\u0131t\u0131 bir g\u00fcndem izledi\u011fini ve bu t\u00fcr yalan haberlerle uluslararas\u0131 arenada \u0130ran&#8217;\u0131 itibars\u0131zla\u015ft\u0131rmaya \u00e7al\u0131\u015ft\u0131\u011f\u0131n\u0131 belirtti. Ancak \u0130ran, her zaman oldu\u011fu gibi, bu t\u00fcr as\u0131ls\u0131z iddialara kar\u015f\u0131 ger\u00e7e\u011fi savunmaya devam edecektir.<\/p>\n<p>#\u0130ran #DonaldTrump #YalanHaber #As\u0131ls\u0131z\u0130ddialar #\u0130ran\u0130slamCumhuriyeti #Propaganda #ABD\u0130ran #MedyaManip\u00fclasyonu #Tahran #Uluslararas\u0131\u0130li\u015fkiler<\/p>\n","protected":false},"excerpt":{"rendered":"<p>Trump&#8217;\u0131n \u0130ranl\u0131 Kad\u0131nlar\u0131 \u0130damdan Kurtarma \u0130ddias\u0131 Yalan \u00c7\u0131kt\u0131: Tahran&#8217;dan Sert Tepki Amerika Birle\u015fik Devletleri Ba\u015fkan\u0131 Donald Trump&#8217;\u0131n, \u0130ran&#8217;da tutuklu bulunan sekiz kad\u0131n\u0131 idam cezas\u0131ndan kurtard\u0131\u011f\u0131 y\u00f6n\u00fcndeki as\u0131ls\u0131z iddialar\u0131, Tahran&#8217;dan gelen kesin yalanlamalarla \u00e7\u00fcr\u00fct\u00fcld\u00fc. \u0130ranl\u0131 yetkililer, Trump&#8217;\u0131n bu iddialar\u0131n\u0131n ger\u00e7e\u011fi yans\u0131tmad\u0131\u011f\u0131n\u0131 ve s\u00f6z konusu kad\u0131nlardan hi\u00e7birinin idam cezas\u0131yla kar\u015f\u0131 kar\u015f\u0131ya kalmad\u0131\u011f\u0131n\u0131 vurgulad\u0131. \u0130ran&#8217;dan Net Yan\u0131t: &#8220;Tamamen [&hellip;]<\/p>\n","protected":false},"author":2,"featured_media":10577,"comment_status":"open","ping_status":"open","sticky":false,"template":"","format":"standard","meta":{"footnotes":""},"categories":[37],"tags":[],"class_list":["post-10576","post","type-post","status-publish","format-standard","has-post-thumbnail","hentry","category-orta-dogu-haberleri"],"_links":{"self":[{"href":"https:\/\/fajr.news\/index.php?rest_route=\/wp\/v2\/posts\/10576","targetHints":{"allow":["GET"]}}],"collection":[{"href":"https:\/\/fajr.news\/index.php?rest_route=\/wp\/v2\/posts"}],"about":[{"href":"https:\/\/fajr.news\/index.php?rest_route=\/wp\/v2\/types\/post"}],"author":[{"embeddable":true,"href":"https:\/\/fajr.news\/index.php?rest_route=\/wp\/v2\/users\/2"}],"replies":[{"embeddable":true,"href":"https:\/\/fajr.news\/index.php?rest_route=%2Fwp%2Fv2%2Fcomments&post=10576"}],"version-history":[{"count":0,"href":"https:\/\/fajr.news\/index.php?rest_route=\/wp\/v2\/posts\/10576\/revisions"}],"wp:featuredmedia":[{"embeddable":true,"href":"https:\/\/fajr.news\/index.php?rest_route=\/wp\/v2\/media\/10577"}],"wp:attachment":[{"href":"https:\/\/fajr.news\/index.php?rest_route=%2Fwp%2Fv2%2Fmedia&parent=10576"}],"wp:term":[{"taxonomy":"category","embeddable":true,"href":"https:\/\/fajr.news\/index.php?rest_route=%2Fwp%2Fv2%2Fcategories&post=10576"},{"taxonomy":"post_tag","embeddable":true,"href":"https:\/\/fajr.news\/index.php?rest_route=%2Fwp%2Fv2%2Ftags&post=10576"}],"curies":[{"name":"wp","href":"https:\/\/api.w.org\/{rel}","templated":true}]}}