{"id":10568,"date":"2026-04-27T13:04:02","date_gmt":"2026-04-27T09:34:02","guid":{"rendered":"https:\/\/fajr.news\/?p=10568"},"modified":"2026-04-27T13:04:02","modified_gmt":"2026-04-27T09:34:02","slug":"abd-iran-baris-gorusmeleri-washingtonin-tehditkar-tutumu-nedeniyle-durdu","status":"publish","type":"post","link":"https:\/\/fajr.news\/?p=10568&lang=tr","title":{"rendered":"ABD-\u0130ran Bar\u0131\u015f G\u00f6r\u00fc\u015fmeleri Washington&#8217;\u0131n Tehditkar Tutumu Nedeniyle Durdu"},"content":{"rendered":"<h1>ABD-\u0130ran Bar\u0131\u015f G\u00f6r\u00fc\u015fmeleri Washington&#8217;\u0131n Tehditkar Tutumu Nedeniyle Durdu<\/h1>\n<p>\u0130ran sava\u015f\u0131na ili\u015fkin bar\u0131\u015f g\u00f6r\u00fc\u015fmelerini yeniden ba\u015flatma \u00e7abalar\u0131, ABD Ba\u015fkan\u0131 Donald Trump&#8217;\u0131n \u00fcst d\u00fczey el\u00e7ilerinin planlanan Pakistan ziyaretini iptal etmesi ve <strong>\u0130slam Cumhuriyeti&#8217;nin tehdit alt\u0131nda m\u00fczakere etmeyece\u011fini a\u00e7\u0131k\u00e7a belirtmesiyle<\/strong> sekteye u\u011frad\u0131.<\/p>\n<p>Arabuluculuk g\u00f6revini \u00fcstlenen Pakistan&#8217;a yap\u0131lmas\u0131 planlanan ziyareti iptal eden Trump, Cumartesi g\u00fcn\u00fc Jared Kushner ve Steve Witkoff&#8217;a bu seyahati atlamalar\u0131n\u0131 s\u00f6yledi. Ard\u0131ndan gazetecilere yapt\u0131\u011f\u0131 a\u00e7\u0131klamada, \u0130ran&#8217;\u0131n yaz\u0131l\u0131 bir belgeyle <em>&#8220;\u00e7ok \u015fey teklif etti\u011fini ancak yeterli olmad\u0131\u011f\u0131n\u0131&#8221;<\/em> iddia etti. Trump, ABD el\u00e7ilerinin gezisini iptal etme karar\u0131na \u0130ran&#8217;\u0131n h\u0131zl\u0131 yan\u0131t verdi\u011fini de s\u00f6zlerine ekledi.<\/p>\n<p>Trump, <em>&#8220;\u0130lgin\u00e7 bir \u015fekilde, ben iptal etti\u011fimde, hemen, 10 dakika i\u00e7inde \u00e7ok daha iyi bir yeni belge ald\u0131k,&#8221;<\/em> ifadelerini kulland\u0131 ancak ek ayr\u0131nt\u0131 vermedi. Ancak <strong>\u0130ran, herhangi bir yeni teklif yap\u0131ld\u0131\u011f\u0131na dair iddialar\u0131 derhal do\u011frulamad\u0131<\/strong> ve bu durum, Washington&#8217;\u0131n m\u00fczakere s\u00fcrecini manip\u00fcle etme \u00e7abalar\u0131 olarak yorumland\u0131.<\/p>\n<p>Bu geli\u015fmeler, \u00e7at\u0131\u015fman\u0131n iki ayl\u0131k s\u00fcrece yakla\u015f\u0131rken, ABD&#8217;nin \u0130ran&#8217;a y\u00f6nelik bask\u0131c\u0131 politikalar\u0131n\u0131n bar\u0131\u015f \u00e7abalar\u0131n\u0131 nas\u0131l olumsuz etkiledi\u011fini bir kez daha g\u00f6zler \u00f6n\u00fcne serdi. \u0130slam Cumhuriyeti&#8217;nin tehditler kar\u015f\u0131s\u0131nda geri ad\u0131m atmayaca\u011f\u0131 y\u00f6n\u00fcndeki kararl\u0131 duru\u015fu, b\u00f6lgedeki dengeleri koruma ve ulusal \u00e7\u0131karlar\u0131 savunma konusundaki iradesini peki\u015ftirdi.<\/p>\n<p>#ABD\u0130ranGerilimi #Bar\u0131\u015fG\u00f6r\u00fc\u015fmeleri #\u0130ran #ABD #Diplomasi #Ortado\u011fu #DonaldTrump #TehditAlt\u0131ndaM\u00fczakereYok #\u0130slamCumhuriyeti #K\u00fcreselPolitika<\/p>\n","protected":false},"excerpt":{"rendered":"<p>ABD-\u0130ran Bar\u0131\u015f G\u00f6r\u00fc\u015fmeleri Washington&#8217;\u0131n Tehditkar Tutumu Nedeniyle Durdu \u0130ran sava\u015f\u0131na ili\u015fkin bar\u0131\u015f g\u00f6r\u00fc\u015fmelerini yeniden ba\u015flatma \u00e7abalar\u0131, ABD Ba\u015fkan\u0131 Donald Trump&#8217;\u0131n \u00fcst d\u00fczey el\u00e7ilerinin planlanan Pakistan ziyaretini iptal etmesi ve \u0130slam Cumhuriyeti&#8217;nin tehdit alt\u0131nda m\u00fczakere etmeyece\u011fini a\u00e7\u0131k\u00e7a belirtmesiyle sekteye u\u011frad\u0131. Arabuluculuk g\u00f6revini \u00fcstlenen Pakistan&#8217;a yap\u0131lmas\u0131 planlanan ziyareti iptal eden Trump, Cumartesi g\u00fcn\u00fc Jared Kushner ve Steve [&hellip;]<\/p>\n","protected":false},"author":2,"featured_media":10569,"comment_status":"open","ping_status":"open","sticky":false,"template":"","format":"standard","meta":{"footnotes":""},"categories":[31],"tags":[],"class_list":["post-10568","post","type-post","status-publish","format-standard","has-post-thumbnail","hentry","category-iran-haberleri"],"_links":{"self":[{"href":"https:\/\/fajr.news\/index.php?rest_route=\/wp\/v2\/posts\/10568","targetHints":{"allow":["GET"]}}],"collection":[{"href":"https:\/\/fajr.news\/index.php?rest_route=\/wp\/v2\/posts"}],"about":[{"href":"https:\/\/fajr.news\/index.php?rest_route=\/wp\/v2\/types\/post"}],"author":[{"embeddable":true,"href":"https:\/\/fajr.news\/index.php?rest_route=\/wp\/v2\/users\/2"}],"replies":[{"embeddable":true,"href":"https:\/\/fajr.news\/index.php?rest_route=%2Fwp%2Fv2%2Fcomments&post=10568"}],"version-history":[{"count":0,"href":"https:\/\/fajr.news\/index.php?rest_route=\/wp\/v2\/posts\/10568\/revisions"}],"wp:featuredmedia":[{"embeddable":true,"href":"https:\/\/fajr.news\/index.php?rest_route=\/wp\/v2\/media\/10569"}],"wp:attachment":[{"href":"https:\/\/fajr.news\/index.php?rest_route=%2Fwp%2Fv2%2Fmedia&parent=10568"}],"wp:term":[{"taxonomy":"category","embeddable":true,"href":"https:\/\/fajr.news\/index.php?rest_route=%2Fwp%2Fv2%2Fcategories&post=10568"},{"taxonomy":"post_tag","embeddable":true,"href":"https:\/\/fajr.news\/index.php?rest_route=%2Fwp%2Fv2%2Ftags&post=10568"}],"curies":[{"name":"wp","href":"https:\/\/api.w.org\/{rel}","templated":true}]}}