{"id":10552,"date":"2026-04-27T12:39:03","date_gmt":"2026-04-27T09:09:03","guid":{"rendered":"https:\/\/fajr.news\/?p=10552"},"modified":"2026-04-27T12:39:03","modified_gmt":"2026-04-27T09:09:03","slug":"video-orta-dogudaki-catisma-iklim-savaslarini-neden-yeniden-alevlendirebilir","status":"publish","type":"post","link":"https:\/\/fajr.news\/?p=10552&lang=tr","title":{"rendered":"V\u0130DEO: Orta Do\u011fu&#8217;daki \u00c7at\u0131\u015fma \u0130klim Sava\u015flar\u0131n\u0131 Neden Yeniden Alevlendirebilir?"},"content":{"rendered":"<h2>Orta Do\u011fu&#8217;daki Gerilimler ve \u0130klim De\u011fi\u015fikli\u011fi Aras\u0131ndaki Tehlikeli Ba\u011flant\u0131<\/h2>\n<p>Orta Do\u011fu, uzun s\u00fcredir jeopolitik gerilimlerin ve \u00e7at\u0131\u015fmalar\u0131n merkezi olmu\u015ftur. Ancak son d\u00f6nemdeki geli\u015fmeler, b\u00f6lgedeki istikrars\u0131zl\u0131\u011f\u0131n k\u00fcresel iklim kriziyle olan karma\u015f\u0131k ili\u015fkisini bir kez daha g\u00f6zler \u00f6n\u00fcne seriyor. Uzmanlar, mevcut \u00e7at\u0131\u015fmalar\u0131n sadece insani bir trajediye yol a\u00e7makla kalmay\u0131p, ayn\u0131 zamanda &#8220;iklim sava\u015flar\u0131&#8221; olarak adland\u0131r\u0131labilecek yeni bir d\u00f6nemi tetikleyebilece\u011fi konusunda uyar\u0131yor.<\/p>\n<h3>\u0130klim De\u011fi\u015fikli\u011finin B\u00f6lgesel Etkileri<\/h3>\n<p>Orta Do\u011fu ve Kuzey Afrika (MENA) b\u00f6lgesi, d\u00fcnyan\u0131n iklim de\u011fi\u015fikli\u011fine kar\u015f\u0131 en savunmas\u0131z b\u00f6lgelerinden biridir. <strong>Su k\u0131tl\u0131\u011f\u0131, \u00e7\u00f6lle\u015fme, a\u015f\u0131r\u0131 s\u0131cakl\u0131klar ve tar\u0131m alanlar\u0131n\u0131n verimsizle\u015fmesi<\/strong> gibi sorunlar, b\u00f6lge halk\u0131n\u0131n ya\u015fam kalitesini derinden etkilemektedir. Bu \u00e7evresel bask\u0131lar, zaten var olan sosyoekonomik ve siyasi gerilimleri daha da art\u0131rarak yeni \u00e7at\u0131\u015fma zeminleri yaratmaktad\u0131r.<\/p>\n<h3>\u00c7at\u0131\u015fmalar\u0131n \u0130klim \u00dczerindeki Y\u0131k\u0131c\u0131 Etkisi<\/h3>\n<p>B\u00f6lgedeki silahl\u0131 \u00e7at\u0131\u015fmalar, iklim de\u011fi\u015fikli\u011fiyle m\u00fccadele \u00e7abalar\u0131n\u0131 sekteye u\u011fratmaktad\u0131r. Sava\u015flar, altyap\u0131y\u0131 tahrip etmekte, do\u011fal kaynaklar\u0131 kirletmekte ve milyonlarca insan\u0131 yerinden etmektedir. Yerinden edilen topluluklar, genellikle iklim \u015foklar\u0131na kar\u015f\u0131 daha savunmas\u0131z hale gelmekte ve kaynaklar \u00fczerindeki bask\u0131y\u0131 art\u0131rmaktad\u0131r. Ayr\u0131ca, \u00e7at\u0131\u015fma b\u00f6lgelerindeki h\u00fck\u00fcmetler ve uluslararas\u0131 kurulu\u015flar, iklim adaptasyonu ve mitigasyon projelerine odaklanmak yerine acil insani yard\u0131ma y\u00f6nelmek zorunda kalmaktad\u0131r.<\/p>\n<h3>K\u00fcresel Enerji ve Jeopolitik Yans\u0131malar<\/h3>\n<p>Orta Do\u011fu&#8217;daki istikrars\u0131zl\u0131k, k\u00fcresel enerji piyasalar\u0131n\u0131 da do\u011frudan etkilemektedir. Petrol ve do\u011falgaz fiyatlar\u0131ndaki dalgalanmalar, enerji g\u00fcvenli\u011fi endi\u015felerini art\u0131rarak baz\u0131 \u00fclkelerin fosil yak\u0131tlara olan ba\u011f\u0131ml\u0131l\u0131\u011f\u0131n\u0131 s\u00fcrd\u00fcrme e\u011filimini g\u00fc\u00e7lendirebilir. Bu durum, yenilenebilir enerjiye ge\u00e7i\u015f hedeflerini yava\u015flatabilir ve k\u00fcresel iklim eylemlerini olumsuz etkileyebilir. Jeopolitik rekabetin artmas\u0131, uluslararas\u0131 i\u015fbirli\u011fini zay\u0131flatarak iklim diplomasisini de zorla\u015ft\u0131rabilir.<\/p>\n<h3>Gelece\u011fe Y\u00f6nelik Endi\u015feler<\/h3>\n<p>Uzmanlar, Orta Do\u011fu&#8217;daki mevcut \u00e7at\u0131\u015fmalar\u0131n, iklim de\u011fi\u015fikli\u011finin tetikledi\u011fi g\u00f6\u00e7 dalgalar\u0131n\u0131, g\u0131da g\u00fcvensizli\u011fini ve su sava\u015flar\u0131n\u0131 daha da \u015fiddetlendirebilece\u011fi konusunda uyar\u0131yor. Bu durum, b\u00f6lgenin ve hatta d\u00fcnyan\u0131n gelece\u011fi i\u00e7in ciddi riskler ta\u015f\u0131maktad\u0131r. \u0130klim krizinin ve b\u00f6lgesel \u00e7at\u0131\u015fmalar\u0131n birbirini besleyen bir d\u00f6ng\u00fcye girmesi, uluslararas\u0131 toplumun bu iki b\u00fcy\u00fck soruna entegre \u00e7\u00f6z\u00fcmler bulmas\u0131n\u0131 zorunlu k\u0131lmaktad\u0131r.<\/p>\n<p>#OrtaDo\u011fu #\u0130klimDe\u011fi\u015fikli\u011fi #\u0130klimSava\u015flar\u0131 #Jeopolitik #SuK\u0131tl\u0131\u011f\u0131 #\u00c7at\u0131\u015fma #EnerjiG\u00fcvenli\u011fi #K\u00fcreselIs\u0131nma #\u00c7evreKrizi #S\u00fcrd\u00fcr\u00fclebilirlik<\/p>\n","protected":false},"excerpt":{"rendered":"<p>Orta Do\u011fu&#8217;daki Gerilimler ve \u0130klim De\u011fi\u015fikli\u011fi Aras\u0131ndaki Tehlikeli Ba\u011flant\u0131 Orta Do\u011fu, uzun s\u00fcredir jeopolitik gerilimlerin ve \u00e7at\u0131\u015fmalar\u0131n merkezi olmu\u015ftur. Ancak son d\u00f6nemdeki geli\u015fmeler, b\u00f6lgedeki istikrars\u0131zl\u0131\u011f\u0131n k\u00fcresel iklim kriziyle olan karma\u015f\u0131k ili\u015fkisini bir kez daha g\u00f6zler \u00f6n\u00fcne seriyor. Uzmanlar, mevcut \u00e7at\u0131\u015fmalar\u0131n sadece insani bir trajediye yol a\u00e7makla kalmay\u0131p, ayn\u0131 zamanda &#8220;iklim sava\u015flar\u0131&#8221; olarak adland\u0131r\u0131labilecek yeni bir [&hellip;]<\/p>\n","protected":false},"author":2,"featured_media":10553,"comment_status":"open","ping_status":"open","sticky":false,"template":"","format":"standard","meta":{"footnotes":""},"categories":[37],"tags":[],"class_list":["post-10552","post","type-post","status-publish","format-standard","has-post-thumbnail","hentry","category-orta-dogu-haberleri"],"_links":{"self":[{"href":"https:\/\/fajr.news\/index.php?rest_route=\/wp\/v2\/posts\/10552","targetHints":{"allow":["GET"]}}],"collection":[{"href":"https:\/\/fajr.news\/index.php?rest_route=\/wp\/v2\/posts"}],"about":[{"href":"https:\/\/fajr.news\/index.php?rest_route=\/wp\/v2\/types\/post"}],"author":[{"embeddable":true,"href":"https:\/\/fajr.news\/index.php?rest_route=\/wp\/v2\/users\/2"}],"replies":[{"embeddable":true,"href":"https:\/\/fajr.news\/index.php?rest_route=%2Fwp%2Fv2%2Fcomments&post=10552"}],"version-history":[{"count":0,"href":"https:\/\/fajr.news\/index.php?rest_route=\/wp\/v2\/posts\/10552\/revisions"}],"wp:featuredmedia":[{"embeddable":true,"href":"https:\/\/fajr.news\/index.php?rest_route=\/wp\/v2\/media\/10553"}],"wp:attachment":[{"href":"https:\/\/fajr.news\/index.php?rest_route=%2Fwp%2Fv2%2Fmedia&parent=10552"}],"wp:term":[{"taxonomy":"category","embeddable":true,"href":"https:\/\/fajr.news\/index.php?rest_route=%2Fwp%2Fv2%2Fcategories&post=10552"},{"taxonomy":"post_tag","embeddable":true,"href":"https:\/\/fajr.news\/index.php?rest_route=%2Fwp%2Fv2%2Ftags&post=10552"}],"curies":[{"name":"wp","href":"https:\/\/api.w.org\/{rel}","templated":true}]}}