{"id":10546,"date":"2026-04-27T12:19:38","date_gmt":"2026-04-27T08:49:38","guid":{"rendered":"https:\/\/fajr.news\/?p=10546"},"modified":"2026-04-27T12:19:38","modified_gmt":"2026-04-27T08:49:38","slug":"tuinin-mein-schiff-4-ve-mein-schiff-5-gemileri-orta-dogudaki-aksakliklarin-ardindan-murettebat-sikintisiyla-guney-afrikaya-varacak","status":"publish","type":"post","link":"https:\/\/fajr.news\/?p=10546&lang=tr","title":{"rendered":"TUI&#8217;nin Mein Schiff 4 ve Mein Schiff 5 Gemileri, Orta Do\u011fu&#8217;daki Aksakl\u0131klar\u0131n Ard\u0131ndan M\u00fcrettebat S\u0131k\u0131nt\u0131s\u0131yla G\u00fcney Afrika&#8217;ya Varacak"},"content":{"rendered":"<h1>TUI&#8217;nin Kruvaziyer Gemileri Mein Schiff 4 ve Mein Schiff 5, Orta Do\u011fu Gerilimlerinin Ard\u0131ndan G\u00fcney Afrika&#8217;ya Y\u00f6neldi<\/h1>\n<p>26 Nisan 2026 tarihinde yay\u0131nlanan habere g\u00f6re, TUI Cruises&#8217;a ait <strong>Mein Schiff 4<\/strong> ve <strong>Mein Schiff 5<\/strong> gemileri, Orta Do\u011fu&#8217;daki b\u00f6lgesel \u00e7at\u0131\u015fmalar nedeniyle yakla\u015f\u0131k iki ay s\u00fcren aksakl\u0131klar\u0131n ard\u0131ndan G\u00fcney Afrika&#8217;ya do\u011fru seyir halinde bulunuyor. K\u0131\u015f kruvaziyerleri i\u00e7in Orta Do\u011fu&#8217;da bulunan bu gemiler, May\u0131s ay\u0131nda d\u00fczenli Avrupa operasyonlar\u0131na geri d\u00f6nmeye haz\u0131rlan\u0131yor. Ancak ya\u015fanan kesintiler nedeniyle her iki gemi de \u015fu anda \u00f6nemli \u00f6l\u00e7\u00fcde azalt\u0131lm\u0131\u015f m\u00fcrettebatla, yaln\u0131zca temel g\u00f6revlilerle yolculuk ediyor. Normal operasyonlar\u0131na d\u00f6n\u00fc\u015flerinin bir par\u00e7as\u0131 olarak, gemilerin Avrupa seferlerine devam etmeden \u00f6nce yeni m\u00fcrettebat almak \u00fczere G\u00fcney Afrika&#8217;n\u0131n Cape Town liman\u0131na yana\u015fmas\u0131 bekleniyor.<\/p>\n<h2>Orta Do\u011fu&#8217;daki Gerilimler Seferleri Sekteye U\u011fratt\u0131<\/h2>\n<p>Mein Schiff 4 ve Mein Schiff 5&#8217;teki hem m\u00fcrettebat hem de yolcular i\u00e7in zorlu bir yolculuk oldu. Kesinti, \u015eubat ay\u0131n\u0131n sonlar\u0131nda Orta Do\u011fu&#8217;daki artan gerilimlerin gemilerin k\u0131\u015f kruvaziyerlerinin iptal edilmesine neden olmas\u0131yla ba\u015flad\u0131. Mein Schiff 4, BAE&#8217;nin Abu Dabi liman\u0131nda demirlemi\u015fken, Mein Schiff 5 Katar&#8217;\u0131n Doha kentinde mahsur kalm\u0131\u015ft\u0131. Her iki geminin de Arap K\u00f6rfezi&#8217;ni d\u00fcnyan\u0131n geri kalan\u0131na ba\u011flayan \u00f6nemli bir ge\u00e7it olan H\u00fcrm\u00fcz Bo\u011faz\u0131&#8217;ndan ge\u00e7ememesi, gemilerin d\u00fczenli g\u00fczergahlar\u0131na d\u00f6nememesine yol a\u00e7t\u0131. Benzer durumdaki di\u011fer gemiler operasyonlar\u0131na devam etmek i\u00e7in S\u00fcvey\u015f Kanal\u0131 rotas\u0131n\u0131 kullan\u0131rken, TUI Cruises her iki gemiyi de G\u00fcney Afrika&#8217;ya ula\u015fmak i\u00e7in Afrika \u00e7evresinden dola\u015ft\u0131rma karar\u0131 ald\u0131.<\/p>\n<h2>M\u00fcrettebat Takviyesi \u0130\u00e7in Cape Town Dura\u011f\u0131<\/h2>\n<p>Mein Schiff 5&#8217;in 28 Nisan&#8217;da, Mein Schiff 4&#8217;\u00fcn ise 29 Nisan&#8217;da Cape Town&#8217;a varmas\u0131 bekleniyor. G\u00fcney Afrika&#8217;ya ula\u015ft\u0131klar\u0131nda, her iki gemi de \u015fu anda gemide bulunan asgari iskelet m\u00fcrettebat\u0131n yerine yeni m\u00fcrettebat \u00fcyelerini alacak. Normalde 900 ki\u015filik bir m\u00fcrettebatla \u00e7al\u0131\u015fan Mein Schiff 4&#8217;\u00fcn, \u015fu anda navigasyon, g\u00fcvenlik ve operasyonel destek gibi temel i\u015flevleri yerine getiren sadece 59 m\u00fcrettebatla seyir halinde oldu\u011fu d\u00fc\u015f\u00fcn\u00fcl\u00fcyor.<\/p>\n<p>S\u00fcvey\u015f Kanal\u0131 rotas\u0131 yerine Afrika \u00e7evresinden yap\u0131lan bu sapma, Orta Do\u011fu&#8217;daki g\u00fcvenlik endi\u015feleri ve de\u011fi\u015fken durumdan kaynakland\u0131. Gemilerin b\u00f6lgedeki \u00e7at\u0131\u015fmaya yan\u0131t olarak rotalar\u0131n\u0131 ayarlamaktan ba\u015fka se\u00e7ene\u011fi yoktu. Avrupa&#8217;ya d\u00f6n\u00fc\u015fteki uzun gecikme, yolculuklar\u0131na devam etmek i\u00e7in daha g\u00fcvenli bir rota bulma zorunlulu\u011fundan kaynakland\u0131. Ancak Arap K\u00f6rfezi&#8217;nde yakla\u015f\u0131k iki ay ge\u00e7irdikten sonra gemiler, planlanan g\u00fczergahlar\u0131na devam etmek i\u00e7in ihtiya\u00e7 duyduklar\u0131 ek m\u00fcrettebat\u0131 almak \u00fczere \u015fimdi G\u00fcney Afrika&#8217;ya do\u011fru yola \u00e7\u0131kt\u0131.<\/p>\n<h2>Avrupa Seferleri Yeniden Ba\u015fl\u0131yor<\/h2>\n<p>Cape Town&#8217;da m\u00fcrettebatlar\u0131n\u0131 tamamlad\u0131ktan sonra Mein Schiff 4 ve Mein Schiff 5, d\u00fczenli Avrupa operasyonlar\u0131na geri d\u00f6necek. Mein Schiff 4, Adriyatik Denizi&#8217;nde seyretmek \u00fczere \u0130talya&#8217;dan hareket ederken, Mein Schiff 5 ise Ege Denizi, Malta ve M\u0131s\u0131r g\u00fczergahlar\u0131yla Yunanistan&#8217;dan faaliyet g\u00f6sterecek. Her iki geminin de May\u0131s ortas\u0131na kadar Do\u011fu Akdeniz&#8217;de yaz sezonlar\u0131na ba\u015flamas\u0131 bekleniyor. Misafirler, Avrupa&#8217;n\u0131n en g\u00fczel ve k\u00fclt\u00fcrel a\u00e7\u0131dan zengin destinasyonlar\u0131ndan baz\u0131lar\u0131na unutulmaz yolculuklar i\u00e7in gemilere yeniden binmeye can at\u0131yor.<\/p>\n<h2>K\u00fcresel Kruvaziyer End\u00fcstrisi \u0130\u00e7in Devam Eden Zorluklar<\/h2>\n<p>Gemilerin operasyonlar\u0131ndaki aksakl\u0131klar, k\u00fcresel kruvaziyer end\u00fcstrisinin kar\u015f\u0131la\u015ft\u0131\u011f\u0131 devam eden zorluklar\u0131n bir hat\u0131rlat\u0131c\u0131s\u0131 niteli\u011finde. Orta Do\u011fu&#8217;da tan\u0131k olunanlar gibi siyasi huzursuzluklar\u0131n etkileri, kruvaziyer programlar\u0131n\u0131 etkilemeye devam ederek kruvaziyer \u015firketlerini bu beklenmedik engellere uyum sa\u011flamaya ve bunlardan ka\u00e7\u0131nmaya zorluyor. TUI gemilerindeki hem yolcular hem de m\u00fcrettebat \u00fczerindeki etkisi \u00f6nemli olsa da, Avrupa sular\u0131na beklenen d\u00f6n\u00fc\u015f, normal operasyonlara devam etmeyi umanlar i\u00e7in bir rahatlama hissi getiriyor.<\/p>\n<p>B\u00f6lgedeki di\u011fer kruvaziyer gemileri de ayarlamalar yapmak zorunda kald\u0131. Aroya, MSC Euribia, Celestyal Discovery ve Celestyal Journey gibi gemilerin hepsi son haftalarda H\u00fcrm\u00fcz Bo\u011faz\u0131&#8217;ndan ba\u015far\u0131yla ge\u00e7erek operasyonlar\u0131na devam etti. Bu, Arap K\u00f6rfezi&#8217;nde olumlu bir toparlanmaya i\u015faret etse de, TUI&#8217;nin S\u00fcvey\u015f Kanal\u0131 yerine Afrika \u00e7evresinden bir rota izleme karar\u0131, b\u00f6lgedeki siyasi istikrars\u0131zl\u0131\u011f\u0131n daha geni\u015f kruvaziyer end\u00fcstrisini nas\u0131l etkilemeye devam etti\u011finin alt\u0131n\u0131 \u00e7iziyor. Bu karar, k\u00fcresel bir filoyu de\u011fi\u015fen siyasi manzaralar aras\u0131nda y\u00f6netmenin karma\u015f\u0131kl\u0131\u011f\u0131n\u0131 ve bunun kruvaziyer g\u00fczergahlar\u0131n\u0131 do\u011frudan nas\u0131l etkileyebilece\u011fini vurguluyor.<\/p>\n<p>Mein Schiff 4 ve Mein Schiff 5, G\u00fcney Afrika&#8217;ya do\u011fru yolculuklar\u0131na devam ederken, hem m\u00fcrettebat hem de yolcular Avrupa&#8217;da sorunsuz bir hizmete d\u00f6n\u00fc\u015f\u00fc d\u00f6rt g\u00f6zle bekliyor. Akdeniz&#8217;e vard\u0131klar\u0131nda, gemiler d\u00fczenli g\u00fczergahlar\u0131n\u0131 alacak ve yolculara Avrupa&#8217;n\u0131n en \u00fcnl\u00fc ve \u00e7arp\u0131c\u0131 destinasyonlar\u0131ndan baz\u0131lar\u0131n\u0131 ke\u015ffetme f\u0131rsat\u0131 sunacak. \u0130talya&#8217;dan Yunanistan&#8217;a, M\u0131s\u0131r&#8217;dan Malta&#8217;ya kadar Mein Schiff gemileri, d\u00fcnyan\u0131n en \u00e7ok ra\u011fbet g\u00f6ren b\u00f6lgelerinden baz\u0131lar\u0131na l\u00fcks kruvaziyerlerle unutulmaz yolculuklara \u00e7\u0131kmak i\u00e7in yolcular\u0131 a\u011f\u0131rlayacak.<\/p>\n<p>#TUI #MeinSchiff #Kruvaziyer #G\u00fcneyAfrika #OrtaDo\u011fu #Denizcilik #Seyahat #M\u00fcrettebatS\u0131k\u0131nt\u0131s\u0131 #AvrupaSeferleri #Turizm<\/p>\n","protected":false},"excerpt":{"rendered":"<p>TUI&#8217;nin Kruvaziyer Gemileri Mein Schiff 4 ve Mein Schiff 5, Orta Do\u011fu Gerilimlerinin Ard\u0131ndan G\u00fcney Afrika&#8217;ya Y\u00f6neldi 26 Nisan 2026 tarihinde yay\u0131nlanan habere g\u00f6re, TUI Cruises&#8217;a ait Mein Schiff 4 ve Mein Schiff 5 gemileri, Orta Do\u011fu&#8217;daki b\u00f6lgesel \u00e7at\u0131\u015fmalar nedeniyle yakla\u015f\u0131k iki ay s\u00fcren aksakl\u0131klar\u0131n ard\u0131ndan G\u00fcney Afrika&#8217;ya do\u011fru seyir halinde bulunuyor. K\u0131\u015f kruvaziyerleri i\u00e7in [&hellip;]<\/p>\n","protected":false},"author":2,"featured_media":0,"comment_status":"open","ping_status":"open","sticky":false,"template":"","format":"standard","meta":{"footnotes":""},"categories":[37],"tags":[],"class_list":["post-10546","post","type-post","status-publish","format-standard","hentry","category-orta-dogu-haberleri"],"_links":{"self":[{"href":"https:\/\/fajr.news\/index.php?rest_route=\/wp\/v2\/posts\/10546","targetHints":{"allow":["GET"]}}],"collection":[{"href":"https:\/\/fajr.news\/index.php?rest_route=\/wp\/v2\/posts"}],"about":[{"href":"https:\/\/fajr.news\/index.php?rest_route=\/wp\/v2\/types\/post"}],"author":[{"embeddable":true,"href":"https:\/\/fajr.news\/index.php?rest_route=\/wp\/v2\/users\/2"}],"replies":[{"embeddable":true,"href":"https:\/\/fajr.news\/index.php?rest_route=%2Fwp%2Fv2%2Fcomments&post=10546"}],"version-history":[{"count":0,"href":"https:\/\/fajr.news\/index.php?rest_route=\/wp\/v2\/posts\/10546\/revisions"}],"wp:attachment":[{"href":"https:\/\/fajr.news\/index.php?rest_route=%2Fwp%2Fv2%2Fmedia&parent=10546"}],"wp:term":[{"taxonomy":"category","embeddable":true,"href":"https:\/\/fajr.news\/index.php?rest_route=%2Fwp%2Fv2%2Fcategories&post=10546"},{"taxonomy":"post_tag","embeddable":true,"href":"https:\/\/fajr.news\/index.php?rest_route=%2Fwp%2Fv2%2Ftags&post=10546"}],"curies":[{"name":"wp","href":"https:\/\/api.w.org\/{rel}","templated":true}]}}