{"id":10541,"date":"2026-04-27T12:08:49","date_gmt":"2026-04-27T08:38:49","guid":{"rendered":"https:\/\/fajr.news\/?p=10541"},"modified":"2026-04-27T12:08:49","modified_gmt":"2026-04-27T08:38:49","slug":"orta-dogu-savasi-gaz-tuplerinde-fiyat-artisina-neden-oldu","status":"publish","type":"post","link":"https:\/\/fajr.news\/?p=10541&lang=tr","title":{"rendered":"Orta Do\u011fu Sava\u015f\u0131, Gaz T\u00fcplerinde Fiyat Art\u0131\u015f\u0131na Neden Oldu"},"content":{"rendered":"<p>Orta Do\u011fu&#8217;daki gerilim, gaz t\u00fcplerinin fiyatlar\u0131nda \u00f6nemli bir art\u0131\u015fa yol a\u00e7\u0131yor. Gaz \u015firketleri, LPG tedarikinde herhangi bir sorun olmad\u0131\u011f\u0131n\u0131 ve tedarik zincirinin b\u00f6lgedeki sava\u015f nedeniyle kesintiye u\u011framad\u0131\u011f\u0131n\u0131 belirtse de, baz\u0131 firmalar \u00f6n\u00fcm\u00fczdeki aydan itibaren ek \u00fccret uygulamaya ba\u015flayacaklar\u0131n\u0131 duyurdu.<\/p>\n<p>Bu ek \u00fccretler, \u015firketler taraf\u0131ndan \u201cfiyat ayarlamalar\u0131\u201d ve \u201cge\u00e7ici \u00f6nlemler\u201d olarak tan\u0131mlansa da, LPG kullanan i\u015fletmeler ve haneler %30&#8217;a varan bir fiyat art\u0131\u015f\u0131yla y\u00fczle\u015fmek zorunda kalacak.<\/p>\n<p>K\u00fcresel enerji piyasalar\u0131ndaki dalgalanmalar yeni de\u011fil. 2022 y\u0131l\u0131n\u0131n ba\u015flar\u0131nda Rusya&#8217;n\u0131n Ukrayna&#8217;y\u0131 i\u015fgal etmesiyle birlikte Yeni Zelanda&#8217;da gaz fiyatlar\u0131 %65 oran\u0131nda y\u00fckselmi\u015f, sadece ge\u00e7en y\u0131l\u0131n Mart ay\u0131ndan bu yana ise %13&#8217;l\u00fck bir art\u0131\u015f kaydedilmi\u015fti. Uzmanlar, Orta Do\u011fu&#8217;daki mevcut \u00e7at\u0131\u015fmalar\u0131n ve H\u00fcrm\u00fcz Bo\u011faz\u0131&#8217;n\u0131n olas\u0131 kapanmas\u0131n\u0131n, d\u00fcnya genelinde yeni bir gaz \u015fokunu tetikleyebilece\u011fi konusunda uyar\u0131yor.<\/p>\n<p>#GazFiyatlar\u0131 #LPG #OrtaDo\u011fuSava\u015f\u0131 #EnerjiKrizi #FiyatArt\u0131\u015f\u0131 #K\u00fcreselEkonomi #H\u00fcrm\u00fczBo\u011faz\u0131 #TedarikZinciri #YeniZelanda #EkonomiHaberleri<\/p>\n","protected":false},"excerpt":{"rendered":"<p>Orta Do\u011fu&#8217;daki gerilim, gaz t\u00fcplerinin fiyatlar\u0131nda \u00f6nemli bir art\u0131\u015fa yol a\u00e7\u0131yor. Gaz \u015firketleri, LPG tedarikinde herhangi bir sorun olmad\u0131\u011f\u0131n\u0131 ve tedarik zincirinin b\u00f6lgedeki sava\u015f nedeniyle kesintiye u\u011framad\u0131\u011f\u0131n\u0131 belirtse de, baz\u0131 firmalar \u00f6n\u00fcm\u00fczdeki aydan itibaren ek \u00fccret uygulamaya ba\u015flayacaklar\u0131n\u0131 duyurdu. Bu ek \u00fccretler, \u015firketler taraf\u0131ndan \u201cfiyat ayarlamalar\u0131\u201d ve \u201cge\u00e7ici \u00f6nlemler\u201d olarak tan\u0131mlansa da, LPG kullanan i\u015fletmeler [&hellip;]<\/p>\n","protected":false},"author":2,"featured_media":0,"comment_status":"open","ping_status":"open","sticky":false,"template":"","format":"standard","meta":{"footnotes":""},"categories":[37],"tags":[],"class_list":["post-10541","post","type-post","status-publish","format-standard","hentry","category-orta-dogu-haberleri"],"_links":{"self":[{"href":"https:\/\/fajr.news\/index.php?rest_route=\/wp\/v2\/posts\/10541","targetHints":{"allow":["GET"]}}],"collection":[{"href":"https:\/\/fajr.news\/index.php?rest_route=\/wp\/v2\/posts"}],"about":[{"href":"https:\/\/fajr.news\/index.php?rest_route=\/wp\/v2\/types\/post"}],"author":[{"embeddable":true,"href":"https:\/\/fajr.news\/index.php?rest_route=\/wp\/v2\/users\/2"}],"replies":[{"embeddable":true,"href":"https:\/\/fajr.news\/index.php?rest_route=%2Fwp%2Fv2%2Fcomments&post=10541"}],"version-history":[{"count":0,"href":"https:\/\/fajr.news\/index.php?rest_route=\/wp\/v2\/posts\/10541\/revisions"}],"wp:attachment":[{"href":"https:\/\/fajr.news\/index.php?rest_route=%2Fwp%2Fv2%2Fmedia&parent=10541"}],"wp:term":[{"taxonomy":"category","embeddable":true,"href":"https:\/\/fajr.news\/index.php?rest_route=%2Fwp%2Fv2%2Fcategories&post=10541"},{"taxonomy":"post_tag","embeddable":true,"href":"https:\/\/fajr.news\/index.php?rest_route=%2Fwp%2Fv2%2Ftags&post=10541"}],"curies":[{"name":"wp","href":"https:\/\/api.w.org\/{rel}","templated":true}]}}