{"id":10540,"date":"2026-04-27T12:08:45","date_gmt":"2026-04-27T08:38:45","guid":{"rendered":"https:\/\/fajr.news\/?p=10540"},"modified":"2026-04-27T12:08:45","modified_gmt":"2026-04-27T08:38:45","slug":"ortadogu-savasi-gaz-tuplerinde-fiyat-artisina-neden-oldu","status":"publish","type":"post","link":"https:\/\/fajr.news\/?p=10540&lang=tr","title":{"rendered":"Ortado\u011fu Sava\u015f\u0131, Gaz T\u00fcplerinde Fiyat Art\u0131\u015f\u0131na Neden Oldu"},"content":{"rendered":"<p>Gaz \u015firketleri LPG tedarikinde herhangi bir sorun olmad\u0131\u011f\u0131n\u0131 ve tedarik zincirinin Ortado\u011fu&#8217;daki sava\u015ftan etkilenmedi\u011fini belirtse de, baz\u0131lar\u0131 gelecek aydan itibaren ek \u00fccret uygulamaya ba\u015flayacak.<br \/>\nBunlar\u0131 \u201cfiyat ayarlamalar\u0131\u201d ve \u201cge\u00e7ici \u00f6nlemler\u201d olarak adland\u0131r\u0131yorlar, ancak LPG kullanan i\u015fletmeler ve haneler %30&#8217;a varan bir fiyat art\u0131\u015f\u0131yla kar\u015f\u0131 kar\u015f\u0131ya kalacak.<br \/>\nRusya&#8217;n\u0131n Ukrayna&#8217;y\u0131 tam \u00f6l\u00e7ekli i\u015fgalini ba\u015flatt\u0131\u011f\u0131 2022 ba\u015f\u0131ndan bu yana, Yeni Zelanda&#8217;da gaz fiyatlar\u0131 %65 oran\u0131nda y\u00fckseldi; sadece ge\u00e7en y\u0131l Mart ay\u0131ndan bu yana ise %13&#8217;l\u00fck bir art\u0131\u015f ya\u015fand\u0131. Ortado\u011fu&#8217;daki \u00e7at\u0131\u015fma ve H\u00fcrm\u00fcz Bo\u011faz\u0131&#8217;n\u0131n kapat\u0131lmas\u0131, yeni bir gaz \u015fokunu tetikleyebilir.<br \/>\n#GazFiyatlar\u0131 #LPGZam #Ortado\u011fuSava\u015f\u0131 #EnerjiKrizi #FiyatArt\u0131\u015f\u0131 #H\u00fcrm\u00fczBo\u011faz\u0131 #YeniZelanda #Ekonomi #K\u00fcreselPiyasalar #TedarikZinciri<\/p>\n","protected":false},"excerpt":{"rendered":"<p>Gaz \u015firketleri LPG tedarikinde herhangi bir sorun olmad\u0131\u011f\u0131n\u0131 ve tedarik zincirinin Ortado\u011fu&#8217;daki sava\u015ftan etkilenmedi\u011fini belirtse de, baz\u0131lar\u0131 gelecek aydan itibaren ek \u00fccret uygulamaya ba\u015flayacak. Bunlar\u0131 \u201cfiyat ayarlamalar\u0131\u201d ve \u201cge\u00e7ici \u00f6nlemler\u201d olarak adland\u0131r\u0131yorlar, ancak LPG kullanan i\u015fletmeler ve haneler %30&#8217;a varan bir fiyat art\u0131\u015f\u0131yla kar\u015f\u0131 kar\u015f\u0131ya kalacak. Rusya&#8217;n\u0131n Ukrayna&#8217;y\u0131 tam \u00f6l\u00e7ekli i\u015fgalini ba\u015flatt\u0131\u011f\u0131 2022 ba\u015f\u0131ndan bu [&hellip;]<\/p>\n","protected":false},"author":2,"featured_media":0,"comment_status":"open","ping_status":"open","sticky":false,"template":"","format":"standard","meta":{"footnotes":""},"categories":[37],"tags":[],"class_list":["post-10540","post","type-post","status-publish","format-standard","hentry","category-orta-dogu-haberleri"],"_links":{"self":[{"href":"https:\/\/fajr.news\/index.php?rest_route=\/wp\/v2\/posts\/10540","targetHints":{"allow":["GET"]}}],"collection":[{"href":"https:\/\/fajr.news\/index.php?rest_route=\/wp\/v2\/posts"}],"about":[{"href":"https:\/\/fajr.news\/index.php?rest_route=\/wp\/v2\/types\/post"}],"author":[{"embeddable":true,"href":"https:\/\/fajr.news\/index.php?rest_route=\/wp\/v2\/users\/2"}],"replies":[{"embeddable":true,"href":"https:\/\/fajr.news\/index.php?rest_route=%2Fwp%2Fv2%2Fcomments&post=10540"}],"version-history":[{"count":0,"href":"https:\/\/fajr.news\/index.php?rest_route=\/wp\/v2\/posts\/10540\/revisions"}],"wp:attachment":[{"href":"https:\/\/fajr.news\/index.php?rest_route=%2Fwp%2Fv2%2Fmedia&parent=10540"}],"wp:term":[{"taxonomy":"category","embeddable":true,"href":"https:\/\/fajr.news\/index.php?rest_route=%2Fwp%2Fv2%2Fcategories&post=10540"},{"taxonomy":"post_tag","embeddable":true,"href":"https:\/\/fajr.news\/index.php?rest_route=%2Fwp%2Fv2%2Ftags&post=10540"}],"curies":[{"name":"wp","href":"https:\/\/api.w.org\/{rel}","templated":true}]}}