{"id":10532,"date":"2026-04-27T12:05:02","date_gmt":"2026-04-27T08:35:02","guid":{"rendered":"https:\/\/fajr.news\/?p=10532"},"modified":"2026-04-27T12:05:02","modified_gmt":"2026-04-27T08:35:02","slug":"iranda-son-durum-witkoff-ve-kushner-iran-ile-gorusmek-uzere-pakistana-gidiyor","status":"publish","type":"post","link":"https:\/\/fajr.news\/?p=10532&lang=tr","title":{"rendered":"\u0130ran&#8217;da Son Durum: Witkoff ve Kushner \u0130ran ile G\u00f6r\u00fc\u015fmek \u00dczere Pakistan&#8217;a Gidiyor"},"content":{"rendered":"<h2>ABD ve \u0130ran Aras\u0131nda Pakistan Diplomasisi<\/h2>\n<p>Per\u015fembe g\u00fcn\u00fc ABD Ba\u015fkan\u0131 Donald Trump, H\u00fcrm\u00fcz Bo\u011faz\u0131&#8217;ndaki trafi\u011fi daha da s\u0131k\u0131\u015ft\u0131rmak i\u00e7in may\u0131n d\u00f6\u015feyen k\u00fc\u00e7\u00fck \u0130ran teknelerine <strong>&#8220;vur ve \u00f6ld\u00fcr&#8221;<\/strong> emri verdi. Trump, ordunun bu kritik su yolundaki may\u0131n temizleme \u00e7abalar\u0131n\u0131 yo\u011funla\u015ft\u0131rd\u0131\u011f\u0131n\u0131 belirtti.<\/p>\n<p>Ba\u015fkan ayr\u0131ca, \u0130srail ve L\u00fcbnan&#8217;\u0131n Per\u015fembe g\u00fcn\u00fc Beyaz Saray&#8217;daki g\u00f6r\u00fc\u015fmelerin ard\u0131ndan ate\u015fkes anla\u015fmas\u0131n\u0131 \u00fc\u00e7 hafta uzatma konusunda anla\u015ft\u0131\u011f\u0131n\u0131 duyurdu. \u0130lk ate\u015fkesin Pazartesi g\u00fcn\u00fc sona ermesi bekleniyordu.<\/p>\n<h3>ABD-\u0130ran M\u00fczakereleri \u00c7\u0131kmazda<\/h3>\n<p>ABD ve \u0130ran aras\u0131ndaki ate\u015fkes anla\u015fmas\u0131 m\u00fczakereleri ise bu hafta i\u00e7in planlanm\u0131\u015f olmas\u0131na ra\u011fmen ger\u00e7ekle\u015fmedi. \u0130ran, ABD limanlar\u0131na ve gemilerine uygulad\u0131\u011f\u0131 ablukay\u0131 sona erdirmedi\u011fi s\u00fcrece m\u00fczakere etmeyece\u011fini \u0131srarla belirtiyor. Beyaz Saray ise Tahran bo\u011faz\u0131 uluslararas\u0131 trafi\u011fe a\u00e7mad\u0131\u011f\u0131 s\u00fcrece g\u00f6r\u00fc\u015fmelere kat\u0131lmayaca\u011f\u0131n\u0131 vurguluyor.<\/p>\n<h3>ABD&#8217;li Yetkililer Pakistan Yolunda<\/h3>\n<p><strong>Cuma g\u00fcn\u00fcnden son geli\u015fmeler:<\/strong><\/p>\n<p><strong>12:55 ET:<\/strong> ABD&#8217;li yetkililer Reuters&#8217;a, ABD \u00f6zel temsilcisi Steve Witkoff ve Jared Kushner&#8217;\u0131n Pakistan&#8217;a do\u011fru yola \u00e7\u0131kt\u0131\u011f\u0131n\u0131 bildirdi. Beyaz Saray Bas\u0131n S\u00f6zc\u00fcs\u00fc Karoline Leavitt de ikilinin \u0130ran ile orada yap\u0131lacak g\u00f6r\u00fc\u015fmelere kat\u0131laca\u011f\u0131n\u0131 do\u011frulad\u0131.<\/p>\n<p>\u0130ran devlet haber ajans\u0131na g\u00f6re, \u0130ran D\u0131\u015fi\u015fleri Bakan\u0131 Abbas Araqchi&#8217;nin de Cuma g\u00fcn\u00fc erken saatlerde planl\u0131 bir gezi i\u00e7in Pakistan&#8217;a gitmek \u00fczere yola \u00e7\u0131kt\u0131\u011f\u0131 bildirildi. Bu, bu ay\u0131n ba\u015flar\u0131nda \u0130slamabad&#8217;da anla\u015fma sa\u011flanamadan sona eren ilk tur g\u00f6r\u00fc\u015fmelerden bu yana iki taraf aras\u0131ndaki ilk bulu\u015fma olacak.<\/p>\n<h3>\u0130ranl\u0131 Yetkili Pakistan&#8217;a Gidiyor<\/h3>\n<p><strong>09:09 ET:<\/strong> \u0130ran&#8217;\u0131n devlet haber ajans\u0131, \u0130ran D\u0131\u015fi\u015fleri Bakan\u0131 Abbas Araghchi&#8217;nin g\u00f6r\u00fc\u015fmeler i\u00e7in Pakistan&#8217;a gitti\u011fini do\u011frulad\u0131. Ajans, Araghchi&#8217;nin gezisinin <strong>&#8220;ikili isti\u015fareler ve devam eden b\u00f6lgesel geli\u015fmelerin yan\u0131 s\u0131ra ABD ve \u0130srail&#8217;in \u0130ran&#8217;a kar\u015f\u0131 dayatt\u0131\u011f\u0131 sava\u015f etraf\u0131ndaki son durum hakk\u0131nda tart\u0131\u015fmalara&#8221;<\/strong> odakland\u0131\u011f\u0131n\u0131 belirtti.<\/p>\n<h3>Hegseth M\u00fcttefikleri Ele\u015ftiriyor<\/h3>\n<p><strong>08:35 ET:<\/strong> D\u0131\u015fi\u015fleri Bakan\u0131 Hegseth, Avrupal\u0131 m\u00fcttefikleri H\u00fcrm\u00fcz Bo\u011faz\u0131&#8217;ndaki eylemsizlikleri nedeniyle <strong>&#8220;bedavac\u0131&#8221;<\/strong> ve sadakatsiz olmakla su\u00e7lad\u0131. Hegseth, muhabirlere yapt\u0131\u011f\u0131 a\u00e7\u0131klamada, &#8220;Avrupa&#8217;ya g\u00fcvenmiyoruz, ancak H\u00fcrm\u00fcz Bo\u011faz\u0131&#8217;na bizden \u00e7ok daha fazla ihtiya\u00e7lar\u0131 var&#8221; dedi. ABD m\u00fcttefiklerinin &#8220;s\u00fcsl\u00fc bir konferans&#8221; ve &#8220;sa\u00e7ma bir konferans&#8221; d\u00fczenlemek yerine &#8220;daha az konu\u015fmaya ba\u015flamak isteyebilece\u011fini&#8221; ekledi.<\/p>\n<h3>Abluka &#8216;Gerekti\u011fi S\u00fcrece&#8217; Devam Edecek<\/h3>\n<p><strong>08:30 ET:<\/strong> Cuma sabah\u0131 Pentagon&#8217;da d\u00fczenlenen bas\u0131n toplant\u0131s\u0131nda, ABD Savunma Bakan\u0131 Pete Hegseth, ABD ablukas\u0131n\u0131n H\u00fcrm\u00fcz Bo\u011faz\u0131&#8217;ndaki askeri hedeflere ula\u015fmak i\u00e7in <strong>&#8220;gerekti\u011fi s\u00fcrece&#8221;<\/strong> devam edece\u011fini s\u00f6yledi. Cuma sabah\u0131 itibar\u0131yla 34 gemi ablukada geri \u00e7evrildi.<\/p>\n<h3>Trump, Jones Yasas\u0131 Muafiyetini Uzat\u0131yor<\/h3>\n<p><strong>07:55 ET:<\/strong> Ba\u015fkan Trump, Jones Yasas\u0131 muafiyetini 90 g\u00fcn uzat\u0131yor. Bu hamle, Amerikan olmayan gemilerin ABD&#8217;ye petrol ve do\u011fal gaz ta\u015f\u0131mas\u0131n\u0131 kolayla\u015ft\u0131rmal\u0131. Mart ay\u0131nda enerji fiyatlar\u0131n\u0131 istikrara kavu\u015fturmak amac\u0131yla 60 g\u00fcnl\u00fck bir muafiyet duyurulmu\u015ftu. Per\u015fembe g\u00fcn\u00fc Beyaz Saray&#8217;dan yap\u0131lan a\u00e7\u0131klamada, &#8220;\u0130lk muafiyetin yay\u0131nlanmas\u0131ndan bu yana derlenen yeni veriler, \u00f6nemli \u00f6l\u00e7\u00fcde daha fazla arz\u0131n ABD limanlar\u0131na daha h\u0131zl\u0131 ula\u015fabildi\u011fini ortaya koydu&#8221; denildi.<\/p>\n<h3>ABD&#8217;nin Ortado\u011fu&#8217;da 3 U\u00e7ak Gemisi Var<\/h3>\n<p><strong>06:23 ET:<\/strong> Onlarca y\u0131ld\u0131r ilk kez, Amerika Birle\u015fik Devletleri ordusunun Orta Do\u011fu&#8217;da faaliyet g\u00f6steren \u00fc\u00e7 u\u00e7ak gemisi bulunuyor. USS Abraham Lincoln, USS Gerald R. Ford ve USS George H.W. Bush, toplu olarak 200&#8217;den fazla u\u00e7a\u011fa, 15.000 denizci ve deniz piyadesine sahip.<\/p>\n<p>#\u0130ran #ABD #Pakistan #H\u00fcrm\u00fczBo\u011faz\u0131 #Diplomasi #M\u00fczakereler #OrtaDo\u011fu #U\u00e7akGemisi #JonesYasas\u0131 #D\u0131\u015fPolitika<\/p>\n","protected":false},"excerpt":{"rendered":"<p>ABD ve \u0130ran Aras\u0131nda Pakistan Diplomasisi Per\u015fembe g\u00fcn\u00fc ABD Ba\u015fkan\u0131 Donald Trump, H\u00fcrm\u00fcz Bo\u011faz\u0131&#8217;ndaki trafi\u011fi daha da s\u0131k\u0131\u015ft\u0131rmak i\u00e7in may\u0131n d\u00f6\u015feyen k\u00fc\u00e7\u00fck \u0130ran teknelerine &#8220;vur ve \u00f6ld\u00fcr&#8221; emri verdi. Trump, ordunun bu kritik su yolundaki may\u0131n temizleme \u00e7abalar\u0131n\u0131 yo\u011funla\u015ft\u0131rd\u0131\u011f\u0131n\u0131 belirtti. Ba\u015fkan ayr\u0131ca, \u0130srail ve L\u00fcbnan&#8217;\u0131n Per\u015fembe g\u00fcn\u00fc Beyaz Saray&#8217;daki g\u00f6r\u00fc\u015fmelerin ard\u0131ndan ate\u015fkes anla\u015fmas\u0131n\u0131 \u00fc\u00e7 hafta [&hellip;]<\/p>\n","protected":false},"author":2,"featured_media":10533,"comment_status":"open","ping_status":"open","sticky":false,"template":"","format":"standard","meta":{"footnotes":""},"categories":[31],"tags":[],"class_list":["post-10532","post","type-post","status-publish","format-standard","has-post-thumbnail","hentry","category-iran-haberleri"],"_links":{"self":[{"href":"https:\/\/fajr.news\/index.php?rest_route=\/wp\/v2\/posts\/10532","targetHints":{"allow":["GET"]}}],"collection":[{"href":"https:\/\/fajr.news\/index.php?rest_route=\/wp\/v2\/posts"}],"about":[{"href":"https:\/\/fajr.news\/index.php?rest_route=\/wp\/v2\/types\/post"}],"author":[{"embeddable":true,"href":"https:\/\/fajr.news\/index.php?rest_route=\/wp\/v2\/users\/2"}],"replies":[{"embeddable":true,"href":"https:\/\/fajr.news\/index.php?rest_route=%2Fwp%2Fv2%2Fcomments&post=10532"}],"version-history":[{"count":0,"href":"https:\/\/fajr.news\/index.php?rest_route=\/wp\/v2\/posts\/10532\/revisions"}],"wp:featuredmedia":[{"embeddable":true,"href":"https:\/\/fajr.news\/index.php?rest_route=\/wp\/v2\/media\/10533"}],"wp:attachment":[{"href":"https:\/\/fajr.news\/index.php?rest_route=%2Fwp%2Fv2%2Fmedia&parent=10532"}],"wp:term":[{"taxonomy":"category","embeddable":true,"href":"https:\/\/fajr.news\/index.php?rest_route=%2Fwp%2Fv2%2Fcategories&post=10532"},{"taxonomy":"post_tag","embeddable":true,"href":"https:\/\/fajr.news\/index.php?rest_route=%2Fwp%2Fv2%2Ftags&post=10532"}],"curies":[{"name":"wp","href":"https:\/\/api.w.org\/{rel}","templated":true}]}}