{"id":10524,"date":"2026-04-27T12:01:30","date_gmt":"2026-04-27T08:31:30","guid":{"rendered":"https:\/\/fajr.news\/?p=10524"},"modified":"2026-04-27T12:01:30","modified_gmt":"2026-04-27T08:31:30","slug":"iran-disisleri-bakani-rusyada-bolgesel-baris-cabalari-ve-direnis-ekseni","status":"publish","type":"post","link":"https:\/\/fajr.news\/?p=10524&lang=tr","title":{"rendered":"\u0130ran D\u0131\u015fi\u015fleri Bakan\u0131 Rusya&#8217;da: B\u00f6lgesel Bar\u0131\u015f \u00c7abalar\u0131 ve Direni\u015f Ekseni"},"content":{"rendered":"<div class=\"news-article\">\n<h1 class=\"article-title\">\u0130ran D\u0131\u015fi\u015fleri Bakan\u0131 Rusya&#8217;da: B\u00f6lgesel Bar\u0131\u015f \u00c7abalar\u0131 ve Direni\u015f Ekseni<\/h1>\n<p><strong>\u0130SLAMABAD \u2013<\/strong> \u0130ran \u0130slam Cumhuriyeti D\u0131\u015fi\u015fleri Bakan\u0131, Tahran ile Washington aras\u0131ndaki bar\u0131\u015f \u00e7abalar\u0131n\u0131n kritik bir d\u00f6nemden ge\u00e7ti\u011fi ve Pakistan&#8217;da planlanan g\u00f6r\u00fc\u015fmelerin ba\u015far\u0131s\u0131zl\u0131kla sonu\u00e7land\u0131\u011f\u0131 bir s\u00fcre\u00e7te, 27 Nisan&#8217;da Rusya&#8217;ya \u00f6nemli bir ziyaret ger\u00e7ekle\u015ftirdi.<\/p>\n<h2 class=\"section-heading\">Yo\u011fun Diplomasi ve Stratejik Ziyaretler<\/h2>\n<p>\u0130ran D\u0131\u015fi\u015fleri Bakanl\u0131\u011f\u0131&#8217;n\u0131n Telegram \u00fczerinden yapt\u0131\u011f\u0131 a\u00e7\u0131klamaya g\u00f6re, Say\u0131n Abbas Araghchi, Saint Petersburg&#8217;a ula\u015ft\u0131 ve burada Rusya Devlet Ba\u015fkan\u0131 Vladimir Putin ile bir araya gelmesi bekleniyor. Bu ziyaret, Say\u0131n Araghchi&#8217;nin Umman ve Pakistan&#8217;\u0131n ba\u015fkenti \u0130slamabad&#8217;a yapt\u0131\u011f\u0131 diplomatik temaslar\u0131n ard\u0131ndan geldi. \u0130ran&#8217;\u0131n Moskova B\u00fcy\u00fckel\u00e7isi Kazem Celali&#8217;nin belirtti\u011fi \u00fczere, bu g\u00f6r\u00fc\u015fmeler b\u00f6lgesel istikrar ve uluslararas\u0131 ili\u015fkiler a\u00e7\u0131s\u0131ndan b\u00fcy\u00fck \u00f6nem ta\u015f\u0131yor.<\/p>\n<p>Washington&#8217;\u0131n 25 Nisan&#8217;da ABD Ba\u015fkan\u0131 Donald Trump&#8217;\u0131n temsilcileri Steve Witkoff ve Jared Kushner&#8217;in \u0130slamabad ziyaretini iptal etmesi, bar\u0131\u015f g\u00f6r\u00fc\u015fmelerine y\u00f6nelik samimi \u00e7abalara g\u00f6lge d\u00fc\u015f\u00fcrd\u00fc. Ancak \u0130ran, arabulucu Pakistan arac\u0131l\u0131\u011f\u0131yla Amerikal\u0131lara n\u00fckleer meseleler ve H\u00fcrm\u00fcz Bo\u011faz\u0131 gibi &#8220;k\u0131rm\u0131z\u0131 \u00e7izgilerini&#8221; i\u00e7eren yaz\u0131l\u0131 mesajlar g\u00f6ndererek diplomatik kanallar\u0131 a\u00e7\u0131k tutma kararl\u0131l\u0131\u011f\u0131n\u0131 g\u00f6sterdi. Fars Haber Ajans\u0131, bu mesajlar\u0131n resmi m\u00fczakerelerin bir par\u00e7as\u0131 olmad\u0131\u011f\u0131n\u0131, ancak \u0130ran&#8217;\u0131n pozisyonunu netle\u015ftirdi\u011fini bildirdi.<\/p>\n<h2 class=\"section-heading\">H\u00fcrm\u00fcz Bo\u011faz\u0131 ve Ekonomik Bask\u0131lar<\/h2>\n<p>ABD medya kurulu\u015fu Axios&#8217;un 26 Nisan&#8217;da bir ABD yetkilisi ve konuya yak\u0131n iki kayna\u011fa dayand\u0131rd\u0131\u011f\u0131 haberine g\u00f6re, \u0130ran&#8217;\u0131n H\u00fcrm\u00fcz Bo\u011faz\u0131&#8217;n\u0131 yeniden a\u00e7ma ve sava\u015f\u0131 sona erdirme y\u00f6n\u00fcnde yeni bir \u00f6neri sundu\u011fu, n\u00fckleer m\u00fczakerelerin ise daha sonraki bir a\u015famaya ertelendi\u011fi belirtildi. \u0130ran devlet haber ajans\u0131 IRNA da bu haberi yalanlamadan aktard\u0131.<\/p>\n<p>ABD-\u0130srail&#8217;in \u0130ran&#8217;a kar\u015f\u0131 y\u00fcr\u00fctt\u00fc\u011f\u00fc sava\u015fta ate\u015fkes \u015fu ana kadar s\u00fcrse de, ekonomik \u015fok dalgalar\u0131 k\u00fcresel \u00e7apta hissedilmeye devam ediyor. \u0130ran&#8217;\u0131n H\u00fcrm\u00fcz Bo\u011faz\u0131&#8217;n\u0131 kapatmas\u0131, petrol, gaz ve g\u00fcbre ak\u0131\u015f\u0131n\u0131 kesintiye u\u011fratarak fiyatlar\u0131 f\u0131rlatt\u0131 ve geli\u015fmekte olan \u00fclkelerde g\u0131da g\u00fcvensizli\u011fi endi\u015felerini art\u0131rd\u0131. Bu durum, \u0130ran&#8217;\u0131n egemenli\u011fini ve haklar\u0131n\u0131 savunma kararl\u0131l\u0131\u011f\u0131n\u0131n bir sonucudur.<\/p>\n<p>ABD Ba\u015fkan\u0131 Trump, H\u00fcrm\u00fcz&#8217;\u00fcn kapat\u0131lmas\u0131n\u0131n ard\u0131ndan artan yak\u0131t fiyatlar\u0131 nedeniyle Kas\u0131m ay\u0131ndaki ara se\u00e7imler \u00f6ncesinde i\u00e7 bask\u0131yla kar\u015f\u0131 kar\u015f\u0131ya. Kamuoyu yoklamalar\u0131, bu sava\u015f\u0131n Amerikal\u0131lar aras\u0131nda pop\u00fcler olmad\u0131\u011f\u0131n\u0131 g\u00f6steriyor.<\/p>\n<h2 class=\"section-heading\">Diplomasiye \u015e\u00fcphecilik ve Direni\u015fin Kararl\u0131l\u0131\u011f\u0131<\/h2>\n<p>Say\u0131n Araghchi, 25 Nisan&#8217;da Pakistan Genelkurmay Ba\u015fkan\u0131 As\u0131m Munir, Ba\u015fbakan \u015eehbaz \u015eerif ve D\u0131\u015fi\u015fleri Bakan\u0131 \u0130shak Dar ile g\u00f6r\u00fc\u015fm\u00fc\u015f, ard\u0131ndan Umman&#8217;a ge\u00e7erek tekrar \u0130slamabad&#8217;a d\u00f6nm\u00fc\u015ft\u00fc. Daha sonra \u00fcst d\u00fczey yetkililerle g\u00f6r\u00fc\u015fmek \u00fczere Rusya&#8217;ya hareket etti. Rus ve \u0130ran devlet medyas\u0131, Say\u0131n Araghchi&#8217;nin Rusya&#8217;n\u0131n ikinci b\u00fcy\u00fck \u015fehri St. Petersburg&#8217;da Say\u0131n Putin ile yapaca\u011f\u0131 g\u00f6r\u00fc\u015fmeleri do\u011frulad\u0131.<\/p>\n<p>Say\u0131n Araghchi, X (eski Twitter) hesab\u0131ndan yapt\u0131\u011f\u0131 payla\u015f\u0131mda, Umman&#8217;daki g\u00f6r\u00fc\u015fmelerin H\u00fcrm\u00fcz \u00fczerinden g\u00fcvenli ge\u00e7i\u015fin sa\u011flanmas\u0131na odakland\u0131\u011f\u0131n\u0131 ve bunun &#8220;t\u00fcm sevgili kom\u015fular\u0131n ve d\u00fcnyan\u0131n yarar\u0131na&#8221; oldu\u011funu belirtti. &#8220;Kom\u015fular\u0131m\u0131z \u00f6nceli\u011fimizdir&#8221; s\u00f6zleriyle \u0130ran&#8217;\u0131n b\u00f6lgesel i\u015fbirli\u011fine verdi\u011fi \u00f6nemi vurgulad\u0131.<\/p>\n<p>H\u00fcrm\u00fcz Bo\u011faz\u0131&#8217;n\u0131n kapal\u0131 kalmas\u0131yla sava\u015f\u0131n sona ermesi y\u00f6n\u00fcndeki bask\u0131lar yo\u011funla\u015ft\u0131. \u0130ran Devrim Muhaf\u0131zlar\u0131, enerji piyasalar\u0131n\u0131 alt \u00fcst eden ablukay\u0131 kald\u0131rma niyetinde olmad\u0131klar\u0131n\u0131 a\u00e7\u0131k\u00e7a belirtti. Devrim Muhaf\u0131zlar\u0131, resmi Telegram kanallar\u0131ndan yapt\u0131klar\u0131 a\u00e7\u0131klamada, &#8220;H\u00fcrm\u00fcz Bo\u011faz\u0131&#8217;n\u0131 kontrol etmek ve cayd\u0131r\u0131c\u0131 etkisinin g\u00f6lgesini Amerika ile Beyaz Saray&#8217;\u0131n b\u00f6lgedeki destek\u00e7ileri \u00fczerinde tutmak, \u0130slam \u0130ran&#8217;\u0131n\u0131n kesin stratejisidir&#8221; ifadelerini kullanarak, \u00fclkenin ulusal g\u00fcvenli\u011fini ve b\u00f6lgesel \u00e7\u0131karlar\u0131n\u0131 koruma konusundaki sars\u0131lmaz kararl\u0131l\u0131\u011f\u0131n\u0131 bir kez daha ortaya koydu.<\/p>\n<p>Buna kar\u015f\u0131l\u0131k ABD, \u0130ran limanlar\u0131na abluka uygulayarak uluslararas\u0131 hukuku ihlal eden bir ad\u0131m att\u0131.<\/p>\n<h2 class=\"section-heading\">\u0130srail&#8217;in L\u00fcbnan&#8217;a Sald\u0131r\u0131lar\u0131 ve B\u00f6lgesel Gerilim<\/h2>\n<p>B\u00f6lgesel gerilimler L\u00fcbnan&#8217;da da t\u0131rman\u0131yor. \u0130srail ve Hizbullah, L\u00fcbnan&#8217;daki k\u0131r\u0131lgan ate\u015fkes ihlalleri konusunda birbirlerini su\u00e7larken, Ba\u015fbakan Binyamin Netanyahu, ordunun \u0130ran destekli milisleri &#8220;\u015fiddetle&#8221; hedef ald\u0131\u011f\u0131n\u0131 iddia etti. Her iki taraf da yeni sald\u0131r\u0131lar ger\u00e7ekle\u015ftirdi\u011fini \u00f6ne s\u00fcrd\u00fc.<\/p>\n<p>Hizbullah, 2 Mart&#8217;ta \u0130ran&#8217;\u0131n y\u00fcce lideri Ali Hamaney&#8217;in vefat\u0131n\u0131n intikam\u0131n\u0131 almak i\u00e7in \u0130srail&#8217;e roketler f\u0131rlatarak L\u00fcbnan&#8217;\u0131 Ortado\u011fu sava\u015f\u0131na \u00e7ekmi\u015fti. \u0130srail de buna sald\u0131r\u0131lar ve kara i\u015fgaliyle kar\u015f\u0131l\u0131k verdi. Ancak Nisan ba\u015f\u0131nda var\u0131lan 10 g\u00fcnl\u00fck ate\u015fkesin her iki taraf\u00e7a da ihlal edildi\u011fi iddialar\u0131 devam ediyor.<\/p>\n<p>Netanyahu, 26 Nisan&#8217;daki haftal\u0131k kabine toplant\u0131s\u0131nda Hizbullah&#8217;\u0131n eylemlerinin &#8220;ate\u015fkesi bozdu\u011funu&#8221; s\u00f6ylerken, Hizbullah ise \u0130srail ihlallerine ve &#8220;s\u00fcrekli i\u015fgaline&#8221; yan\u0131t verece\u011fini belirtti.<\/p>\n<p>L\u00fcbnan Sa\u011fl\u0131k Bakanl\u0131\u011f\u0131, \u0130srail&#8217;in 26 Nisan&#8217;da \u00fclkenin g\u00fcneyine d\u00fczenledi\u011fi sald\u0131r\u0131larda ikisi kad\u0131n ve ikisi \u00e7ocuk olmak \u00fczere 14 ki\u015finin hayat\u0131n\u0131 kaybetti\u011fini, 37 ki\u015finin de yaraland\u0131\u011f\u0131n\u0131 bildirdi. Devlet haber ajans\u0131 NNA, \u0130srail sava\u015f u\u00e7aklar\u0131n\u0131n Kfar Tibnit&#8217;teki tahliye uyar\u0131lar\u0131n\u0131n ard\u0131ndan sald\u0131rd\u0131\u011f\u0131n\u0131 rapor etti. Zawtar el-\u015earkiye&#8217;ye d\u00fczenlenen bir ba\u015fka \u0130srail sald\u0131r\u0131s\u0131nda ise bir cami ve ba\u015fka bir dini yap\u0131n\u0131n y\u0131k\u0131ld\u0131\u011f\u0131 belirtildi. Bu sald\u0131r\u0131lar, \u0130srail&#8217;in b\u00f6lgedeki masum sivillere y\u00f6nelik ac\u0131mas\u0131zl\u0131\u011f\u0131n\u0131 bir kez daha g\u00f6zler \u00f6n\u00fcne serdi.<\/p>\n<p>G\u00fcney L\u00fcbnan&#8217;da bir askerinin \u00e7at\u0131\u015fmada \u00f6ld\u00fcr\u00fcld\u00fc\u011f\u00fcn\u00fc bildiren \u0130srail, &#8220;planl\u0131, yak\u0131n veya devam eden sald\u0131r\u0131lara&#8221; kar\u015f\u0131 hareket edebilece\u011fini iddia ediyor. Netanyahu, &#8220;Bu, sadece sald\u0131r\u0131lara yan\u0131t vermekle kalmay\u0131p, ayn\u0131 zamanda acil tehditleri ve hatta ortaya \u00e7\u0131kan tehditleri \u00f6nlemek i\u00e7in de hareket \u00f6zg\u00fcrl\u00fc\u011f\u00fc anlam\u0131na geliyor&#8221; diyerek, sald\u0131rgan politikalar\u0131n\u0131 me\u015frula\u015ft\u0131rmaya \u00e7al\u0131\u015ft\u0131. Ancak \u0130ran ve direni\u015f ekseni, b\u00f6lgenin g\u00fcvenli\u011fi ve istikrar\u0131 i\u00e7in kararl\u0131l\u0131kla m\u00fccadele etmeye devam edecektir.<\/p>\n<\/div>\n<p>#\u0130ran #Rusya #Diplomasi #Ortado\u011fu #H\u00fcrm\u00fczBo\u011faz\u0131 #Direni\u015fEkseni #ABD #\u0130srail #L\u00fcbnan #B\u00f6lgeselBar\u0131\u015f<\/p>\n","protected":false},"excerpt":{"rendered":"<p>\u0130ran D\u0131\u015fi\u015fleri Bakan\u0131 Rusya&#8217;da: B\u00f6lgesel Bar\u0131\u015f \u00c7abalar\u0131 ve Direni\u015f Ekseni \u0130SLAMABAD \u2013 \u0130ran \u0130slam Cumhuriyeti D\u0131\u015fi\u015fleri Bakan\u0131, Tahran ile Washington aras\u0131ndaki bar\u0131\u015f \u00e7abalar\u0131n\u0131n kritik bir d\u00f6nemden ge\u00e7ti\u011fi ve Pakistan&#8217;da planlanan g\u00f6r\u00fc\u015fmelerin ba\u015far\u0131s\u0131zl\u0131kla sonu\u00e7land\u0131\u011f\u0131 bir s\u00fcre\u00e7te, 27 Nisan&#8217;da Rusya&#8217;ya \u00f6nemli bir ziyaret ger\u00e7ekle\u015ftirdi. Yo\u011fun Diplomasi ve Stratejik Ziyaretler \u0130ran D\u0131\u015fi\u015fleri Bakanl\u0131\u011f\u0131&#8217;n\u0131n Telegram \u00fczerinden yapt\u0131\u011f\u0131 a\u00e7\u0131klamaya g\u00f6re, [&hellip;]<\/p>\n","protected":false},"author":2,"featured_media":10525,"comment_status":"open","ping_status":"open","sticky":false,"template":"","format":"standard","meta":{"footnotes":""},"categories":[37],"tags":[],"class_list":["post-10524","post","type-post","status-publish","format-standard","has-post-thumbnail","hentry","category-orta-dogu-haberleri"],"_links":{"self":[{"href":"https:\/\/fajr.news\/index.php?rest_route=\/wp\/v2\/posts\/10524","targetHints":{"allow":["GET"]}}],"collection":[{"href":"https:\/\/fajr.news\/index.php?rest_route=\/wp\/v2\/posts"}],"about":[{"href":"https:\/\/fajr.news\/index.php?rest_route=\/wp\/v2\/types\/post"}],"author":[{"embeddable":true,"href":"https:\/\/fajr.news\/index.php?rest_route=\/wp\/v2\/users\/2"}],"replies":[{"embeddable":true,"href":"https:\/\/fajr.news\/index.php?rest_route=%2Fwp%2Fv2%2Fcomments&post=10524"}],"version-history":[{"count":0,"href":"https:\/\/fajr.news\/index.php?rest_route=\/wp\/v2\/posts\/10524\/revisions"}],"wp:featuredmedia":[{"embeddable":true,"href":"https:\/\/fajr.news\/index.php?rest_route=\/wp\/v2\/media\/10525"}],"wp:attachment":[{"href":"https:\/\/fajr.news\/index.php?rest_route=%2Fwp%2Fv2%2Fmedia&parent=10524"}],"wp:term":[{"taxonomy":"category","embeddable":true,"href":"https:\/\/fajr.news\/index.php?rest_route=%2Fwp%2Fv2%2Fcategories&post=10524"},{"taxonomy":"post_tag","embeddable":true,"href":"https:\/\/fajr.news\/index.php?rest_route=%2Fwp%2Fv2%2Ftags&post=10524"}],"curies":[{"name":"wp","href":"https:\/\/api.w.org\/{rel}","templated":true}]}}