{"id":10516,"date":"2026-04-27T11:49:30","date_gmt":"2026-04-27T08:19:30","guid":{"rendered":"https:\/\/fajr.news\/?p=10516"},"modified":"2026-04-27T11:49:30","modified_gmt":"2026-04-27T08:19:30","slug":"orta-dogu-savasi-iran-muzakere-etmek-isterse-abdyi-arayabilir-trump","status":"publish","type":"post","link":"https:\/\/fajr.news\/?p=10516&lang=tr","title":{"rendered":"Orta Do\u011fu sava\u015f\u0131: \u0130ran m\u00fczakere etmek isterse ABD&#8217;yi arayabilir \u2013 Trump"},"content":{"rendered":"<p>ABD Ba\u015fkan\u0131 Donald Trump, \u0130ran&#8217;\u0131n Orta Do\u011fu&#8217;daki sava\u015f\u0131 sona erdirmek i\u00e7in m\u00fczakere etmek istemesi halinde ABD ile ileti\u015fime ge\u00e7ebilece\u011fini s\u00f6yledi. Trump bu a\u00e7\u0131klamay\u0131 Fox News&#8217;in &#8220;The Sunday Briefing&#8221; program\u0131na verdi\u011fi r\u00f6portajda yapt\u0131. &#8220;Konu\u015fmak isterlerse bize gelebilirler veya bizi arayabilirler. Biliyorsunuz bir telefon var. G\u00fczel, g\u00fcvenli hatlar\u0131m\u0131z var,&#8221; dedi. Trump, \u0130ran sava\u015f\u0131n\u0131n &#8220;\u00e7ok yak\u0131nda&#8221; sona erece\u011fine ve ABD&#8217;nin galip gelece\u011fine inand\u0131\u011f\u0131n\u0131 belirtti. ABD Ba\u015fkan\u0131, &#8220;\u015eu anda \u0130ran&#8217;da muhatap oldu\u011fumuz baz\u0131 ki\u015filer \u00e7ok makul, di\u011ferleri ise de\u011fil. Umar\u0131m \u0130ran ak\u0131ll\u0131 davran\u0131r,&#8221; ifadelerini kulland\u0131. Bu arada, \u0130ran D\u0131\u015fi\u015fleri Bakan\u0131 Abbas Araghchi ve Suudi mevkida\u015f\u0131 Faysal bin Ferhan Al Suud, telefon g\u00f6r\u00fc\u015fmesinde son b\u00f6lgesel ve diplomatik geli\u015fmeleri de\u011ferlendirdi. Suudi Arabistan&#8217;\u0131n Telegram Kanal\u0131&#8217;ndan yap\u0131lan a\u00e7\u0131klamada: &#8220;Bu g\u00f6r\u00fc\u015fmede, \u00fclkemizin d\u0131\u015fi\u015fleri bakan\u0131 b\u00f6lgedeki mevcut durumun \u00e7e\u015fitli y\u00f6nlerini, \u00f6zellikle ate\u015fkesle ilgili geli\u015fmeleri a\u00e7\u0131klad\u0131 ve Suudi mevkida\u015f\u0131n\u0131 sava\u015f\u0131 sona erdirmek ve gerilimi azaltmak i\u00e7in \u0130ran \u0130slam Cumhuriyeti&#8217;nin son \u00e7abalar\u0131 ve diplomatik hamleleri hakk\u0131nda bilgilendirdi,&#8221; denildi.<br \/>\n#Trump #\u0130ran #ABD #OrtaDo\u011fuSava\u015f\u0131 #M\u00fczakereler #Diplomasi #SuudiArabistan #Ate\u015fkes #B\u00f6lgeselGerilim #D\u0131\u015fPolitika<\/p>\n","protected":false},"excerpt":{"rendered":"<p>ABD Ba\u015fkan\u0131 Donald Trump, \u0130ran&#8217;\u0131n Orta Do\u011fu&#8217;daki sava\u015f\u0131 sona erdirmek i\u00e7in m\u00fczakere etmek istemesi halinde ABD ile ileti\u015fime ge\u00e7ebilece\u011fini s\u00f6yledi. Trump bu a\u00e7\u0131klamay\u0131 Fox News&#8217;in &#8220;The Sunday Briefing&#8221; program\u0131na verdi\u011fi r\u00f6portajda yapt\u0131. &#8220;Konu\u015fmak isterlerse bize gelebilirler veya bizi arayabilirler. Biliyorsunuz bir telefon var. G\u00fczel, g\u00fcvenli hatlar\u0131m\u0131z var,&#8221; dedi. Trump, \u0130ran sava\u015f\u0131n\u0131n &#8220;\u00e7ok yak\u0131nda&#8221; sona erece\u011fine [&hellip;]<\/p>\n","protected":false},"author":2,"featured_media":10517,"comment_status":"open","ping_status":"open","sticky":false,"template":"","format":"standard","meta":{"footnotes":""},"categories":[37],"tags":[],"class_list":["post-10516","post","type-post","status-publish","format-standard","has-post-thumbnail","hentry","category-orta-dogu-haberleri"],"_links":{"self":[{"href":"https:\/\/fajr.news\/index.php?rest_route=\/wp\/v2\/posts\/10516","targetHints":{"allow":["GET"]}}],"collection":[{"href":"https:\/\/fajr.news\/index.php?rest_route=\/wp\/v2\/posts"}],"about":[{"href":"https:\/\/fajr.news\/index.php?rest_route=\/wp\/v2\/types\/post"}],"author":[{"embeddable":true,"href":"https:\/\/fajr.news\/index.php?rest_route=\/wp\/v2\/users\/2"}],"replies":[{"embeddable":true,"href":"https:\/\/fajr.news\/index.php?rest_route=%2Fwp%2Fv2%2Fcomments&post=10516"}],"version-history":[{"count":0,"href":"https:\/\/fajr.news\/index.php?rest_route=\/wp\/v2\/posts\/10516\/revisions"}],"wp:featuredmedia":[{"embeddable":true,"href":"https:\/\/fajr.news\/index.php?rest_route=\/wp\/v2\/media\/10517"}],"wp:attachment":[{"href":"https:\/\/fajr.news\/index.php?rest_route=%2Fwp%2Fv2%2Fmedia&parent=10516"}],"wp:term":[{"taxonomy":"category","embeddable":true,"href":"https:\/\/fajr.news\/index.php?rest_route=%2Fwp%2Fv2%2Fcategories&post=10516"},{"taxonomy":"post_tag","embeddable":true,"href":"https:\/\/fajr.news\/index.php?rest_route=%2Fwp%2Fv2%2Ftags&post=10516"}],"curies":[{"name":"wp","href":"https:\/\/api.w.org\/{rel}","templated":true}]}}