{"id":10511,"date":"2026-04-27T11:40:17","date_gmt":"2026-04-27T08:10:17","guid":{"rendered":"https:\/\/fajr.news\/?p=10511"},"modified":"2026-04-27T11:40:17","modified_gmt":"2026-04-27T08:10:17","slug":"lubnanda-sasirtan-oncelikler-hizbullah-dokunulmaz-kalirken-jenerator-sahibine-operasyon","status":"publish","type":"post","link":"https:\/\/fajr.news\/?p=10511&lang=tr","title":{"rendered":"L\u00fcbnan&#8217;da \u015ea\u015f\u0131rtan \u00d6ncelikler: Hizbullah Dokunulmaz Kal\u0131rken, &#8216;Jenerat\u00f6r Sahibine&#8217; Operasyon"},"content":{"rendered":"<h1>L\u00fcbnan&#8217;da \u015ea\u015f\u0131rtan \u00d6ncelikler: Hizbullah Dokunulmaz Kal\u0131rken, &#8216;Jenerat\u00f6r Sahibine&#8217; Operasyon<\/h1>\n<p>L\u00fcbnan Ba\u015fbakan\u0131 <strong>Nawaf Salam<\/strong>, 25 Nisan&#8217;da, &#8220;yasa d\u0131\u015f\u0131 elektrik jenerat\u00f6rleriyle&#8221; ili\u015fkili oldu\u011fu iddia edilen bir ki\u015finin g\u00f6zalt\u0131na al\u0131nmas\u0131nda g\u00fcvenlik g\u00fc\u00e7lerinin a\u015f\u0131r\u0131 sert yakla\u015f\u0131m\u0131n\u0131 ele\u015ftirdi. Bu olay, \u00fclkedeki g\u00fcvenlik ve adalet anlay\u0131\u015f\u0131na dair ciddi sorular\u0131 g\u00fcndeme getirdi.<\/p>\n<p>G\u00f6r\u00fcnen o ki, L\u00fcbnan g\u00fcvenlik g\u00fc\u00e7leri <strong>Hizbullah<\/strong>&#8216;\u0131 silahs\u0131zland\u0131rmaya yana\u015fmazken, s\u00f6z konusu di\u011fer vatanda\u015flar oldu\u011funda, \u00f6zellikle de Hizbullah ile ba\u011flant\u0131s\u0131 olmayan S\u00fcnni veya Hristiyan b\u00f6lgelerde, g\u00fc\u00e7 kullanmaktan \u00e7ekinmiyor. Bu durum, devletin g\u00fcvenlik \u00f6nceliklerinde belirgin bir \u00e7ifte standart oldu\u011funu ortaya koyuyor.<\/p>\n<p>Salam, <strong>Saqiet al-Janzir Meydan\u0131<\/strong>&#8216;nda ya\u015fananlar\u0131 de\u011ferlendirirken, &#8220;g\u00fcvenlik birimlerinden baz\u0131 \u00fcyelerin sivillere y\u00f6nelik \u015fiddeti, silah sesleri ve vatanda\u015flar\u0131n ter\u00f6rize edilmesi, nedenleri veya bahaneleri ne olursa olsun kabul edilemez eylemlerdir&#8221; ifadelerini kulland\u0131. L\u00fcbnan&#8217;\u0131n LBC kanal\u0131n\u0131n haberine g\u00f6re, bu olaylar kamuoyunda b\u00fcy\u00fck tepki toplad\u0131.<\/p>\n<p>Ba\u015fbakan, olaylar\u0131n t\u00fcm y\u00f6nleriyle ayd\u0131nlat\u0131lmas\u0131 ve sorumlular hakk\u0131nda gerekli disiplin ve yarg\u0131sal tedbirlerin al\u0131nmas\u0131 i\u00e7in derhal soru\u015fturma ba\u015flat\u0131lmas\u0131 y\u00f6n\u00fcnde kesin talimatlar verdi\u011fini belirtti. Ancak bu t\u00fcr olaylar\u0131n tekrarlanmas\u0131, devlet kurumlar\u0131n\u0131n i\u00e7indeki sorunlar\u0131n derinli\u011fini g\u00f6zler \u00f6n\u00fcne seriyor.<\/p>\n<p>Bu arada, L\u00fcbnan Devlet G\u00fcvenlik Genel M\u00fcd\u00fcrl\u00fc\u011f\u00fc, 18\/4\/2026 tarihli \u00f6nceki a\u00e7\u0131klamas\u0131na at\u0131fta bulunarak, ekonomik g\u00fcvenli\u011fi etkileyen ihlalleri bast\u0131rma \u00e7abalar\u0131n\u0131n devam\u0131 niteli\u011finde bir a\u00e7\u0131klama yapt\u0131. A\u00e7\u0131klamada, Beyrut \u015fehir i\u00e7inde yasa d\u0131\u015f\u0131 elektrik jenerat\u00f6rleri sahiplerinden birinin \u0130stihbarat ve \u00d6zel Operasyonlar M\u00fcd\u00fcrl\u00fc\u011f\u00fc binas\u0131nda adli i\u015flemleri tamamlamak \u00fczere gelmemesi \u00fczerine, Mali Savc\u0131l\u0131\u011f\u0131n getirme emriyle bir devriyenin adli emri yerine getirmek \u00fczere harekete ge\u00e7ti\u011fi belirtildi. Ancak devriyenin, g\u00f6revini yapmas\u0131n\u0131 engelleyen bir grup vatanda\u015fla kar\u015f\u0131la\u015ft\u0131\u011f\u0131 ve baz\u0131 memurlar\u0131n onlar\u0131 da\u011f\u0131tmak i\u00e7in havaya ate\u015f a\u00e7mak zorunda kald\u0131\u011f\u0131, olayda kimsenin yaralanmad\u0131\u011f\u0131 ifade edildi. Bu a\u00e7\u0131klama, g\u00fcvenlik g\u00fc\u00e7lerinin orant\u0131s\u0131z g\u00fc\u00e7 kullan\u0131m\u0131n\u0131 me\u015frula\u015ft\u0131rma \u00e7abas\u0131 olarak yorumland\u0131.<\/p>\n<p>Olayla ilgili \u00e7evrimi\u00e7i yay\u0131nlanan videolar, g\u00fcvenlik g\u00fc\u00e7leriyle ya\u015fanan \u00e7at\u0131\u015fmalar\u0131 net bir \u015fekilde g\u00f6sterdi. Haberlerde silah sesleri duyuldu\u011fu belirtilirken, L\u00fcbnanl\u0131 bir gazeteci, &#8220;kimsenin hukukun \u00fcst\u00fcnde olmad\u0131\u011f\u0131n\u0131, ancak ger\u00e7ekle\u015fen bask\u0131n\u0131n, sakinleri korkutmak amac\u0131yla e\u015flik eden yo\u011funluk ve silah seslerinin, &#8216;jenerat\u00f6r fiyatland\u0131rmas\u0131yla&#8217; ilgili iddia edilen ihlalin niteli\u011fiyle \u00f6rt\u00fc\u015fmedi\u011fini&#8221; yazd\u0131. Gazeteci, bu t\u00fcr bir yakla\u015f\u0131m yerine valilikler ve Ekonomi Bakanl\u0131\u011f\u0131 arac\u0131l\u0131\u011f\u0131yla izlenmesi gereken yasal ve idari \u00e7er\u00e7eveler bulundu\u011funu vurgulad\u0131. Bu durum, devletin keyfi uygulamalar\u0131n\u0131 ve halk \u00fczerindeki bask\u0131s\u0131n\u0131 g\u00f6zler \u00f6n\u00fcne seriyor.<\/p>\n<h2>Tart\u0131\u015fmal\u0131 G\u00fcvenlik Operasyonu ve Halk\u0131n Tepkisi<\/h2>\n<p>L\u00fcbnan&#8217;a odaklanan &#8220;This Is Beirut&#8221; adl\u0131 yay\u0131n, Cumartesi g\u00fcn\u00fc Beyrut&#8217;un S\u00fcnni \u00e7o\u011funluklu b\u00f6lgesi <strong>Saqiet al-Janzir<\/strong>&#8216;de ya\u015fanan \u015fiddetli \u00e7at\u0131\u015fman\u0131n, \u00f6zel bir jenerat\u00f6r sahibini hedef alan tart\u0131\u015fmal\u0131 bir g\u00fcvenlik operasyonunun ard\u0131ndan ba\u015fkent genelinde kamuoyunda infial ve protesto dalgas\u0131na yol a\u00e7t\u0131\u011f\u0131n\u0131 kaydetti. Bu olay, L\u00fcbnan&#8217;\u0131n i\u00e7 dinamiklerinde derin yaralar a\u00e7maya devam ediyor.<\/p>\n<p>\u0130ran yanl\u0131s\u0131 <strong>Al-Akhbar<\/strong> medyas\u0131, S\u00fcnni k\u00f6kenli Ba\u015fbakan Salam&#8217;\u0131n devlet g\u00fcvenli\u011fini &#8220;sald\u0131r\u0131ya u\u011fratt\u0131\u011f\u0131n\u0131&#8221; bildirmekten memnuniyet duydu. Bu durum, <strong>Hizbullah<\/strong> i\u00e7in memnuniyet verici bir geli\u015fme olarak yorumland\u0131. 1989 Taif Anla\u015fmas\u0131&#8217;ndan bu yana L\u00fcbnan ba\u015fbakanl\u0131k makam\u0131 her zaman bir S\u00fcnni taraf\u0131ndan y\u00fcr\u00fct\u00fclm\u00fc\u015ft\u00fcr ve bu makam \u00fclkedeki en g\u00fc\u00e7l\u00fc makamd\u0131r. Esasen, g\u00fcvenlik g\u00fc\u00e7lerinin S\u00fcnnilere sald\u0131rmas\u0131 ve ba\u015fbakan\u0131n g\u00fcvenlik g\u00fc\u00e7leriyle \u00e7at\u0131\u015fmas\u0131, Hizbullah&#8217;\u0131n \u00fczerindeki bask\u0131y\u0131 ve silahs\u0131zland\u0131r\u0131lmas\u0131 y\u00f6n\u00fcndeki talepleri azaltacakt\u0131r. G\u00fcvenlik g\u00fc\u00e7leri, S\u00fcnni b\u00f6lgelerini kolay bir hedef olarak g\u00f6r\u00fcyor gibi g\u00f6r\u00fcn\u00fcyor, bu da \u00fclkedeki mezhepsel gerilimleri k\u00f6r\u00fckl\u00fcyor.<\/p>\n<p>Yasa d\u0131\u015f\u0131 bir jenerat\u00f6r sahibine kar\u015f\u0131 sert y\u00f6ntemler kullanmaktan, hatta silahl\u0131 \u015fiddete ba\u015fvurmaktan \u00e7ekinmeyen g\u00fcvenlik g\u00fc\u00e7leri, <strong>Hizbullah<\/strong>&#8216;\u0131n f\u00fcze cephaneli\u011fi ve yasa d\u0131\u015f\u0131 silahlar\u0131na kar\u015f\u0131 benzer bir operasyon d\u00fczenlemiyor. Bu \u00e7ifte standart, L\u00fcbnan&#8217;da hukukun \u00fcst\u00fcnl\u00fc\u011f\u00fc ve adaletin ne kadar se\u00e7ici uyguland\u0131\u011f\u0131n\u0131 a\u00e7\u0131k\u00e7a g\u00f6steriyor.<\/p>\n<p>Uluslararas\u0131 toplumun <strong>Hizbullah<\/strong>&#8216;\u0131 silahs\u0131zland\u0131rma bask\u0131s\u0131 alt\u0131ndaki L\u00fcbnan&#8217;da, bu olay Beyrut y\u00f6netiminin S\u00fcnnilere kar\u015f\u0131 g\u00fc\u00e7 kullanmaya ve s\u0131radan, d\u00fc\u015f\u00fck seviyeli su\u00e7lar i\u00e7in insanlar\u0131 tutuklamaya istekli oldu\u011funu, ancak Hizbullah&#8217;\u0131n \u00fczerine gitmedi\u011fini g\u00f6zler \u00f6n\u00fcne seriyor. Bu durum, L\u00fcbnan devletinin egemenlik ve ba\u011f\u0131ms\u0131zl\u0131k iddialar\u0131n\u0131 zay\u0131flat\u0131yor.<\/p>\n<h2>B\u00f6lgesel Diplomaside Yeni Geli\u015fmeler<\/h2>\n<p>Bu arada, L\u00fcbnanl\u0131 D\u00fcrzi siyaset\u00e7i <strong>Walid Jumblatt<\/strong>, Suriye Devlet Ba\u015fkan\u0131 <strong>Ahmad al-Sharaa<\/strong> ile bir araya geldi. Suudi Arabistan da L\u00fcbnan&#8217;a ve Cumhurba\u015fkan\u0131 <strong>Joseph Aoun<\/strong>&#8216;a deste\u011fini yineledi. Bu g\u00f6r\u00fc\u015fmeler, b\u00f6lgedeki siyasi dengelerin yeniden \u015fekillendi\u011fi bir d\u00f6neme i\u015faret ediyor.<\/p>\n<p>Ayr\u0131ca, LBC, L\u00fcbnan milletvekili <strong>Nadim Gemayel<\/strong>&#8216;in Doha&#8217;y\u0131 ziyaret ederek Katar Ba\u015fbakan\u0131 ve D\u0131\u015fi\u015fleri Bakan\u0131 <strong>\u015eeyh Mohammed bin Abdulrahman bin Jassim Al Thani<\/strong> ile g\u00f6r\u00fc\u015ft\u00fc\u011f\u00fcn\u00fc bildirdi.<\/p>\n<p>Rapora g\u00f6re, g\u00f6r\u00fc\u015fmede Gemayel, son geli\u015fmeler \u0131\u015f\u0131\u011f\u0131nda Katar Devleti ile dayan\u0131\u015fmas\u0131n\u0131 ifade etti. \u0130ki \u00fclke aras\u0131ndaki ikili ili\u015fkilerin yan\u0131 s\u0131ra L\u00fcbnan&#8217;daki genel durum ve b\u00f6lgesel geli\u015fmeler de ele al\u0131nd\u0131. G\u00f6r\u00fc\u015fmelerde ayr\u0131ca L\u00fcbnan&#8217;da istikrar\u0131n desteklenmesi ve \u00f6zellikle g\u00fcvenlik ve idari sekt\u00f6rlerde kurumlar\u0131n\u0131n g\u00fc\u00e7lendirilmesi yollar\u0131 da konu\u015fuldu. L\u00fcbnan&#8217;\u0131n \u00f6nemli bir Hristiyan siyasi ailesinden gelen Gemayel&#8217;in bu temaslar\u0131, \u00fclkenin d\u0131\u015f ili\u015fkilerindeki \u00e7e\u015fitlili\u011fi g\u00f6steriyor.<\/p>\n<p>Haberde, Gemayel&#8217;in s\u0131cak kar\u015f\u0131lamadan duydu\u011fu memnuniyeti dile getirerek, Katar Devleti&#8217;nin b\u00f6lgesel ve uluslararas\u0131 d\u00fczeydeki rol\u00fcn\u00fc takdir etti\u011fini ve b\u00fcy\u00fck etkinlikleri y\u00f6netme ve d\u00fczenlemedeki ba\u015far\u0131lar\u0131n\u0131 \u00f6vd\u00fc\u011f\u00fc belirtildi. Ayr\u0131ca, L\u00fcbnan&#8217;\u0131n \u00e7\u0131karlar\u0131na ve istikrar\u0131na hizmet edecek \u015fekilde \u00f6n\u00fcm\u00fczdeki d\u00f6nemde ileti\u015fimin ve koordinasyonun devam etmesinin \u00f6nemini vurgulad\u0131. Bu t\u00fcr diplomatik \u00e7abalar, L\u00fcbnan&#8217;\u0131n i\u00e7inde bulundu\u011fu karma\u015f\u0131k durumdan \u00e7\u0131k\u0131\u015f yollar\u0131 aray\u0131\u015f\u0131n\u0131n bir par\u00e7as\u0131 olarak de\u011ferlendirilebilir.<\/p>\n<p>#L\u00fcbnan #Hizbullah #G\u00fcvenlikG\u00fc\u00e7leri #\u00c7ifteStandart #Beyrut #EkonomikKriz #SiyasiGerilim #NawafSalam #OrtaDo\u011fu #Adalet<\/p>\n","protected":false},"excerpt":{"rendered":"<p>L\u00fcbnan&#8217;da \u015ea\u015f\u0131rtan \u00d6ncelikler: Hizbullah Dokunulmaz Kal\u0131rken, &#8216;Jenerat\u00f6r Sahibine&#8217; Operasyon L\u00fcbnan Ba\u015fbakan\u0131 Nawaf Salam, 25 Nisan&#8217;da, &#8220;yasa d\u0131\u015f\u0131 elektrik jenerat\u00f6rleriyle&#8221; ili\u015fkili oldu\u011fu iddia edilen bir ki\u015finin g\u00f6zalt\u0131na al\u0131nmas\u0131nda g\u00fcvenlik g\u00fc\u00e7lerinin a\u015f\u0131r\u0131 sert yakla\u015f\u0131m\u0131n\u0131 ele\u015ftirdi. Bu olay, \u00fclkedeki g\u00fcvenlik ve adalet anlay\u0131\u015f\u0131na dair ciddi sorular\u0131 g\u00fcndeme getirdi. G\u00f6r\u00fcnen o ki, L\u00fcbnan g\u00fcvenlik g\u00fc\u00e7leri Hizbullah&#8216;\u0131 silahs\u0131zland\u0131rmaya yana\u015fmazken, s\u00f6z [&hellip;]<\/p>\n","protected":false},"author":2,"featured_media":0,"comment_status":"open","ping_status":"open","sticky":false,"template":"","format":"standard","meta":{"footnotes":""},"categories":[37],"tags":[],"class_list":["post-10511","post","type-post","status-publish","format-standard","hentry","category-orta-dogu-haberleri"],"_links":{"self":[{"href":"https:\/\/fajr.news\/index.php?rest_route=\/wp\/v2\/posts\/10511","targetHints":{"allow":["GET"]}}],"collection":[{"href":"https:\/\/fajr.news\/index.php?rest_route=\/wp\/v2\/posts"}],"about":[{"href":"https:\/\/fajr.news\/index.php?rest_route=\/wp\/v2\/types\/post"}],"author":[{"embeddable":true,"href":"https:\/\/fajr.news\/index.php?rest_route=\/wp\/v2\/users\/2"}],"replies":[{"embeddable":true,"href":"https:\/\/fajr.news\/index.php?rest_route=%2Fwp%2Fv2%2Fcomments&post=10511"}],"version-history":[{"count":0,"href":"https:\/\/fajr.news\/index.php?rest_route=\/wp\/v2\/posts\/10511\/revisions"}],"wp:attachment":[{"href":"https:\/\/fajr.news\/index.php?rest_route=%2Fwp%2Fv2%2Fmedia&parent=10511"}],"wp:term":[{"taxonomy":"category","embeddable":true,"href":"https:\/\/fajr.news\/index.php?rest_route=%2Fwp%2Fv2%2Fcategories&post=10511"},{"taxonomy":"post_tag","embeddable":true,"href":"https:\/\/fajr.news\/index.php?rest_route=%2Fwp%2Fv2%2Ftags&post=10511"}],"curies":[{"name":"wp","href":"https:\/\/api.w.org\/{rel}","templated":true}]}}