{"id":10465,"date":"2026-04-27T10:30:15","date_gmt":"2026-04-27T07:00:15","guid":{"rendered":"https:\/\/fajr.news\/?p=10465"},"modified":"2026-04-27T10:30:15","modified_gmt":"2026-04-27T07:00:15","slug":"israil-ve-hizbullahtan-lubnan-ateskesi-ihlalleri-konusunda-karsilikli-suclamalar","status":"publish","type":"post","link":"https:\/\/fajr.news\/?p=10465&lang=tr","title":{"rendered":"\u0130srail ve Hizbullah&#8217;tan L\u00fcbnan Ate\u015fkesi \u0130hlalleri Konusunda Kar\u015f\u0131l\u0131kl\u0131 Su\u00e7lamalar"},"content":{"rendered":"<p>\u0130srail ve Hizbullah, pazar g\u00fcn\u00fc L\u00fcbnan&#8217;daki k\u0131r\u0131lgan ate\u015fkesin ihlalleri konusunda kar\u015f\u0131l\u0131kl\u0131 su\u00e7lamalarda bulunurken, Ba\u015fbakan Binyamin Netanyahu ordunun \u0130ran destekli milisleri \u201c\u015fiddetle\u201d hedef ald\u0131\u011f\u0131n\u0131 ve her iki taraf\u0131n da yeni sald\u0131r\u0131lar d\u00fczenledi\u011fini iddia etti.<br \/>\nBu su\u00e7lamalar, d\u00fc\u015fmanlar\u0131n g\u00fcney L\u00fcbnan&#8217;da yeni sald\u0131r\u0131lar d\u00fczenlediklerini belirtmeleriyle geldi; \u0130srail&#8217;in uyar\u0131lar\u0131 ve sald\u0131r\u0131lar\u0131ndan ka\u00e7mak i\u00e7in kuzeye do\u011fru yo\u011fun trafikte ilerleyen sakinlere dair raporlar varken, \u0130srail ordusu bir askerinin \u00f6ld\u00fcr\u00fcld\u00fc\u011f\u00fcn\u00fc bildirdi.<br \/>\nTahran destekli Hizbullah, 2 Mart&#8217;ta ABD-\u0130srail sald\u0131r\u0131lar\u0131nda \u0130ran&#8217;\u0131n \u00fcst d\u00fczey lideri Ali Hamenei&#8217;nin \u00f6l\u00fcm\u00fcn\u00fcn intikam\u0131n\u0131 almak i\u00e7in \u0130srail&#8217;e roketler f\u0131rlatarak L\u00fcbnan&#8217;\u0131 Orta Do\u011fu sava\u015f\u0131na s\u00fcr\u00fcklemi\u015f, \u0130srail de sald\u0131r\u0131lar ve kara i\u015fgaliyle kar\u015f\u0131l\u0131k vermi\u015fti.<br \/>\nAncak bu ay\u0131n ba\u015flar\u0131nda \u00fczerinde anla\u015f\u0131lan 10 g\u00fcnl\u00fck ate\u015fkesi her iki taraf\u0131n da ihlal etti\u011fine dair iddialar, ABD Ba\u015fkan\u0131 Donald Trump&#8217;\u0131n per\u015fembe g\u00fcn\u00fc ate\u015fkesin \u00fc\u00e7 hafta uzat\u0131ld\u0131\u011f\u0131n\u0131 duyurmas\u0131n\u0131n ard\u0131ndan bile devam etti.<br \/>\nNetanyahu, haftal\u0131k kabine toplant\u0131s\u0131nda, \u201cHizbullah&#8217;\u0131n ihlalleri, pratikte ate\u015fkesi ortadan kald\u0131r\u0131yor\u201d dedi.<br \/>\n\u201cAmerika Birle\u015fik Devletleri ile var\u0131lan anla\u015fmalar ve tesad\u00fcfen L\u00fcbnan ile de var\u0131lan anla\u015fmalar do\u011frultusunda \u015fiddetle hareket ediyoruz.\u201d<br \/>\nHizbullah pazar g\u00fcn\u00fc yapt\u0131\u011f\u0131 birka\u00e7 a\u00e7\u0131klamada, sava\u015f\u00e7\u0131lar\u0131n\u0131n \u0130srail&#8217;in ate\u015fkes ihlallerine ve L\u00fcbnan k\u00f6ylerine y\u00f6nelik sald\u0131r\u0131lar\u0131na yan\u0131t olarak \u0130srail birliklerini ve mevzilerini hedef ald\u0131\u011f\u0131n\u0131 ve sald\u0131r\u0131lar\u0131 s\u00fcrd\u00fcrme s\u00f6z\u00fc verdi\u011fini belirtti.<br \/>\nBir a\u00e7\u0131klamada, \u201cD\u00fc\u015fman\u0131n devam eden ate\u015fkes ihlalleri&#8230; ve her \u015feyden \u00f6nce L\u00fcbnan topraklar\u0131n\u0131 i\u015fgal etmeye devam etmesi ve egemenli\u011fini ihlal etmesi, topraklar\u0131n\u0131 ve halk\u0131n\u0131 savunmak i\u00e7in bir yan\u0131t ve direni\u015fle kar\u015f\u0131lanacakt\u0131r\u201d denildi.<br \/>\n\u0130srail ordusu pazar ak\u015fam\u0131 yapt\u0131\u011f\u0131 a\u00e7\u0131klamada, g\u00fcney L\u00fcbnan&#8217;da \u201c\u00e7at\u0131\u015fma s\u0131ras\u0131nda\u201d bir askerinin \u00f6ld\u00fcr\u00fcld\u00fc\u011f\u00fcn\u00fc ve alt\u0131s\u0131n\u0131n yaraland\u0131\u011f\u0131n\u0131, bunlardan d\u00f6rd\u00fcn\u00fcn durumunun a\u011f\u0131r oldu\u011funu bildirdi.<br \/>\nDaha \u00f6nce \u0130srail ordusu, g\u00fcney L\u00fcbnan&#8217;daki yedi k\u00f6y\u00fcn sakinleri i\u00e7in tahliye emirleri yay\u0131nlam\u0131\u015f ve Hizbullah ihlalleri olarak adland\u0131rd\u0131\u011f\u0131 olaylar\u0131n ard\u0131ndan \u201ckararl\u0131 eylem\u201d s\u00f6z\u00fc vermi\u015fti.<br \/>\nK\u0131sa bir s\u00fcre sonra, L\u00fcbnan Ulusal Haber Ajans\u0131, \u0130srail sava\u015f u\u00e7aklar\u0131n\u0131n k\u00f6ylerden biri olan Kfar Tibnit&#8217;e \u201csald\u0131r\u0131 d\u00fczenledi\u011fini\u201d ve can kayb\u0131na neden oldu\u011funu bildirdi.<br \/>\nHaber ajans\u0131, i\u015faretlenen k\u00f6ylerden bir di\u011feri olan Zawtar al-Sharqiyah&#8217;a d\u00fczenlenen \u0130srail sald\u0131r\u0131s\u0131n\u0131n bir camiyi ve ba\u015fka bir dini binay\u0131 y\u0131kt\u0131\u011f\u0131n\u0131 belirtti.<br \/>\nDaha \u00f6nce ise orada bir \u0130srail \u201cinsans\u0131z hava arac\u0131n\u0131n bir motosiklete \u00e7arpt\u0131\u011f\u0131n\u0131\u201d s\u00f6ylemi\u015fti.<br \/>\nBir\u00e7ok s\u0131n\u0131r k\u00f6y\u00fcnde de top\u00e7u ate\u015fi rapor edildi\u011fi belirtildi.<br \/>\nBa\u015fka yerlerde ise \u0130srail sald\u0131r\u0131lar\u0131n\u0131n ard\u0131ndan Nabatieh al-Fawqa ve di\u011fer bir\u00e7ok b\u00f6lgenin \u00fczerinde gri duman bulutlar\u0131 y\u00fckseldi.<br \/>\n\u0130srail ordusu, pazar g\u00fcnk\u00fc operasyonlar\u0131nda \u201croket f\u0131rlatan ter\u00f6r h\u00fccrelerini ve silah depolama tesislerini\u201d vurdu\u011funu s\u00f6yledi.<br \/>\nDaha \u00f6nce ise Hizbullah taraf\u0131ndan \u201cileri savunma hatt\u0131n\u0131n\u201d \u2013s\u00f6zde sar\u0131 \u00e7izginin\u2013 kuzeyinde kullan\u0131lan \u201cter\u00f6ristleri ve askeri altyap\u0131 tesislerini hedef alan top\u00e7u ve hava sald\u0131r\u0131lar\u0131\u201d d\u00fczenlemi\u015fti.<br \/>\nNetanyahu&#8217;nun a\u00e7\u0131klamalar\u0131ndan k\u0131sa bir s\u00fcre sonra ordu, \u0130srail topraklar\u0131na do\u011fru ilerleyen \u00fc\u00e7 insans\u0131z hava arac\u0131n\u0131 engelledi\u011fini bildirdi.<br \/>\nYak\u0131n zamanda uzat\u0131lan ate\u015fkesin \u015fartlar\u0131na g\u00f6re, \u0130srail \u201cplanl\u0131, yak\u0131n veya devam eden sald\u0131r\u0131lara\u201d yan\u0131t verme hakk\u0131n\u0131 sakl\u0131 tutuyor ve g\u00fcney L\u00fcbnan&#8217;daki hedefleri neredeyse her g\u00fcn vuruyor.<br \/>\nNetanyahu, \u201cBu, sadece sald\u0131r\u0131lara yan\u0131t vermekle kalmay\u0131p&#8230; ayn\u0131 zamanda acil tehditleri ve hatta ortaya \u00e7\u0131kan tehditleri \u00f6nlemek i\u00e7in de eylem \u00f6zg\u00fcrl\u00fc\u011f\u00fc anlam\u0131na geliyor\u201d dedi.<br \/>\nL\u00fcbnan Sa\u011fl\u0131k Bakanl\u0131\u011f\u0131, 2 Mart&#8217;ta sava\u015f\u0131n ba\u015flamas\u0131ndan bu yana \u0130srail sald\u0131r\u0131lar\u0131nda \u00f6lenlerin say\u0131s\u0131n\u0131 2.509&#8217;a, yaral\u0131 say\u0131s\u0131n\u0131 ise 7.755&#8217;e y\u00fckseltti.<br \/>\nBirle\u015fmi\u015f Milletler&#8217;in UNIFIL bar\u0131\u015f g\u00fcc\u00fc, ge\u00e7en ay g\u00fcney L\u00fcbnan&#8217;da bir patlamada yaraland\u0131ktan sonra cuma g\u00fcn\u00fc hayat\u0131n\u0131 kaybeden Endonezyal\u0131 bir bar\u0131\u015f g\u00fcc\u00fc askeri i\u00e7in Beyrut&#8217;ta bir anma t\u00f6reni d\u00fczenledi\u011fini bildirdi.<br \/>\nBM&#8217;nin \u00f6n soru\u015fturmas\u0131, patlamaya bir \u0130srail tank mermisinin neden oldu\u011funu tespit etti.<br \/>\nAFP ile<br \/>\n#\u0130srail #Hizbullah #L\u00fcbnan #Ate\u015fkes\u0130hlali #OrtaDo\u011fu #Sava\u015f #Netanyahu #G\u00fcneyL\u00fcbnan #Gerilim #BM<\/p>\n","protected":false},"excerpt":{"rendered":"<p>\u0130srail ve Hizbullah, pazar g\u00fcn\u00fc L\u00fcbnan&#8217;daki k\u0131r\u0131lgan ate\u015fkesin ihlalleri konusunda kar\u015f\u0131l\u0131kl\u0131 su\u00e7lamalarda bulunurken, Ba\u015fbakan Binyamin Netanyahu ordunun \u0130ran destekli milisleri \u201c\u015fiddetle\u201d hedef ald\u0131\u011f\u0131n\u0131 ve her iki taraf\u0131n da yeni sald\u0131r\u0131lar d\u00fczenledi\u011fini iddia etti. Bu su\u00e7lamalar, d\u00fc\u015fmanlar\u0131n g\u00fcney L\u00fcbnan&#8217;da yeni sald\u0131r\u0131lar d\u00fczenlediklerini belirtmeleriyle geldi; \u0130srail&#8217;in uyar\u0131lar\u0131 ve sald\u0131r\u0131lar\u0131ndan ka\u00e7mak i\u00e7in kuzeye do\u011fru yo\u011fun trafikte ilerleyen sakinlere [&hellip;]<\/p>\n","protected":false},"author":2,"featured_media":10466,"comment_status":"open","ping_status":"open","sticky":false,"template":"","format":"standard","meta":{"footnotes":""},"categories":[37],"tags":[],"class_list":["post-10465","post","type-post","status-publish","format-standard","has-post-thumbnail","hentry","category-orta-dogu-haberleri"],"_links":{"self":[{"href":"https:\/\/fajr.news\/index.php?rest_route=\/wp\/v2\/posts\/10465","targetHints":{"allow":["GET"]}}],"collection":[{"href":"https:\/\/fajr.news\/index.php?rest_route=\/wp\/v2\/posts"}],"about":[{"href":"https:\/\/fajr.news\/index.php?rest_route=\/wp\/v2\/types\/post"}],"author":[{"embeddable":true,"href":"https:\/\/fajr.news\/index.php?rest_route=\/wp\/v2\/users\/2"}],"replies":[{"embeddable":true,"href":"https:\/\/fajr.news\/index.php?rest_route=%2Fwp%2Fv2%2Fcomments&post=10465"}],"version-history":[{"count":0,"href":"https:\/\/fajr.news\/index.php?rest_route=\/wp\/v2\/posts\/10465\/revisions"}],"wp:featuredmedia":[{"embeddable":true,"href":"https:\/\/fajr.news\/index.php?rest_route=\/wp\/v2\/media\/10466"}],"wp:attachment":[{"href":"https:\/\/fajr.news\/index.php?rest_route=%2Fwp%2Fv2%2Fmedia&parent=10465"}],"wp:term":[{"taxonomy":"category","embeddable":true,"href":"https:\/\/fajr.news\/index.php?rest_route=%2Fwp%2Fv2%2Fcategories&post=10465"},{"taxonomy":"post_tag","embeddable":true,"href":"https:\/\/fajr.news\/index.php?rest_route=%2Fwp%2Fv2%2Ftags&post=10465"}],"curies":[{"name":"wp","href":"https:\/\/api.w.org\/{rel}","templated":true}]}}