{"id":10443,"date":"2026-04-27T10:03:24","date_gmt":"2026-04-27T06:33:24","guid":{"rendered":"https:\/\/fajr.news\/?p=10443"},"modified":"2026-04-27T10:03:24","modified_gmt":"2026-04-27T06:33:24","slug":"almanyanin-savunma-donusumu-orta-dogu-icin-dersler-iceriyor","status":"publish","type":"post","link":"https:\/\/fajr.news\/?p=10443&lang=tr","title":{"rendered":"Almanya&#8217;n\u0131n Savunma D\u00f6n\u00fc\u015f\u00fcm\u00fc Orta Do\u011fu \u0130\u00e7in Dersler \u0130\u00e7eriyor"},"content":{"rendered":"<p>Almanya end\u00fcstriyel bir s\u0131f\u0131rlanma s\u00fcrecinden ge\u00e7iyor. Otomobillerden silahlara ge\u00e7i\u015fi, f\u0131rsattan ziyade krize bir yan\u0131t olsa da, yine de memnuniyetle kar\u015f\u0131lanan bir yeniden y\u00f6nelimdir.<br \/>\nBu deney, \u00e7ok daha istikrars\u0131z bir b\u00f6lge olan Orta Do\u011fu i\u00e7in dersler bar\u0131nd\u0131r\u0131yor; burada savunma gereksinimleri acil ve ekonomik \u00e7e\u015fitlendirme stratejik bir \u00f6ncelik.<br \/>\nABD ve \u0130srail&#8217;in \u0130ran ve Irak&#8217;\u0131n baz\u0131 b\u00f6lgelerini 40 g\u00fcn boyunca bombalamas\u0131n\u0131n ard\u0131ndan, b\u00f6lgesel tablo gerilim ve istikrars\u0131zl\u0131kla damgalanm\u0131\u015ft\u0131r. Tahran ve vekilleri, K\u00f6rfez \u015fehirlerinden Irak&#8217;taki K\u00fcrt b\u00f6lgelerine kadar altyap\u0131y\u0131 ve sivil alanlar\u0131 hedef almak i\u00e7in defalarca f\u00fcze ve insans\u0131z hava ara\u00e7lar\u0131 konu\u015fland\u0131rd\u0131. Bu sald\u0131r\u0131lar, savunmalar\u0131 zorlamak ve ekonomik ve psikolojik maliyetler dayatmak i\u00e7in daha geni\u015f bir stratejinin par\u00e7as\u0131d\u0131r.<br \/>\nK\u00f6rfez \u00fclkelerinin bug\u00fcne kadarki tepkisi, modern savunma sistemlerinin i\u015fe yarad\u0131\u011f\u0131n\u0131 kan\u0131tlad\u0131. F\u00fcze \u00f6nleyiciler ve insans\u0131z hava arac\u0131 kar\u015f\u0131t\u0131 teknolojiler hayat kurtard\u0131, kritik altyap\u0131y\u0131 korudu ve daha geni\u015f bir t\u0131rman\u0131\u015f\u0131 \u00f6nledi. Ba\u015fka bir \u00e7a\u011fda tam \u00f6l\u00e7ekli bir b\u00f6lgesel sava\u015f\u0131 tetikleyebilecek kitlesel zayiat olaylar\u0131n\u0131 engellediler. Bunu yaparken, geli\u015fmi\u015f savunma sistemlerine olan talebin artmaya devam edece\u011finin de alt\u0131n\u0131 \u00e7izdiler.<br \/>\nAlmanya, bir\u00e7ok Arap \u00fclkesi gibi acil bir g\u00fcvenlik tehdidiyle kar\u015f\u0131 kar\u015f\u0131ya de\u011fil, ancak ihracata dayal\u0131 modeli \u00c7in&#8217;in bask\u0131s\u0131, zay\u0131f k\u00fcresel talep ve jeopolitik \u015foklar alt\u0131nda zorlan\u0131yor. Bir zamanlar\u0131n g\u00fc\u00e7l\u00fc otomobil \u00fcreticileri ciddi kar d\u00fc\u015f\u00fc\u015fleri ve i\u015f kay\u0131plar\u0131 ya\u015fayarak \u00fclkenin ekonomik y\u00f6n\u00fcn\u00fcn yeniden d\u00fc\u015f\u00fcn\u00fclmesine yol a\u00e7t\u0131.<br \/>\nBu durum, Berlin&#8217;i stratejik bir d\u00f6n\u00fc\u015f\u00fcm denemeye, end\u00fcstriyel gerilemeyi ekonomik f\u0131rsata d\u00f6n\u00fc\u015ft\u00fcrmeye zorlad\u0131; \u00f6yle ki Ukrayna&#8217;n\u0131n silahlanma ihtiya\u00e7lar\u0131 tek ba\u015f\u0131na Avrupa&#8217;n\u0131n geri kalan\u0131n\u0131n toplam ihtiya\u00e7lar\u0131n\u0131 g\u00f6lgede b\u0131rak\u0131yor.<br \/>\nG\u00fcvenlik endi\u015feleri artt\u0131k\u00e7a, Almanya sermayeyi, yetene\u011fi ve end\u00fcstriyel kapasiteyi savunma \u00fcretimine kayd\u0131r\u0131yor. Yak\u0131n tarihli bir Wall Street Journal raporuna g\u00f6re, at\u0131l durumdaki fabrikalar yeniden i\u015flevlendiriliyor, gerileyen sekt\u00f6rlerden vas\u0131fl\u0131 i\u015f\u00e7iler yeniden e\u011fitiliyor ve hatta uzun zamand\u0131r Alman \u00fcretiminin bel kemi\u011fi olan otomotiv tedarik zincirleri bile askeri uygulamalara y\u00f6nlendiriliyor.<br \/>\n\u0130kinci D\u00fcnya Sava\u015f\u0131&#8217;ndan sonra pasifizmi bir kefaret bi\u00e7imi olarak benimsemi\u015f bir ulus i\u00e7in bu h\u0131rs\u0131n \u00f6l\u00e7e\u011fi dikkat \u00e7ekici. Avrupa genelinde yakla\u015f\u0131k 1 trilyon Euro (1,1 trilyon dolar) savunma fonu serbest b\u0131rak\u0131l\u0131rken, Alman firmalar\u0131 insans\u0131z hava arac\u0131 motorlar\u0131, z\u0131rhl\u0131 sistemler ve f\u00fcze bile\u015fenleri gibi alanlara do\u011fru geni\u015fliyor.<br \/>\nBuradaki zorluk, eski ekonomiyi adapte etmektir. T\u00fcm d\u00fcnyan\u0131n bildi\u011fi gibi, Almanya&#8217;n\u0131n avantaj\u0131 m\u00fchendislik derinli\u011finde yat\u0131yor \u2013 hassas \u00fcretim, geli\u015fmi\u015f malzemeler ve onlarca y\u0131ld\u0131r in\u015fa edilmi\u015f karma\u015f\u0131k tedarik zincirleri. Bu yetenekler, g\u00fcvenilirli\u011fin, \u00f6l\u00e7eklenebilirli\u011fin ve h\u0131z\u0131n esas oldu\u011fu savunma \u00fcretimi i\u00e7in de do\u011fal bir uyum sa\u011fl\u0131yor.<br \/>\n\u0130\u015fte enerji zengini K\u00f6rfez&#8217;in bir f\u0131rsat\u0131 var. \u00c7e\u015fitlendirme stratejilerinin bir par\u00e7as\u0131 olarak, Suudi Arabistan ve BAE gibi \u00fclkeler end\u00fcstriyel kapasiteye, teknolojiye ve insan sermayesine yat\u0131r\u0131m yap\u0131yor. Politika ve ekonomik reformlar, yerel \u00fcretim, lojistik ve ara\u015ft\u0131rma ekosistemlerini geni\u015fletmeyi hedefliyor.<br \/>\nHem b\u00f6lgesel hem de k\u00fcresel olarak f\u00fcze ve insans\u0131z hava arac\u0131 kar\u015f\u0131t\u0131 sistemlere olan talep art\u0131\u015f\u0131, Alman deneyini dikkatle incelemek i\u00e7in g\u00fc\u00e7l\u00fc bir te\u015fvik sunar. Bu teknolojiler, yaz\u0131l\u0131m, sens\u00f6rler, yapay zeka ve geli\u015fmi\u015f m\u00fchendisli\u011fi i\u00e7eren savunma ve inovasyonun do\u011fal bir birle\u015fimini temsil ediyor. Ayr\u0131ca do\u011falar\u0131 gere\u011fi savunmac\u0131d\u0131rlar, g\u00fc\u00e7 projeksiyonundan ziyade korumaya odaklanm\u0131\u015flard\u0131r.<br \/>\nGerilimler azald\u0131\u011f\u0131nda bu t\u00fcr yeteneklere yat\u0131r\u0131m yapmak, bir dizi fayda sa\u011flayabilir.<br \/>\nF\u00fcze ve insans\u0131z hava arac\u0131 kar\u015f\u0131t\u0131 sistemlere olan talep art\u0131\u015f\u0131, Alman deneyini incelemek i\u00e7in g\u00fc\u00e7l\u00fc bir te\u015fvik sunuyor.<br \/>\nSavunma sistemlerinin yerel \u00fcretimi, yabanc\u0131 tedarik\u00e7ilere olan ba\u011f\u0131ml\u0131l\u0131\u011f\u0131 azalt\u0131r ve konu\u015fland\u0131rma s\u00fcrelerini k\u0131salt\u0131r. Tehditlerin h\u0131zla ortaya \u00e7\u0131kabilece\u011fi bir b\u00f6lgede bu durum, cayd\u0131r\u0131c\u0131l\u0131\u011f\u0131 g\u00fc\u00e7lendirir ve enerji tesislerinden telekom\u00fcnikasyon a\u011flar\u0131na kadar hayati altyap\u0131n\u0131n g\u00fcvende kalmas\u0131n\u0131 sa\u011flar.<br \/>\n\u0130kincisi, savunma \u00fcretimi, do\u011fas\u0131 gere\u011fi y\u00fcksek katma de\u011ferlidir. Vas\u0131fl\u0131 i\u015fler yarat\u0131r, k\u00fc\u00e7\u00fck ve orta \u00f6l\u00e7ekli i\u015fletmeleri destekler ve sekt\u00f6rler aras\u0131 inovasyonu te\u015fvik eder. Ba\u015fka bir deyi\u015fle, bu, K\u00f6rfez ekonomilerini tamamen sava\u015f makinelerine d\u00f6n\u00fc\u015ft\u00fcrmek anlam\u0131na gelmez.<br \/>\n\u00dc\u00e7\u00fcnc\u00fcs\u00fc, teknolojik yan \u00fcr\u00fcnler vard\u0131r. Bir\u00e7ok savunma teknolojisinin sivil uygulamalar\u0131 bulunur. \u0130nsans\u0131z hava arac\u0131 sistemleri, sens\u00f6rler ve yapay zeka destekli analitikler lojistik, tar\u0131m, \u00e7evre izleme ve ak\u0131ll\u0131 \u015fehirlerde kullan\u0131labilir. \u00d6nleyicileri in\u015fa eden ayn\u0131 ekosistem, dijital ekonomiyi de g\u00fc\u00e7lendirebilir.<br \/>\nD\u00f6rd\u00fcnc\u00fcs\u00fc, jeopolitik istikrar. \u0130ran&#8217;\u0131n 28 \u015eubat&#8217;tan bu yana K\u00f6rfez \u00fclkelerine y\u00f6nelik sebepsiz sald\u0131r\u0131lar\u0131n\u0131n g\u00f6sterdi\u011fi gibi, g\u00fc\u00e7l\u00fc savunma yetenekleri t\u0131rmanma te\u015fviklerini azalt\u0131r. Sald\u0131r\u0131lar hedeflerine ula\u015famad\u0131\u011f\u0131nda, \u00e7at\u0131\u015fma otomatik olarak sona ermez, ancak itibar kayb\u0131n\u0131n alg\u0131lanan \u00f6d\u00fclleri b\u00fcy\u00fck \u00f6l\u00e7\u00fcde a\u015ft\u0131\u011f\u0131 a\u00e7\u0131k\u00e7a ortaya \u00e7\u0131kar.<br \/>\nAlmanya&#8217;n\u0131n end\u00fcstriyel s\u0131f\u0131rlanmas\u0131, Avrupa&#8217;n\u0131n kendini savunabilmesini ve b\u00f6ylece bar\u0131\u015f\u0131 korumas\u0131n\u0131 sa\u011flamak i\u00e7in tasarlanm\u0131\u015ft\u0131r. Ayn\u0131 mant\u0131k Orta Do\u011fu i\u00e7in de ge\u00e7erlidir: savunma g\u00fcc\u00fc, t\u0131rmanmay\u0131 tetikleyebilecek f\u00fczeler ve insans\u0131z hava ara\u00e7lar\u0131n\u0131n aksine, bir cayd\u0131r\u0131c\u0131 olarak i\u015flev g\u00f6rebilir.<br \/>\nKabul etmek gerekir ki, zorluklar \u00e7oktur. Savunma sanayileri dikkatli d\u00fczenleme, \u015feffafl\u0131k ve uluslararas\u0131 koordinasyon gerektirir. Her zaman tek bir sekt\u00f6re a\u015f\u0131r\u0131 ba\u011f\u0131ml\u0131l\u0131k riski vard\u0131r. Ancak bu riskler, b\u00fcy\u00fck \u00f6l\u00e7ekli altyap\u0131 projelerinin verimli bir \u015fekilde y\u00fcr\u00fct\u00fclmesiyle bilinen bir b\u00f6lge i\u00e7in y\u00f6netilebilir d\u00fczeydedir.<br \/>\nUkrayna, \u0130ran ve L\u00fcbnan&#8217;daki sava\u015flar\u0131n g\u00f6sterdi\u011fi gibi, muharebe insans\u0131z hava ara\u00e7lar\u0131n\u0131n ve roketlerin ucuza monte edilebildi\u011fi, s\u0131n\u0131rlar \u00f6tesine ihra\u00e7 edilebildi\u011fi ve h\u0131zla konu\u015fland\u0131r\u0131labildi\u011fi bir d\u00fcnyada g\u00fc\u00e7 dengesi de\u011fi\u015fmi\u015ftir.<br \/>\nAlmanya&#8217;n\u0131n \u00f6rne\u011fi, nas\u0131l ilerlenece\u011fini g\u00f6steriyor: uzun zamand\u0131r otomobilleri ve y\u00fcksek kaliteli otoyol sistemiyle tan\u0131nan bir \u00fclke, \u015fimdi bir k\u0131tay\u0131 savunmak i\u00e7in ara\u00e7lar in\u015fa ediyor. Bunu yaparken, temel m\u00fchendislik g\u00fc\u00e7lerini yeniden konu\u015fland\u0131r\u0131yor.<br \/>\nK\u00f6rfez, benzer bir yeniden y\u00f6nelimi desteklemek i\u00e7in mali kaynaklara, stratejik aciliyete ve politika \u00e7er\u00e7evelerine sahiptir. Gereken \u015fey, koruma ve cayd\u0131r\u0131c\u0131l\u0131\u011fa odaklanm\u0131\u015f bir savunma ekosistemi in\u015fa etmek i\u00e7in koordineli bir \u00e7abad\u0131r.<br \/>\nGer\u00e7ek ve acil tehditlerle kar\u015f\u0131 kar\u015f\u0131ya olan, f\u00fcze ve insans\u0131z hava arac\u0131 \u00f6nleyicilerinin halihaz\u0131rda hayat kurtard\u0131\u011f\u0131 ve daha geni\u015f \u00e7at\u0131\u015fmalar\u0131 \u00f6nledi\u011fi bir b\u00f6lge i\u00e7in mesaj a\u00e7\u0131k. Almanya&#8217;dan Ukrayna&#8217;ya, K\u00f6rfez&#8217;e kadar modern savunma sistemleri f\u0131rsatlar yarat\u0131r ve ak\u0131ll\u0131ca kullan\u0131ld\u0131\u011f\u0131nda bunu istikrar ve b\u00fcy\u00fcmeye d\u00f6n\u00fc\u015ft\u00fcr\u00fcr.<br \/>\n#AlmanyaSavunma #OrtaDo\u011fuG\u00fcvenli\u011fi #SavunmaSanayii #Ekonomik\u00c7e\u015fitlendirme #F\u00fczeSavunmas\u0131 #\u0130HAKar\u015f\u0131t\u0131Sistemler #TeknolojiTransferi #K\u00f6rfez\u00dclkeleri #Jeopolitik #End\u00fcstriyelD\u00f6n\u00fc\u015f\u00fcm<\/p>\n","protected":false},"excerpt":{"rendered":"<p>Almanya end\u00fcstriyel bir s\u0131f\u0131rlanma s\u00fcrecinden ge\u00e7iyor. Otomobillerden silahlara ge\u00e7i\u015fi, f\u0131rsattan ziyade krize bir yan\u0131t olsa da, yine de memnuniyetle kar\u015f\u0131lanan bir yeniden y\u00f6nelimdir. Bu deney, \u00e7ok daha istikrars\u0131z bir b\u00f6lge olan Orta Do\u011fu i\u00e7in dersler bar\u0131nd\u0131r\u0131yor; burada savunma gereksinimleri acil ve ekonomik \u00e7e\u015fitlendirme stratejik bir \u00f6ncelik. ABD ve \u0130srail&#8217;in \u0130ran ve Irak&#8217;\u0131n baz\u0131 b\u00f6lgelerini 40 [&hellip;]<\/p>\n","protected":false},"author":2,"featured_media":10444,"comment_status":"open","ping_status":"open","sticky":false,"template":"","format":"standard","meta":{"footnotes":""},"categories":[37],"tags":[],"class_list":["post-10443","post","type-post","status-publish","format-standard","has-post-thumbnail","hentry","category-orta-dogu-haberleri"],"_links":{"self":[{"href":"https:\/\/fajr.news\/index.php?rest_route=\/wp\/v2\/posts\/10443","targetHints":{"allow":["GET"]}}],"collection":[{"href":"https:\/\/fajr.news\/index.php?rest_route=\/wp\/v2\/posts"}],"about":[{"href":"https:\/\/fajr.news\/index.php?rest_route=\/wp\/v2\/types\/post"}],"author":[{"embeddable":true,"href":"https:\/\/fajr.news\/index.php?rest_route=\/wp\/v2\/users\/2"}],"replies":[{"embeddable":true,"href":"https:\/\/fajr.news\/index.php?rest_route=%2Fwp%2Fv2%2Fcomments&post=10443"}],"version-history":[{"count":0,"href":"https:\/\/fajr.news\/index.php?rest_route=\/wp\/v2\/posts\/10443\/revisions"}],"wp:featuredmedia":[{"embeddable":true,"href":"https:\/\/fajr.news\/index.php?rest_route=\/wp\/v2\/media\/10444"}],"wp:attachment":[{"href":"https:\/\/fajr.news\/index.php?rest_route=%2Fwp%2Fv2%2Fmedia&parent=10443"}],"wp:term":[{"taxonomy":"category","embeddable":true,"href":"https:\/\/fajr.news\/index.php?rest_route=%2Fwp%2Fv2%2Fcategories&post=10443"},{"taxonomy":"post_tag","embeddable":true,"href":"https:\/\/fajr.news\/index.php?rest_route=%2Fwp%2Fv2%2Ftags&post=10443"}],"curies":[{"name":"wp","href":"https:\/\/api.w.org\/{rel}","templated":true}]}}