{"id":10433,"date":"2026-04-27T09:41:43","date_gmt":"2026-04-27T06:11:43","guid":{"rendered":"https:\/\/fajr.news\/?p=10433"},"modified":"2026-04-27T09:41:43","modified_gmt":"2026-04-27T06:11:43","slug":"suudi-ve-iran-disisleri-bakanlari-bolgesel-gelismeleri-ele-aldi","status":"publish","type":"post","link":"https:\/\/fajr.news\/?p=10433&lang=tr","title":{"rendered":"Suudi ve \u0130ran D\u0131\u015fi\u015fleri Bakanlar\u0131 B\u00f6lgesel Geli\u015fmeleri Ele Ald\u0131"},"content":{"rendered":"<p>Suudi Arabistan D\u0131\u015fi\u015fleri Bakan\u0131 Prens Faysal bin Ferhan, Pazar g\u00fcn\u00fc \u0130ranl\u0131 mevkida\u015f\u0131 Abbas Araghchi&#8217;den bir telefon g\u00f6r\u00fc\u015fmesi ald\u0131. Suudi Bas\u0131n Ajans\u0131 (SPA) taraf\u0131ndan bildirilen habere g\u00f6re, g\u00f6r\u00fc\u015fmede b\u00f6lgesel geli\u015fmeler ve b\u00f6lgedeki gerilimi azaltma \u00e7abalar\u0131 ele al\u0131nd\u0131.<\/p>\n<p>SPA, &#8220;G\u00f6r\u00fc\u015fme s\u0131ras\u0131nda, b\u00f6lgesel geli\u015fmeler ve b\u00f6lgedeki gerilimi d\u00fc\u015f\u00fcrme ve tansiyonu azaltma \u00e7abalar\u0131 tart\u0131\u015f\u0131ld\u0131,&#8221; ifadelerini kulland\u0131.<\/p>\n<p>\u0130ran devlet medyas\u0131 da d\u0131\u015fi\u015fleri bakanlar\u0131n\u0131n son b\u00f6lgesel geli\u015fmeleri ve devam eden diplomatik \u00e7abalar\u0131 g\u00f6r\u00fc\u015ft\u00fc\u011f\u00fcn\u00fc belirtti. \u0130ran devlet medyas\u0131na g\u00f6re, Araghchi g\u00f6r\u00fc\u015fme s\u0131ras\u0131nda Prens Faysal&#8217;a \u0130ran&#8217;\u0131n &#8220;sava\u015f\u0131 sona erdirme ve gerilimleri azaltma ama\u00e7l\u0131 son diplomatik \u00e7abalar\u0131&#8221; hakk\u0131nda bilgi verdi.<\/p>\n<p>Araghchi, arabulucular\u0131n Tahran ile Washington aras\u0131ndaki bar\u0131\u015f g\u00f6r\u00fc\u015fmelerini canl\u0131 tutmay\u0131 umdu\u011fu bir d\u00f6nemde, Pazar g\u00fcn\u00fc \u0130slamabad&#8217;dan Moskova&#8217;ya hareket ederek ba\u015fkentler aras\u0131nda mekik dokudu.<\/p>\n<p>#SuudiArabistan #\u0130ran #D\u0131\u015fi\u015fleriBakanlar\u0131 #B\u00f6lgeselGeli\u015fmeler #Diplomasi #GerilimAzaltma #Ortado\u011fu #Bar\u0131\u015fG\u00f6r\u00fc\u015fmeleri #FaysalBinFerhan #AbbasAraghchi<\/p>\n","protected":false},"excerpt":{"rendered":"<p>Suudi Arabistan D\u0131\u015fi\u015fleri Bakan\u0131 Prens Faysal bin Ferhan, Pazar g\u00fcn\u00fc \u0130ranl\u0131 mevkida\u015f\u0131 Abbas Araghchi&#8217;den bir telefon g\u00f6r\u00fc\u015fmesi ald\u0131. Suudi Bas\u0131n Ajans\u0131 (SPA) taraf\u0131ndan bildirilen habere g\u00f6re, g\u00f6r\u00fc\u015fmede b\u00f6lgesel geli\u015fmeler ve b\u00f6lgedeki gerilimi azaltma \u00e7abalar\u0131 ele al\u0131nd\u0131. SPA, &#8220;G\u00f6r\u00fc\u015fme s\u0131ras\u0131nda, b\u00f6lgesel geli\u015fmeler ve b\u00f6lgedeki gerilimi d\u00fc\u015f\u00fcrme ve tansiyonu azaltma \u00e7abalar\u0131 tart\u0131\u015f\u0131ld\u0131,&#8221; ifadelerini kulland\u0131. \u0130ran devlet medyas\u0131 [&hellip;]<\/p>\n","protected":false},"author":2,"featured_media":10434,"comment_status":"open","ping_status":"open","sticky":false,"template":"","format":"standard","meta":{"footnotes":""},"categories":[37],"tags":[],"class_list":["post-10433","post","type-post","status-publish","format-standard","has-post-thumbnail","hentry","category-orta-dogu-haberleri"],"_links":{"self":[{"href":"https:\/\/fajr.news\/index.php?rest_route=\/wp\/v2\/posts\/10433","targetHints":{"allow":["GET"]}}],"collection":[{"href":"https:\/\/fajr.news\/index.php?rest_route=\/wp\/v2\/posts"}],"about":[{"href":"https:\/\/fajr.news\/index.php?rest_route=\/wp\/v2\/types\/post"}],"author":[{"embeddable":true,"href":"https:\/\/fajr.news\/index.php?rest_route=\/wp\/v2\/users\/2"}],"replies":[{"embeddable":true,"href":"https:\/\/fajr.news\/index.php?rest_route=%2Fwp%2Fv2%2Fcomments&post=10433"}],"version-history":[{"count":0,"href":"https:\/\/fajr.news\/index.php?rest_route=\/wp\/v2\/posts\/10433\/revisions"}],"wp:featuredmedia":[{"embeddable":true,"href":"https:\/\/fajr.news\/index.php?rest_route=\/wp\/v2\/media\/10434"}],"wp:attachment":[{"href":"https:\/\/fajr.news\/index.php?rest_route=%2Fwp%2Fv2%2Fmedia&parent=10433"}],"wp:term":[{"taxonomy":"category","embeddable":true,"href":"https:\/\/fajr.news\/index.php?rest_route=%2Fwp%2Fv2%2Fcategories&post=10433"},{"taxonomy":"post_tag","embeddable":true,"href":"https:\/\/fajr.news\/index.php?rest_route=%2Fwp%2Fv2%2Ftags&post=10433"}],"curies":[{"name":"wp","href":"https:\/\/api.w.org\/{rel}","templated":true}]}}