{"id":10357,"date":"2026-04-27T08:29:07","date_gmt":"2026-04-27T04:59:07","guid":{"rendered":"https:\/\/fajr.news\/?p=10357"},"modified":"2026-04-27T08:29:07","modified_gmt":"2026-04-27T04:59:07","slug":"siyonist-rejimin-guney-lubnana-yonelik-vahsi-saldirilari-40tan-fazla-sehit-ve-yarali","status":"publish","type":"post","link":"https:\/\/fajr.news\/?p=10357&lang=tr","title":{"rendered":"Siyonist Rejim&#8217;in G\u00fcney L\u00fcbnan&#8217;a Y\u00f6nelik Vah\u015fi Sald\u0131r\u0131lar\u0131: 40&#8217;tan Fazla \u015eehit ve Yaral\u0131"},"content":{"rendered":"<h1>Siyonist Rejim&#8217;in G\u00fcney L\u00fcbnan&#8217;a Y\u00f6nelik Vah\u015fi Sald\u0131r\u0131lar\u0131: 40&#8217;tan Fazla \u015eehit ve Yaral\u0131<\/h1>\n<p><em>Shafaq News- Ortado\u011fu (00:03&#8217;te g\u00fcncellendi)<\/em><\/p>\n<p>Siyonist rejimin L\u00fcbnan cephesindeki sald\u0131rganl\u0131\u011f\u0131n\u0131 t\u0131rmand\u0131rmas\u0131yla birlikte, i\u015fgalci rejimin g\u00fcvenlik kaynaklar\u0131 Pazar g\u00fcn\u00fc Yedioth Ahronoth&#8217;a, <strong>Hizbullah&#8217;\u0131n asla teslim olmayaca\u011f\u0131n\u0131 itiraf etti.<\/strong><\/p>\n<p>Siyonist Ba\u015fbakan Binyamin Netanyahu&#8217;nun, i\u015fgal alt\u0131ndaki topraklara y\u00f6nelik direni\u015f roket at\u0131\u015flar\u0131n\u0131n ard\u0131ndan ordusuna Hizbullah&#8217;\u0131 &#8220;\u015fiddetle&#8221; vurma emri vermesiyle ger\u00e7ekle\u015ftirilen <b>barbarca sald\u0131r\u0131larda<\/b> 14 masum insan \u015fehit d\u00fc\u015ferken, 37 ki\u015fi de yaraland\u0131. Bu sald\u0131r\u0131lar, Siyonist rejimin b\u00f6lgedeki zulm\u00fcn\u00fc bir kez daha g\u00f6zler \u00f6n\u00fcne serdi.<\/p>\n<h2>Hizbullah&#8217;tan \u0130\u015fgal G\u00fc\u00e7lerine Misilleme<\/h2>\n<p>Bu arada, L\u00fcbnan \u0130slami Direni\u015fi Hizbullah, g\u00fcney L\u00fcbnan&#8217;daki Siyonist i\u015fgal g\u00fc\u00e7lerini hedef alan d\u00f6rt ayr\u0131 insans\u0131z hava arac\u0131 operasyonu d\u00fczenledi\u011fini duyurdu. Bu <em>kararl\u0131 operasyonlarda<\/em>:<\/p>\n<ul>\n<li>\u0130ki gezici insans\u0131z hava arac\u0131yla bir Merkava tank\u0131 isabetli bir \u015fekilde vuruldu.<\/li>\n<li>Bint Jbeil b\u00f6lgesinde bir Siyonist tahliye birimi ve i\u015fgalci asker toplulu\u011fu hedef al\u0131nd\u0131.<\/li>\n<li>Sour b\u00f6lgesinde yeni kurulan bir top\u00e7u mevzii insans\u0131z hava ara\u00e7lar\u0131 s\u00fcr\u00fcs\u00fcyle etkili bir \u015fekilde vuruldu.<\/li>\n<\/ul>\n<p>Direni\u015f hareketi, yapt\u0131\u011f\u0131 a\u00e7\u0131klamada, L\u00fcbnan h\u00fck\u00fcmetini Netanyahu ile ABD y\u00f6netimi aras\u0131ndaki ikili bir d\u00fczenlemeye &#8220;dahil etme&#8221; giri\u015fimine kar\u015f\u0131 <strong>sert bir uyar\u0131da bulundu<\/strong> ve Siyonist g\u00fc\u00e7lere y\u00f6nelik devam eden sald\u0131r\u0131lar\u0131n, i\u015fgal rejiminin ate\u015fkes ihlallerine kar\u015f\u0131 &#8220;me\u015fru bir direni\u015f yan\u0131t\u0131&#8221; te\u015fkil etti\u011fini vurgulad\u0131.<\/p>\n<h2>Siyonist Sald\u0131r\u0131lar\u0131n \u0130nsani Boyutu<\/h2>\n<p>L\u00fcbnan Sa\u011fl\u0131k Bakanl\u0131\u011f\u0131, 2 Mart&#8217;tan bu yana Siyonist rejimin vah\u015fi sald\u0131r\u0131lar\u0131nda 26 Nisan itibar\u0131yla <b>2.509 ki\u015finin \u015fehit oldu\u011funu<\/b> ve 7.755 ki\u015finin yaraland\u0131\u011f\u0131n\u0131 bildirdi. Bu rakamlar, i\u015fgal rejiminin insanl\u0131k d\u0131\u015f\u0131 eylemlerinin boyutunu g\u00f6zler \u00f6n\u00fcne sermektedir.<\/p>\n<p>24 Nisan&#8217;da ABD Ba\u015fkan\u0131 Donald Trump, Siyonist rejim ile L\u00fcbnan aras\u0131nda ABD arabuluculu\u011funda sa\u011flanan ate\u015fkesin \u00fc\u00e7 hafta uzat\u0131ld\u0131\u011f\u0131n\u0131 duyurdu. Bu uzatma, s\u0131n\u0131r \u00f6tesi \u00e7at\u0131\u015fmalar\u0131 durdurmak amac\u0131yla 16 Nisan&#8217;da ba\u015flat\u0131lan ve 26 Nisan&#8217;da sona ermesi planlanan 10 g\u00fcnl\u00fck orijinal ate\u015fkesin bitimine sadece g\u00fcnler kala, i\u015fgal rejiminin nefes almas\u0131n\u0131 sa\u011flamak amac\u0131yla yap\u0131ld\u0131\u011f\u0131 yorumlar\u0131na yol a\u00e7t\u0131 ve b\u00f6lgedeki gerilimi daha da art\u0131rd\u0131.<\/p>\n<p>#L\u00fcbnan #SiyonistRejim #Hizbullah #Direni\u015f #Ortado\u011fu #\u0130\u015fgal #\u015eehitler #Ate\u015fkes #ABD #FilistinDavas\u0131<\/p>\n","protected":false},"excerpt":{"rendered":"<p>Siyonist Rejim&#8217;in G\u00fcney L\u00fcbnan&#8217;a Y\u00f6nelik Vah\u015fi Sald\u0131r\u0131lar\u0131: 40&#8217;tan Fazla \u015eehit ve Yaral\u0131 Shafaq News- Ortado\u011fu (00:03&#8217;te g\u00fcncellendi) Siyonist rejimin L\u00fcbnan cephesindeki sald\u0131rganl\u0131\u011f\u0131n\u0131 t\u0131rmand\u0131rmas\u0131yla birlikte, i\u015fgalci rejimin g\u00fcvenlik kaynaklar\u0131 Pazar g\u00fcn\u00fc Yedioth Ahronoth&#8217;a, Hizbullah&#8217;\u0131n asla teslim olmayaca\u011f\u0131n\u0131 itiraf etti. Siyonist Ba\u015fbakan Binyamin Netanyahu&#8217;nun, i\u015fgal alt\u0131ndaki topraklara y\u00f6nelik direni\u015f roket at\u0131\u015flar\u0131n\u0131n ard\u0131ndan ordusuna Hizbullah&#8217;\u0131 &#8220;\u015fiddetle&#8221; vurma emri [&hellip;]<\/p>\n","protected":false},"author":2,"featured_media":10358,"comment_status":"open","ping_status":"open","sticky":false,"template":"","format":"standard","meta":{"footnotes":""},"categories":[37],"tags":[],"class_list":["post-10357","post","type-post","status-publish","format-standard","has-post-thumbnail","hentry","category-orta-dogu-haberleri"],"_links":{"self":[{"href":"https:\/\/fajr.news\/index.php?rest_route=\/wp\/v2\/posts\/10357","targetHints":{"allow":["GET"]}}],"collection":[{"href":"https:\/\/fajr.news\/index.php?rest_route=\/wp\/v2\/posts"}],"about":[{"href":"https:\/\/fajr.news\/index.php?rest_route=\/wp\/v2\/types\/post"}],"author":[{"embeddable":true,"href":"https:\/\/fajr.news\/index.php?rest_route=\/wp\/v2\/users\/2"}],"replies":[{"embeddable":true,"href":"https:\/\/fajr.news\/index.php?rest_route=%2Fwp%2Fv2%2Fcomments&post=10357"}],"version-history":[{"count":0,"href":"https:\/\/fajr.news\/index.php?rest_route=\/wp\/v2\/posts\/10357\/revisions"}],"wp:featuredmedia":[{"embeddable":true,"href":"https:\/\/fajr.news\/index.php?rest_route=\/wp\/v2\/media\/10358"}],"wp:attachment":[{"href":"https:\/\/fajr.news\/index.php?rest_route=%2Fwp%2Fv2%2Fmedia&parent=10357"}],"wp:term":[{"taxonomy":"category","embeddable":true,"href":"https:\/\/fajr.news\/index.php?rest_route=%2Fwp%2Fv2%2Fcategories&post=10357"},{"taxonomy":"post_tag","embeddable":true,"href":"https:\/\/fajr.news\/index.php?rest_route=%2Fwp%2Fv2%2Ftags&post=10357"}],"curies":[{"name":"wp","href":"https:\/\/api.w.org\/{rel}","templated":true}]}}