{"id":10349,"date":"2026-04-27T08:19:58","date_gmt":"2026-04-27T04:49:58","guid":{"rendered":"https:\/\/fajr.news\/?p=10349"},"modified":"2026-04-27T08:19:58","modified_gmt":"2026-04-27T04:49:58","slug":"bae-ve-abd-disisleri-bakanlari-ortadogudaki-gelismeleri-degerlendirdi","status":"publish","type":"post","link":"https:\/\/fajr.news\/?p=10349&lang=tr","title":{"rendered":"BAE ve ABD D\u0131\u015fi\u015fleri Bakanlar\u0131 Ortado\u011fu&#8217;daki Geli\u015fmeleri De\u011ferlendirdi"},"content":{"rendered":"<h1>BAE ve ABD D\u0131\u015fi\u015fleri Bakanlar\u0131 Ortado\u011fu&#8217;daki Geli\u015fmeleri De\u011ferlendirdi<\/h1>\n<p>Birle\u015fik Arap Emirlikleri (BAE) D\u0131\u015fi\u015fleri Bakan\u0131 \u015eeyh Abdullah bin Zayed Al-Nahyan ile ABD D\u0131\u015fi\u015fleri Bakan\u0131 Marco Rubio, Pazar g\u00fcn\u00fc telefon g\u00f6r\u00fc\u015fmesi yaparak b\u00f6lgedeki son geli\u015fmeleri ele ald\u0131.<\/p>\n<p>G\u00f6r\u00fc\u015fmede, b\u00f6lgesel g\u00fcvenlik meseleleri, enerji tedarikleri, deniz g\u00fcvenli\u011fi ve ekonomik istikrar \u00fczerindeki etkileri de\u011ferlendirildi. Ayr\u0131ca, b\u00f6lgedeki gerilimi azaltma \u00e7abalar\u0131 ve istikrar\u0131n sa\u011flanmas\u0131 yollar\u0131 \u00fczerinde duruldu.<\/p>\n<p>\u015eeyh Abdullah, b\u00f6lgedeki krizlerin siyasi yollarla \u00e7\u00f6z\u00fclmesinin ve b\u00f6lgesel g\u00fcvenli\u011fin art\u0131r\u0131lmas\u0131n\u0131n \u00f6nemini vurgulad\u0131.<\/p>\n<p>ABD ve \u0130ran aras\u0131ndaki gerilim azaltma \u00e7abalar\u0131 L\u00fcbnan&#8217;\u0131 ba\u015flang\u0131\u00e7ta kapsamazken, Washington bu ay Siyonist rejim ve L\u00fcbnanl\u0131 yetkililer aras\u0131nda iki tur g\u00f6r\u00fc\u015fmeye ev sahipli\u011fi yapt\u0131. Bu g\u00f6r\u00fc\u015fmeler, Siyonist rejim g\u00fc\u00e7leri ile L\u00fcbnan direni\u015f hareketi Hizbullah aras\u0131nda iki ate\u015fkesin ilan edilmesiyle sonu\u00e7land\u0131. Ge\u00e7en hafta, iki taraf aras\u0131ndaki 10 g\u00fcnl\u00fck ate\u015fkes \u00fc\u00e7 hafta daha uzat\u0131ld\u0131.<\/p>\n<p>Hizbullah, b\u00f6lgedeki direni\u015f eksenine y\u00f6nelik sald\u0131r\u0131lara ve \u00f6nemli bir direni\u015f liderinin \u015fehadetine yan\u0131t olarak Siyonist rejime kar\u015f\u0131 eylemler ba\u015flatm\u0131\u015f ve L\u00fcbnan&#8217;\u0131 bu \u00e7at\u0131\u015fman\u0131n i\u00e7ine \u00e7ekmi\u015ftir.<\/p>\n<h2>\u0130lgili Etiketler:<\/h2>\n<ul>\n<li>#Ortado\u011fu<\/li>\n<li>#BAE<\/li>\n<li>#ABD<\/li>\n<li>#Hizbullah<\/li>\n<li>#Direni\u015fEkseni<\/li>\n<li>#B\u00f6lgeselG\u00fcvenlik<\/li>\n<li>#SiyonistRejim<\/li>\n<li>#L\u00fcbnan<\/li>\n<li>#Ate\u015fkes<\/li>\n<li>#Diplomasi<\/li>\n<\/ul>\n","protected":false},"excerpt":{"rendered":"<p>BAE ve ABD D\u0131\u015fi\u015fleri Bakanlar\u0131 Ortado\u011fu&#8217;daki Geli\u015fmeleri De\u011ferlendirdi Birle\u015fik Arap Emirlikleri (BAE) D\u0131\u015fi\u015fleri Bakan\u0131 \u015eeyh Abdullah bin Zayed Al-Nahyan ile ABD D\u0131\u015fi\u015fleri Bakan\u0131 Marco Rubio, Pazar g\u00fcn\u00fc telefon g\u00f6r\u00fc\u015fmesi yaparak b\u00f6lgedeki son geli\u015fmeleri ele ald\u0131. G\u00f6r\u00fc\u015fmede, b\u00f6lgesel g\u00fcvenlik meseleleri, enerji tedarikleri, deniz g\u00fcvenli\u011fi ve ekonomik istikrar \u00fczerindeki etkileri de\u011ferlendirildi. Ayr\u0131ca, b\u00f6lgedeki gerilimi azaltma \u00e7abalar\u0131 ve [&hellip;]<\/p>\n","protected":false},"author":2,"featured_media":10350,"comment_status":"open","ping_status":"open","sticky":false,"template":"","format":"standard","meta":{"footnotes":""},"categories":[37],"tags":[],"class_list":["post-10349","post","type-post","status-publish","format-standard","has-post-thumbnail","hentry","category-orta-dogu-haberleri"],"_links":{"self":[{"href":"https:\/\/fajr.news\/index.php?rest_route=\/wp\/v2\/posts\/10349","targetHints":{"allow":["GET"]}}],"collection":[{"href":"https:\/\/fajr.news\/index.php?rest_route=\/wp\/v2\/posts"}],"about":[{"href":"https:\/\/fajr.news\/index.php?rest_route=\/wp\/v2\/types\/post"}],"author":[{"embeddable":true,"href":"https:\/\/fajr.news\/index.php?rest_route=\/wp\/v2\/users\/2"}],"replies":[{"embeddable":true,"href":"https:\/\/fajr.news\/index.php?rest_route=%2Fwp%2Fv2%2Fcomments&post=10349"}],"version-history":[{"count":0,"href":"https:\/\/fajr.news\/index.php?rest_route=\/wp\/v2\/posts\/10349\/revisions"}],"wp:featuredmedia":[{"embeddable":true,"href":"https:\/\/fajr.news\/index.php?rest_route=\/wp\/v2\/media\/10350"}],"wp:attachment":[{"href":"https:\/\/fajr.news\/index.php?rest_route=%2Fwp%2Fv2%2Fmedia&parent=10349"}],"wp:term":[{"taxonomy":"category","embeddable":true,"href":"https:\/\/fajr.news\/index.php?rest_route=%2Fwp%2Fv2%2Fcategories&post=10349"},{"taxonomy":"post_tag","embeddable":true,"href":"https:\/\/fajr.news\/index.php?rest_route=%2Fwp%2Fv2%2Ftags&post=10349"}],"curies":[{"name":"wp","href":"https:\/\/api.w.org\/{rel}","templated":true}]}}