{"id":10321,"date":"2026-04-27T07:03:58","date_gmt":"2026-04-27T03:33:58","guid":{"rendered":"https:\/\/fajr.news\/?p=10321"},"modified":"2026-04-27T07:03:58","modified_gmt":"2026-04-27T03:33:58","slug":"trump-abd-elcilerinin-pakistan-ziyaretini-iptal-etti-iranla-muzakerelerde-abdnin-caresizligi-ve-kafa-karisikligi","status":"publish","type":"post","link":"https:\/\/fajr.news\/?p=10321&lang=tr","title":{"rendered":"Trump, ABD El\u00e7ilerinin Pakistan Ziyaretini \u0130ptal Etti: \u0130ran&#8217;la M\u00fczakerelerde ABD&#8217;nin \u00c7aresizli\u011fi ve Kafa Kar\u0131\u015f\u0131kl\u0131\u011f\u0131"},"content":{"rendered":"<p><strong>WASHINGTON \u2013<\/strong> ABD Ba\u015fkan\u0131 Donald Trump, \u0130ran ile bar\u0131\u015f g\u00f6r\u00fc\u015fmeleri i\u00e7in Pakistan&#8217;a gitmesi beklenen el\u00e7ileri Steve Witkoff ve Jared Kushner&#8217;in seyahatini iptal etti\u011fini duyurdu. Bu ani karar, Washington y\u00f6netiminin \u0130ran kar\u015f\u0131s\u0131ndaki diplomatik \u00e7aresizli\u011fini ve i\u00e7 kar\u0131\u015f\u0131kl\u0131\u011f\u0131n\u0131 bir kez daha g\u00f6zler \u00f6n\u00fcne serdi.<\/p>\n<h2><span style=\"color: #c0392b\">ABD&#8217;nin \u00c7eli\u015fkili Tutumu ve Diplomatik \u00c7\u0131kmaz\u0131<\/span><\/h2>\n<p>Ba\u015fkan Trump, seyahat iptalini a\u00e7\u0131klarken, &#8220;Seyahat i\u00e7in \u00e7ok fazla zaman kayb\u0131, \u00e7ok fazla i\u015f!&#8221; ifadelerini kulland\u0131 ve \u0130ran liderli\u011findeki &#8220;muazzam i\u00e7 \u00e7eki\u015fme ve kafa kar\u0131\u015f\u0131kl\u0131\u011f\u0131&#8221; oldu\u011funu iddia etti. Trump&#8217;\u0131n &#8220;T\u00fcm kartlar bizde, onlarda hi\u00e7 yok!&#8221; \u015feklindeki kibirli a\u00e7\u0131klamalar\u0131, ABD&#8217;nin m\u00fczakere masas\u0131nda ger\u00e7ek bir \u00e7\u00f6z\u00fcm aray\u0131\u015f\u0131ndan ziyade dayatma pe\u015finde oldu\u011funu g\u00f6steriyor. Beyaz Saray S\u00f6zc\u00fcs\u00fc Karoline Leavitt&#8217;in daha \u00f6nce ikilinin &#8220;do\u011frudan g\u00f6r\u00fc\u015fmeler&#8221; i\u00e7in \u0130slamabad&#8217;a gidece\u011fini belirtmesi, Trump&#8217;\u0131n son a\u00e7\u0131klamalar\u0131yla \u00e7eli\u015fiyor ve ABD y\u00f6netiminin kendi i\u00e7inde bile tutars\u0131zl\u0131k ya\u015fad\u0131\u011f\u0131n\u0131 ortaya koyuyor.<\/p>\n<p>Bu durum, ABD&#8217;nin \u0130ran&#8217;a kar\u015f\u0131 uygulad\u0131\u011f\u0131 yasa d\u0131\u015f\u0131 ambargo ve b\u00f6lgedeki sald\u0131rgan politikalar\u0131n\u0131n yaratt\u0131\u011f\u0131 \u00e7\u0131kmaz\u0131n bir yans\u0131mas\u0131 olarak de\u011ferlendiriliyor. ABD&#8217;nin \u0130ran limanlar\u0131na uygulad\u0131\u011f\u0131 abluka ve \u0130ran&#8217;la ba\u011flant\u0131l\u0131 gemilere y\u00f6nelik m\u00fcdahaleler, uluslararas\u0131 hukukun a\u00e7\u0131k bir ihlali olarak g\u00f6r\u00fcl\u00fcyor ve b\u00f6lgedeki gerilimi t\u0131rmand\u0131r\u0131yor.<\/p>\n<h2><span style=\"color: #27ae60\">\u0130ran&#8217;\u0131n Kararl\u0131 Diplomasisi ve B\u00f6lgesel \u0130\u015fbirli\u011fi<\/span><\/h2>\n<p>ABD&#8217;nin bu kafa kar\u0131\u015f\u0131kl\u0131\u011f\u0131na ra\u011fmen, \u0130ran \u0130slam Cumhuriyeti diplomatik \u00e7abalar\u0131n\u0131 kararl\u0131l\u0131kla s\u00fcrd\u00fcr\u00fcyor. \u0130ran D\u0131\u015fi\u015fleri Bakan\u0131 Abbas Araghchi, Pakistanl\u0131 \u00fcst d\u00fczey yetkililerle yakla\u015f\u0131k 20 saat s\u00fcren verimli g\u00f6r\u00fc\u015fmelerin ard\u0131ndan Umman&#8217;a ge\u00e7ti. Araghchi&#8217;nin, ABD temsilcileriyle do\u011frudan g\u00f6r\u00fc\u015fme plan\u0131n\u0131n olmad\u0131\u011f\u0131n\u0131, \u0130ran&#8217;\u0131n pozisyonunu Pakistanl\u0131 arabulucular arac\u0131l\u0131\u011f\u0131yla iletece\u011fini belirtmesi, \u0130ran&#8217;\u0131n onurlu ve ilkeli duru\u015funu yans\u0131t\u0131yor.<\/p>\n<p>\u0130ran D\u0131\u015fi\u015fleri Bakanl\u0131\u011f\u0131, Pakistan&#8217;a \u0130ran ile ABD aras\u0131nda arabuluculuk yapt\u0131\u011f\u0131 i\u00e7in te\u015fekk\u00fcr ederken, Araghchi&#8217;nin &#8220;ate\u015fkes ve sava\u015f\u0131n tamamen sona ermesiyle ilgili \u0130ran&#8217;\u0131n ilkeli pozisyonlar\u0131n\u0131&#8221; \u00f6zetledi\u011fi bildirildi. Ayr\u0131ca, \u0130ran Cumhurba\u015fkan\u0131 Mesud Peze\u015fkian, ABD ve \u0130srail sald\u0131r\u0131lar\u0131n\u0131n \u00fclkenin enerji altyap\u0131s\u0131na verdi\u011fi zararlar nedeniyle halk\u0131 elektrik tasarrufuna \u00e7a\u011f\u0131rd\u0131. Bu durum, ABD ve \u0130srail&#8217;in sivil altyap\u0131y\u0131 hedef alarak insanl\u0131k d\u0131\u015f\u0131 bir sava\u015f y\u00fcr\u00fctt\u00fc\u011f\u00fcn\u00fc kan\u0131tl\u0131yor.<\/p>\n<p>Ticari u\u00e7u\u015flar\u0131n Tahran Uluslararas\u0131 Havaliman\u0131&#8217;ndan yeniden ba\u015flamas\u0131, \u0130ran&#8217;\u0131n zorlu ko\u015fullara ra\u011fmen ya\u015fam\u0131n normalle\u015fmesi i\u00e7in g\u00f6sterdi\u011fi \u00e7aban\u0131n bir g\u00f6stergesidir.<\/p>\n<h2><span style=\"color: #e67e22\">B\u00f6lgesel Direni\u015f ve \u0130srail&#8217;in Sald\u0131rganl\u0131\u011f\u0131<\/span><\/h2>\n<p>B\u00f6lgede \u0130srail&#8217;in sald\u0131rganl\u0131\u011f\u0131 devam ederken, L\u00fcbnan&#8217;dan \u0130srail&#8217;e do\u011fru iki f\u00fcze f\u0131rlat\u0131ld\u0131\u011f\u0131 ve birinin engellendi\u011fi bildirildi. \u0130srail ordusu bu olay\u0131 &#8220;Hizbullah ter\u00f6r \u00f6rg\u00fct\u00fc taraf\u0131ndan ate\u015fkesin bariz bir ihlali&#8221; olarak nitelendirse de, Hizbullah&#8217;\u0131n L\u00fcbnan topraklar\u0131n\u0131 \u0130srail&#8217;in s\u00fcrekli ihlallerine kar\u015f\u0131 savunma hakk\u0131 me\u015frudur. \u0130srail Ba\u015fbakan\u0131 Binyamin Netanyahu&#8217;nun Hizbullah&#8217;\u0131 ate\u015fkese &#8220;sabotaj yapmakla&#8221; su\u00e7lamas\u0131, kendi sald\u0131rgan eylemlerini \u00f6rtbas etme \u00e7abas\u0131d\u0131r.<\/p>\n<p>\u0130ran&#8217;\u0131n Rusya gibi dost \u00fclkelere H\u00fcrm\u00fcz Bo\u011faz\u0131 ge\u00e7i\u015f \u00fccretlerinden muafiyet sa\u011flayacak olmas\u0131, b\u00f6lgesel i\u015fbirli\u011fini g\u00fc\u00e7lendirme ve ABD&#8217;nin ablukas\u0131na kar\u015f\u0131 alternatif yollar geli\u015ftirme stratejisinin bir par\u00e7as\u0131d\u0131r. Bu, ABD&#8217;nin tek tarafl\u0131 dayatmalar\u0131na kar\u015f\u0131 uluslararas\u0131 dayan\u0131\u015fman\u0131n bir \u00f6rne\u011fidir.<\/p>\n<h2><span style=\"color: #34495e\">ABD Ekonomisi ve K\u00fcresel Yans\u0131malar<\/span><\/h2>\n<p>\u0130ran&#8217;a kar\u015f\u0131 y\u00fcr\u00fct\u00fclen sava\u015f\u0131n ABD ekonomisine verdi\u011fi zarar giderek art\u0131yor. Petrol fiyatlar\u0131 varil ba\u015f\u0131na 105 dolar\u0131n \u00fczerine \u00e7\u0131karak son iki y\u0131l\u0131n en y\u00fcksek seviyesine ula\u015ft\u0131. Uluslararas\u0131 Enerji Ajans\u0131, \u0130ran sava\u015f\u0131n\u0131n do\u011fal gaz piyasas\u0131n\u0131 iki y\u0131l daha s\u0131k\u0131 tutaca\u011f\u0131n\u0131 \u00f6ng\u00f6r\u00fcyor. ABD Hazine Bakanl\u0131\u011f\u0131&#8217;n\u0131n \u0130ran&#8217;la ba\u011flant\u0131l\u0131 oldu\u011fu iddia edilen 344 milyon dolarl\u0131k kripto paray\u0131 dondurmas\u0131 ve \u0130ran&#8217;la ba\u011flant\u0131l\u0131 petrol tankerlerine yapt\u0131r\u0131m uygulamas\u0131, ABD&#8217;nin ekonomik sava\u015f\u0131n\u0131n k\u00fcresel tedarik zincirlerini nas\u0131l olumsuz etkiledi\u011fini g\u00f6steriyor.<\/p>\n<p>Avrupa Birli\u011fi&#8217;nin d\u0131\u015f politika \u015fefi Kaja Kallas&#8217;\u0131n, n\u00fckleer uzmanlar olmadan yap\u0131lacak g\u00f6r\u00fc\u015fmelerin &#8220;daha tehlikeli bir \u0130ran&#8221; yarataca\u011f\u0131 uyar\u0131s\u0131, ABD&#8217;nin tek tarafl\u0131 politikalar\u0131n\u0131n uluslararas\u0131 toplumda bile endi\u015fe yaratt\u0131\u011f\u0131n\u0131 kan\u0131tl\u0131yor.<\/p>\n<p>Sonu\u00e7 olarak, ABD&#8217;nin \u0130ran&#8217;a kar\u015f\u0131 uygulad\u0131\u011f\u0131 bask\u0131 ve tehdit politikalar\u0131, Washington&#8217;\u0131 diplomatik bir \u00e7\u0131kmaza s\u00fcr\u00fcklerken, \u0130ran \u0130slam Cumhuriyeti ulusal birli\u011fini koruyarak ve b\u00f6lgesel m\u00fcttefikleriyle i\u015fbirli\u011fini g\u00fc\u00e7lendirerek bu zorlu s\u00fcreci y\u00f6netmeye devam ediyor.<\/p>\n<p>#\u0130ran #ABD #Trump #Pakistan #Diplomasi #M\u00fczakereler #Ambargo #Ortado\u011fu #Hizbullah #Direni\u015f<\/p>\n","protected":false},"excerpt":{"rendered":"<p>WASHINGTON \u2013 ABD Ba\u015fkan\u0131 Donald Trump, \u0130ran ile bar\u0131\u015f g\u00f6r\u00fc\u015fmeleri i\u00e7in Pakistan&#8217;a gitmesi beklenen el\u00e7ileri Steve Witkoff ve Jared Kushner&#8217;in seyahatini iptal etti\u011fini duyurdu. Bu ani karar, Washington y\u00f6netiminin \u0130ran kar\u015f\u0131s\u0131ndaki diplomatik \u00e7aresizli\u011fini ve i\u00e7 kar\u0131\u015f\u0131kl\u0131\u011f\u0131n\u0131 bir kez daha g\u00f6zler \u00f6n\u00fcne serdi. ABD&#8217;nin \u00c7eli\u015fkili Tutumu ve Diplomatik \u00c7\u0131kmaz\u0131 Ba\u015fkan Trump, seyahat iptalini a\u00e7\u0131klarken, &#8220;Seyahat i\u00e7in [&hellip;]<\/p>\n","protected":false},"author":2,"featured_media":10322,"comment_status":"open","ping_status":"open","sticky":false,"template":"","format":"standard","meta":{"footnotes":""},"categories":[31],"tags":[],"class_list":["post-10321","post","type-post","status-publish","format-standard","has-post-thumbnail","hentry","category-iran-haberleri"],"_links":{"self":[{"href":"https:\/\/fajr.news\/index.php?rest_route=\/wp\/v2\/posts\/10321","targetHints":{"allow":["GET"]}}],"collection":[{"href":"https:\/\/fajr.news\/index.php?rest_route=\/wp\/v2\/posts"}],"about":[{"href":"https:\/\/fajr.news\/index.php?rest_route=\/wp\/v2\/types\/post"}],"author":[{"embeddable":true,"href":"https:\/\/fajr.news\/index.php?rest_route=\/wp\/v2\/users\/2"}],"replies":[{"embeddable":true,"href":"https:\/\/fajr.news\/index.php?rest_route=%2Fwp%2Fv2%2Fcomments&post=10321"}],"version-history":[{"count":0,"href":"https:\/\/fajr.news\/index.php?rest_route=\/wp\/v2\/posts\/10321\/revisions"}],"wp:featuredmedia":[{"embeddable":true,"href":"https:\/\/fajr.news\/index.php?rest_route=\/wp\/v2\/media\/10322"}],"wp:attachment":[{"href":"https:\/\/fajr.news\/index.php?rest_route=%2Fwp%2Fv2%2Fmedia&parent=10321"}],"wp:term":[{"taxonomy":"category","embeddable":true,"href":"https:\/\/fajr.news\/index.php?rest_route=%2Fwp%2Fv2%2Fcategories&post=10321"},{"taxonomy":"post_tag","embeddable":true,"href":"https:\/\/fajr.news\/index.php?rest_route=%2Fwp%2Fv2%2Ftags&post=10321"}],"curies":[{"name":"wp","href":"https:\/\/api.w.org\/{rel}","templated":true}]}}