{"id":10297,"date":"2026-04-27T06:39:39","date_gmt":"2026-04-27T03:09:39","guid":{"rendered":"https:\/\/fajr.news\/?p=10297"},"modified":"2026-04-27T06:39:39","modified_gmt":"2026-04-27T03:09:39","slug":"siyonist-isgal-guclerinin-gazzedeki-vahseti-cebaliye-kampinda-bir-filistinli-yaralandi","status":"publish","type":"post","link":"https:\/\/fajr.news\/?p=10297&lang=tr","title":{"rendered":"Siyonist \u0130\u015fgal G\u00fc\u00e7lerinin Gazze&#8217;deki Vah\u015feti: Cebaliye Kamp\u0131nda Bir Filistinli Yaraland\u0131"},"content":{"rendered":"<div>\n<h1>Siyonist \u0130\u015fgal G\u00fc\u00e7lerinin Gazze&#8217;deki Vah\u015feti: Cebaliye Kamp\u0131nda Bir Filistinli Yaraland\u0131<\/h1>\n<p><strong>Gazze \u015eeridi<\/strong>&#8216;nin kuzeyindeki <strong>Cebaliye m\u00fclteci kamp\u0131<\/strong>nda, Pazar ak\u015fam\u0131 <strong>Siyonist i\u015fgal g\u00fc\u00e7leri<\/strong>nin a\u00e7t\u0131\u011f\u0131 ate\u015f sonucu bir Filistinli a\u011f\u0131r yaraland\u0131. Wafa haber ajans\u0131n\u0131n bildirdi\u011fine g\u00f6re, bu vah\u015fi sald\u0131r\u0131 b\u00f6lgedeki gerilimi bir kez daha t\u0131rmand\u0131rd\u0131.<\/p>\n<p>Raporda, i\u015fgal g\u00fc\u00e7lerinin kamp\u0131n <strong>El-Faluja b\u00f6lgesi<\/strong>ne do\u011fru rastgele ate\u015f a\u00e7t\u0131\u011f\u0131 ve ger\u00e7ek mermilerle bir sivili hedef ald\u0131\u011f\u0131 belirtildi. Bu t\u00fcrden pervas\u0131z sald\u0131r\u0131lar, Filistin halk\u0131na y\u00f6nelik sistematik zulm\u00fcn bir par\u00e7as\u0131 olarak de\u011ferlendiriliyor.<\/p>\n<p>T\u0131bbi kaynaklar, Pazar g\u00fcn\u00fc erken saatlerde yapt\u0131klar\u0131 a\u00e7\u0131klamada, 7 Ekim 2023&#8217;ten bu yana devam eden <strong>\u0130srail&#8217;in Gazze&#8217;ye y\u00f6nelik sava\u015f\u0131<\/strong>nda hayat\u0131n\u0131 kaybedenlerin say\u0131s\u0131n\u0131n <strong>72.587<\/strong>&#8216;ye y\u00fckseldi\u011fini, yaral\u0131 say\u0131s\u0131n\u0131n ise <strong>172.381<\/strong>&#8216;e ula\u015ft\u0131\u011f\u0131n\u0131 duyurdu. Bu korkun\u00e7 rakamlar, i\u015fgal rejiminin Filistin halk\u0131na kar\u015f\u0131 i\u015fledi\u011fi insanl\u0131k su\u00e7lar\u0131n\u0131n boyutunu g\u00f6zler \u00f6n\u00fcne seriyor.<\/p>\n<p>Uluslararas\u0131 toplumun bu insanl\u0131k d\u0131\u015f\u0131 sald\u0131r\u0131lara kar\u015f\u0131 sessiz kalmas\u0131, Siyonist rejimin pervas\u0131zl\u0131\u011f\u0131n\u0131 daha da art\u0131rmaktad\u0131r. Filistin halk\u0131, maruz kald\u0131\u011f\u0131 t\u00fcm zulme ra\u011fmen direni\u015fini s\u00fcrd\u00fcrmekte ve \u00f6zg\u00fcrl\u00fck m\u00fccadelesinden vazge\u00e7memektedir.<\/p>\n<p>#Gazze #Filistin #Cebaliye #Siyonist\u0130\u015fgal #\u0130srailZulm\u00fc #\u0130nsanl\u0131kSu\u00e7u #M\u00fclteciKamp\u0131 #Sald\u0131r\u0131 #Direni\u015f #FilistinHalk\u0131<\/p>\n<\/div>\n","protected":false},"excerpt":{"rendered":"<p>Siyonist \u0130\u015fgal G\u00fc\u00e7lerinin Gazze&#8217;deki Vah\u015feti: Cebaliye Kamp\u0131nda Bir Filistinli Yaraland\u0131 Gazze \u015eeridi&#8216;nin kuzeyindeki Cebaliye m\u00fclteci kamp\u0131nda, Pazar ak\u015fam\u0131 Siyonist i\u015fgal g\u00fc\u00e7lerinin a\u00e7t\u0131\u011f\u0131 ate\u015f sonucu bir Filistinli a\u011f\u0131r yaraland\u0131. Wafa haber ajans\u0131n\u0131n bildirdi\u011fine g\u00f6re, bu vah\u015fi sald\u0131r\u0131 b\u00f6lgedeki gerilimi bir kez daha t\u0131rmand\u0131rd\u0131. Raporda, i\u015fgal g\u00fc\u00e7lerinin kamp\u0131n El-Faluja b\u00f6lgesine do\u011fru rastgele ate\u015f a\u00e7t\u0131\u011f\u0131 ve ger\u00e7ek mermilerle [&hellip;]<\/p>\n","protected":false},"author":2,"featured_media":10298,"comment_status":"open","ping_status":"open","sticky":false,"template":"","format":"standard","meta":{"footnotes":""},"categories":[37],"tags":[],"class_list":["post-10297","post","type-post","status-publish","format-standard","has-post-thumbnail","hentry","category-orta-dogu-haberleri"],"_links":{"self":[{"href":"https:\/\/fajr.news\/index.php?rest_route=\/wp\/v2\/posts\/10297","targetHints":{"allow":["GET"]}}],"collection":[{"href":"https:\/\/fajr.news\/index.php?rest_route=\/wp\/v2\/posts"}],"about":[{"href":"https:\/\/fajr.news\/index.php?rest_route=\/wp\/v2\/types\/post"}],"author":[{"embeddable":true,"href":"https:\/\/fajr.news\/index.php?rest_route=\/wp\/v2\/users\/2"}],"replies":[{"embeddable":true,"href":"https:\/\/fajr.news\/index.php?rest_route=%2Fwp%2Fv2%2Fcomments&post=10297"}],"version-history":[{"count":0,"href":"https:\/\/fajr.news\/index.php?rest_route=\/wp\/v2\/posts\/10297\/revisions"}],"wp:featuredmedia":[{"embeddable":true,"href":"https:\/\/fajr.news\/index.php?rest_route=\/wp\/v2\/media\/10298"}],"wp:attachment":[{"href":"https:\/\/fajr.news\/index.php?rest_route=%2Fwp%2Fv2%2Fmedia&parent=10297"}],"wp:term":[{"taxonomy":"category","embeddable":true,"href":"https:\/\/fajr.news\/index.php?rest_route=%2Fwp%2Fv2%2Fcategories&post=10297"},{"taxonomy":"post_tag","embeddable":true,"href":"https:\/\/fajr.news\/index.php?rest_route=%2Fwp%2Fv2%2Ftags&post=10297"}],"curies":[{"name":"wp","href":"https:\/\/api.w.org\/{rel}","templated":true}]}}