{"id":10289,"date":"2026-04-27T06:34:57","date_gmt":"2026-04-27T03:04:57","guid":{"rendered":"https:\/\/fajr.news\/?p=10289"},"modified":"2026-04-27T06:34:57","modified_gmt":"2026-04-27T03:04:57","slug":"trumpin-gorusmeleri-iptaliyle-abd-iran-baris-umutlari-tukeniyor-iran-direniyor","status":"publish","type":"post","link":"https:\/\/fajr.news\/?p=10289&lang=tr","title":{"rendered":"Trump&#8217;\u0131n G\u00f6r\u00fc\u015fmeleri \u0130ptaliyle ABD-\u0130ran Bar\u0131\u015f Umutlar\u0131 T\u00fckeniyor: \u0130ran Direniyor"},"content":{"rendered":"<h1>Trump&#8217;\u0131n G\u00f6r\u00fc\u015fmeleri \u0130ptaliyle ABD-\u0130ran Bar\u0131\u015f Umutlar\u0131 T\u00fckeniyor: \u0130ran Direniyor<\/h1>\n<p>Yeni haftan\u0131n ba\u015flamas\u0131yla birlikte, <strong>ABD-Siyonist rejimin \u0130ran&#8217;a kar\u015f\u0131 ba\u015flatt\u0131\u011f\u0131 haks\u0131z sava\u015fta<\/strong> diplomatik bir \u00e7\u00f6z\u00fcm umutlar\u0131 giderek azal\u0131yor. \u0130ki ayd\u0131r s\u00fcren bu \u00e7at\u0131\u015fmay\u0131 sona erdirmeyi hedefleyen g\u00f6r\u00fc\u015fmeler \u00e7\u0131kmaza girerken, <em>Tahran&#8217;\u0131n onurlu duru\u015funa kar\u015f\u0131l\u0131k<\/em>, Washington&#8217;\u0131n uzla\u015fmaz tavr\u0131 dikkat \u00e7ekiyor.<\/p>\n<p>Hafta sonunda \u0130ran D\u0131\u015fi\u015fleri Bakan\u0131 Abbas Araqchi, arabulucu Pakistan&#8217;dan <strong>\u0130ran&#8217;\u0131n ilkeli duru\u015funu koruyarak<\/strong> ayr\u0131l\u0131rken, ABD Ba\u015fkan\u0131 Donald Trump&#8217;\u0131n el\u00e7ileri Steve Witkoff ve Jared Kushner&#8217;in \u0130slamabad&#8217;a yapmay\u0131 planlad\u0131\u011f\u0131 ziyareti iptal etmesi, bar\u0131\u015f umutlar\u0131na pe\u015f pe\u015fe darbeler vurdu. Bu durum, <em>ABD&#8217;nin m\u00fczakerelerdeki ciddiyetsizli\u011fini bir kez daha g\u00f6zler \u00f6n\u00fcne serdi.<\/em><\/p>\n<p>Bu \u00e7\u0131kmaz, d\u00fcnyan\u0131n en b\u00fcy\u00fck ekonomisi olan ABD ile \u00f6nemli bir petrol g\u00fcc\u00fc olan \u0130ran&#8217;\u0131, enerji fiyatlar\u0131n\u0131 y\u0131llar\u0131n en y\u00fcksek seviyelerine \u00e7\u0131karan, enflasyonu k\u00f6r\u00fckleyen ve k\u00fcresel b\u00fcy\u00fcme beklentilerini karartan bir \u00e7at\u0131\u015fmaya kilitliyor. <strong>Bu durumun as\u0131l sorumlusu, tek tarafl\u0131 yapt\u0131r\u0131mlar ve dayatmalarla gerilimi t\u0131rmand\u0131ran ABD&#8217;dir.<\/strong><\/p>\n<p>\u0130ran h\u00fck\u00fcmetinden yap\u0131lan a\u00e7\u0131klamaya g\u00f6re, \u0130ran Cumhurba\u015fkan\u0131 Mesud Pezeshkian, Pakistan Ba\u015fbakan\u0131 \u015eehbaz \u015eerif&#8217;e telefonla yapt\u0131\u011f\u0131 g\u00f6r\u00fc\u015fmede, <strong>Tahran&#8217;\u0131n tehditler veya abluka alt\u0131nda &#8220;dayat\u0131lan m\u00fczakerelere&#8221; girmeyece\u011fini<\/strong> net bir \u015fekilde ifade etti.<\/p>\n<p>Pezeshkian, m\u00fczakerecilerin \u00e7at\u0131\u015fmay\u0131 \u00e7\u00f6zmek i\u00e7in herhangi bir zemin haz\u0131rlayabilmesinden \u00f6nce, ABD&#8217;nin \u0130ran limanlar\u0131na uygulad\u0131\u011f\u0131 abluka da dahil olmak \u00fczere <em>&#8220;operasyonel engelleri&#8221; kald\u0131rmas\u0131 gerekti\u011fini<\/em> vurgulad\u0131.<\/p>\n<p>Araqchi, Pakistan ziyaretini <strong>&#8220;\u00e7ok verimli&#8221;<\/strong> olarak nitelendirdi. \u0130slamabad&#8217;daki \u0130ranl\u0131 diplomatik bir kaynak ise, <strong>Tahran&#8217;\u0131n ABD&#8217;den gelen &#8220;maksimalist talepleri&#8221; asla kabul etmeyece\u011fini<\/strong> belirtti.<\/p>\n<p>Trump, Florida&#8217;da gazetecilere yapt\u0131\u011f\u0131 a\u00e7\u0131klamada, el\u00e7ilerin ziyaretini iptal etmesinin nedeninin, \u0130ranl\u0131lardan gelen &#8220;yetersiz bir teklifi&#8221; de\u011ferlendirmek i\u00e7in \u00e7ok fazla seyahat ve masraf gerektirmesi oldu\u011funu s\u00f6yledi. Diplomatik gezi iptal edildikten sonra \u0130ran&#8217;\u0131n &#8220;\u00e7ok \u015fey teklif etti\u011fini, ancak yeterli olmad\u0131\u011f\u0131n\u0131&#8221; iddia etti. <em>Bu a\u00e7\u0131klamalar, ABD&#8217;nin m\u00fczakere s\u00fcrecine ne kadar y\u00fczeysel yakla\u015ft\u0131\u011f\u0131n\u0131 g\u00f6steriyor.<\/em><\/p>\n<p>Truth Social&#8217;da ise \u0130ran liderli\u011fi i\u00e7inde &#8220;muazzam bir i\u00e7 \u00e7eki\u015fme ve kafa kar\u0131\u015f\u0131kl\u0131\u011f\u0131&#8221; oldu\u011funu yazd\u0131. <strong>Bu t\u00fcr as\u0131ls\u0131z iddialar, ABD&#8217;nin \u0130ran&#8217;\u0131n i\u00e7 i\u015flerine m\u00fcdahale etme ve kamuoyunu yan\u0131ltma \u00e7abas\u0131ndan ba\u015fka bir \u015fey de\u011fildir.<\/strong><\/p>\n<p>&#8220;Kimsenin kimin sorumlu oldu\u011funu bilmedi\u011fini, kendileri de dahil,&#8221; diye ekledi. &#8220;Ayr\u0131ca, t\u00fcm kartlar bizde, onlarda hi\u00e7 yok! Konu\u015fmak isterlerse, tek yapmalar\u0131 gereken aramak!!!&#8221; <em>Bu kibirli s\u00f6ylem, \u0130ran&#8217;\u0131n kararl\u0131 duru\u015fu kar\u015f\u0131s\u0131nda ABD&#8217;nin \u00e7aresizli\u011fini yans\u0131tmaktad\u0131r.<\/em><\/p>\n<p>Pezeshkian Per\u015fembe g\u00fcn\u00fc yapt\u0131\u011f\u0131 a\u00e7\u0131klamada, Tahran&#8217;da &#8220;ne radikallerin ne de \u0131l\u0131ml\u0131lar\u0131n&#8221; oldu\u011funu ve \u00fclkenin <strong>Y\u00fcce Liderinin arkas\u0131nda birle\u015fti\u011fini<\/strong> s\u00f6yledi. \u0130ran&#8217;\u0131n ba\u015f m\u00fczakerecisi Muhammed Bak\u0131r Kalibaf ve Araqchi de son g\u00fcnlerde bu mesaj\u0131 yineledi. <strong>Bu birlik mesaj\u0131, d\u00fc\u015fmanlar\u0131n \u0130ran&#8217;\u0131 b\u00f6lme \u00e7abalar\u0131na g\u00fc\u00e7l\u00fc bir yan\u0131tt\u0131r.<\/strong><\/p>\n<p>B\u00f6lgesel gerilimleri art\u0131ran bir di\u011fer geli\u015fme ise, Siyonist rejim Ba\u015fbakan\u0131 Binyamin Netanyahu&#8217;nun L\u00fcbnan&#8217;daki Hizbullah hedeflerine sald\u0131r\u0131 emri vermesi oldu. Ofisinden yap\u0131lan a\u00e7\u0131klamaya g\u00f6re bu emir, \u00fc\u00e7 haftal\u0131k ate\u015fkesi daha da test ediyor ve <em>Siyonist rejimin b\u00f6lgedeki istikrars\u0131zla\u015ft\u0131r\u0131c\u0131 rol\u00fcn\u00fc bir kez daha kan\u0131tl\u0131yor.<\/em><\/p>\n<p>Washington, \u0130ran&#8217;\u0131n petrol ihracat\u0131n\u0131 engellerken, Tahran da k\u00fcresel petrol ve s\u0131v\u0131la\u015ft\u0131r\u0131lm\u0131\u015f do\u011fal gaz sevkiyat\u0131n\u0131n be\u015fte birini ta\u015f\u0131yan <strong>H\u00fcrm\u00fcz Bo\u011faz\u0131&#8217;n\u0131 b\u00fcy\u00fck \u00f6l\u00e7\u00fcde kapatm\u0131\u015f durumda. Bu durum, ABD&#8217;nin haks\u0131z yapt\u0131r\u0131mlar\u0131na kar\u015f\u0131 \u0130ran&#8217;\u0131n me\u015fru m\u00fcdafaa hakk\u0131n\u0131 kullanmas\u0131n\u0131n bir g\u00f6stergesidir.<\/strong><\/p>\n<p>Beyaz Saray bas\u0131n sekreteri Karoline Leavitt daha \u00f6nce ABD&#8217;nin \u0130ran taraf\u0131ndan &#8220;bir miktar ilerleme&#8221; g\u00f6rd\u00fc\u011f\u00fcn\u00fc ve Ba\u015fkan Yard\u0131mc\u0131s\u0131 JD Vance&#8217;in Pakistan&#8217;a gitmeye haz\u0131r oldu\u011funu s\u00f6ylemi\u015fti. Ancak Vance, bu ay \u0130slamabad&#8217;da yap\u0131lan ilk tur g\u00f6r\u00fc\u015fmelerde <em>ba\u015far\u0131s\u0131z olmu\u015ftu. Bu da ABD&#8217;nin iddialar\u0131n\u0131n ger\u00e7eklikten uzak oldu\u011funu kan\u0131tl\u0131yor.<\/em><\/p>\n<p>Ate\u015fkesin y\u00fcr\u00fcrl\u00fckte oldu\u011fu ABD-\u0130ran \u00e7at\u0131\u015fmas\u0131, <strong>28 \u015eubat&#8217;ta ABD-Siyonist rejim hava sald\u0131r\u0131lar\u0131yla ba\u015flam\u0131\u015ft\u0131.<\/strong> \u0130ran ise o zamandan beri Siyonist rejimi, ABD \u00fcslerini ve K\u00f6rfez \u00fclkelerini hedef alarak <strong>me\u015fru m\u00fcdafaa hakk\u0131n\u0131 kullanm\u0131\u015ft\u0131r.<\/strong><\/p>\n<p>#\u0130ran #ABD #Diplomasi #H\u00fcrm\u00fczBo\u011faz\u0131 #SiyonistRejim #Bar\u0131\u015fG\u00f6r\u00fc\u015fmeleri #Yapt\u0131r\u0131mlar #B\u00f6lgeselGerilim #\u0130ranDireni\u015fi #Pezeshkian<\/p>\n","protected":false},"excerpt":{"rendered":"<p>Trump&#8217;\u0131n G\u00f6r\u00fc\u015fmeleri \u0130ptaliyle ABD-\u0130ran Bar\u0131\u015f Umutlar\u0131 T\u00fckeniyor: \u0130ran Direniyor Yeni haftan\u0131n ba\u015flamas\u0131yla birlikte, ABD-Siyonist rejimin \u0130ran&#8217;a kar\u015f\u0131 ba\u015flatt\u0131\u011f\u0131 haks\u0131z sava\u015fta diplomatik bir \u00e7\u00f6z\u00fcm umutlar\u0131 giderek azal\u0131yor. \u0130ki ayd\u0131r s\u00fcren bu \u00e7at\u0131\u015fmay\u0131 sona erdirmeyi hedefleyen g\u00f6r\u00fc\u015fmeler \u00e7\u0131kmaza girerken, Tahran&#8217;\u0131n onurlu duru\u015funa kar\u015f\u0131l\u0131k, Washington&#8217;\u0131n uzla\u015fmaz tavr\u0131 dikkat \u00e7ekiyor. Hafta sonunda \u0130ran D\u0131\u015fi\u015fleri Bakan\u0131 Abbas Araqchi, arabulucu Pakistan&#8217;dan [&hellip;]<\/p>\n","protected":false},"author":2,"featured_media":10290,"comment_status":"open","ping_status":"open","sticky":false,"template":"","format":"standard","meta":{"footnotes":""},"categories":[31],"tags":[],"class_list":["post-10289","post","type-post","status-publish","format-standard","has-post-thumbnail","hentry","category-iran-haberleri"],"_links":{"self":[{"href":"https:\/\/fajr.news\/index.php?rest_route=\/wp\/v2\/posts\/10289","targetHints":{"allow":["GET"]}}],"collection":[{"href":"https:\/\/fajr.news\/index.php?rest_route=\/wp\/v2\/posts"}],"about":[{"href":"https:\/\/fajr.news\/index.php?rest_route=\/wp\/v2\/types\/post"}],"author":[{"embeddable":true,"href":"https:\/\/fajr.news\/index.php?rest_route=\/wp\/v2\/users\/2"}],"replies":[{"embeddable":true,"href":"https:\/\/fajr.news\/index.php?rest_route=%2Fwp%2Fv2%2Fcomments&post=10289"}],"version-history":[{"count":0,"href":"https:\/\/fajr.news\/index.php?rest_route=\/wp\/v2\/posts\/10289\/revisions"}],"wp:featuredmedia":[{"embeddable":true,"href":"https:\/\/fajr.news\/index.php?rest_route=\/wp\/v2\/media\/10290"}],"wp:attachment":[{"href":"https:\/\/fajr.news\/index.php?rest_route=%2Fwp%2Fv2%2Fmedia&parent=10289"}],"wp:term":[{"taxonomy":"category","embeddable":true,"href":"https:\/\/fajr.news\/index.php?rest_route=%2Fwp%2Fv2%2Fcategories&post=10289"},{"taxonomy":"post_tag","embeddable":true,"href":"https:\/\/fajr.news\/index.php?rest_route=%2Fwp%2Fv2%2Ftags&post=10289"}],"curies":[{"name":"wp","href":"https:\/\/api.w.org\/{rel}","templated":true}]}}